{"id":20204,"date":"2017-11-22T23:22:36","date_gmt":"2017-11-23T05:22:36","guid":{"rendered":"http:\/\/www.porlalibreedomex.com\/?p=20204"},"modified":"2017-11-23T23:22:58","modified_gmt":"2017-11-24T05:22:58","slug":"reconoce-codhem-compromiso-de-legisladores-con-la-no-discriminacion","status":"publish","type":"post","link":"https:\/\/www.porlalibreedomex.com\/?p=20204","title":{"rendered":"RECONOCE CODHEM COMPROMISO DE  LEGISLADORES CON LA NO DISCRIMINACI\u00d3N"},"content":{"rendered":"<p class=\"m_6826444872186054916ydp28e8ec4fMsoNormal\" align=\"center\"><b>\u00a0<\/b><\/p>\n<p class=\"m_6826444872186054916ydp28e8ec4fMsoNormal\">\u00a0<a href=\"http:\/\/www.porlalibreedomex.com\/wp-content\/uploads\/2017\/10\/FOTO-BOL.-155-1.jpg\"><br \/>\n<\/a><\/p>\n<p class=\"m_6826444872186054916ydp28e8ec4fMsoNormal\">Toluca, M\u00e9xico, 22 de noviembre de 2017.- El presidente de la Comisi\u00f3n de Derechos Humanos del Estado de M\u00e9xico (Codhem), Jorge Olvera Garc\u00eda reconoci\u00f3 la disposici\u00f3n y el compromiso de los integrantes de la LIX legislatura local con la igualdad, la no discriminaci\u00f3n, el respeto y dignidad de todos los seres humanos, al aprobar modificaciones a la normatividad estatal.<\/p>\n<p class=\"m_6826444872186054916ydp28e8ec4fMsoNormal\">\u00a0Cuestionado sobre la relevancia de esa determinaci\u00f3n, el ombudsman mexiquense explic\u00f3 que al reformar la fracci\u00f3n I del art\u00edculo 23 de la Ley para Prevenir, Combatir y Eliminar Actos de Discriminaci\u00f3n en el Estado de M\u00e9xico y aumentar las sanciones pecuniarias a quienes incurran en actos de discriminaci\u00f3n, se inhibir\u00e1n conductas de este tipo.<\/p>\n<p class=\"m_6826444872186054916ydp28e8ec4fMsoNormal\">\u00a0Recalc\u00f3 que todas las personas tienen los mismos derechos humanos, por ello, la Codhem no permitir\u00e1 que alguna persona reciba un trato diferenciado por motivos de origen \u00e9tnico, sexo, g\u00e9nero, edad, discapacidad, condici\u00f3n social o econ\u00f3mica, de salud, embarazo, lengua, estado civil o cualquier otro, ya que esto atenta contra la dignidad humana.<\/p>\n<p class=\"m_6826444872186054916ydp28e8ec4fMsoNormal\">\u00a0Detall\u00f3 que con la reforma a la ley estatal en la materia, los particulares que incurran en actos de discriminaci\u00f3n, podr\u00e1n ser sancionados con la clausura temporal o definitiva; as\u00ed como la suspensi\u00f3n de permisos, licencia, autorizaci\u00f3n o concesi\u00f3n otorgada por autoridades municipales o estatales, por tanto, la Codhem celebra dichas modificaciones y vigilar\u00e1 su cumplimiento.<\/p>\n<p class=\"m_6826444872186054916ydp28e8ec4fMsoNormal\">\u00a0Asimismo, en congruencia con los principios de no violencia activa que privilegia la armon\u00eda entre todos los seres vivos, Olvera Garc\u00eda reconoci\u00f3 la sensibilidad de los diputados locales para abonar a la vida digna y bienestar de los animales, al establecer en el C\u00f3digo Penal sanciones por difundir en internet el maltrato animal, adem\u00e1s de se\u00f1alar la necesidad de tener albergues especializados para el cuidado de ejemplares decomisados, mientras son reubicados en zool\u00f3gicos o canalizados a organizaciones protectoras de fauna.<\/p>\n","protected":false},"excerpt":{"rendered":"<p>\u00a0 \u00a0 Toluca, M\u00e9xico, 22 de noviembre de 2017.- El presidente de la Comisi\u00f3n de Derechos Humanos del Estado de M\u00e9xico (Codhem), Jorge Olvera Garc\u00eda reconoci\u00f3 la disposici\u00f3n y el compromiso de los integrantes de la LIX legislatura local con la igualdad, la no discriminaci\u00f3n, el respeto y dignidad de todos los seres humanos, al [&hellip;]<\/p>\n","protected":false},"author":3,"featured_media":20023,"comment_status":"open","ping_status":"open","sticky":false,"template":"","format":"standard","meta":{"footnotes":""},"categories":[9157,16,9144],"tags":[488,6446,10056,10055],"class_list":{"0":"post-20204","1":"post","2":"type-post","3":"status-publish","4":"format-standard","5":"has-post-thumbnail","7":"category-edomex","8":"category-foto","9":"category-principal","10":"tag-jorge-olvera-garcia","11":"tag-no-discriminacion","12":"tag-reconocen-a-legisladores","13":"tag-reconocimiento-de-la-codhem"},"wps_subtitle":"\u00a0Tambi\u00e9n su sensibilidad para abonar al bienestar animal","_links":{"self":[{"href":"https:\/\/www.porlalibreedomex.com\/index.php?rest_route=\/wp\/v2\/posts\/20204","targetHints":{"allow":["GET"]}}],"collection":[{"href":"https:\/\/www.porlalibreedomex.com\/index.php?rest_route=\/wp\/v2\/posts"}],"about":[{"href":"https:\/\/www.porlalibreedomex.com\/index.php?rest_route=\/wp\/v2\/types\/post"}],"author":[{"embeddable":true,"href":"https:\/\/www.porlalibreedomex.com\/index.php?rest_route=\/wp\/v2\/users\/3"}],"replies":[{"embeddable":true,"href":"https:\/\/www.porlalibreedomex.com\/index.php?rest_route=%2Fwp%2Fv2%2Fcomments&post=20204"}],"version-history":[{"count":2,"href":"https:\/\/www.porlalibreedomex.com\/index.php?rest_route=\/wp\/v2\/posts\/20204\/revisions"}],"predecessor-version":[{"id":20206,"href":"https:\/\/www.porlalibreedomex.com\/index.php?rest_route=\/wp\/v2\/posts\/20204\/revisions\/20206"}],"wp:featuredmedia":[{"embeddable":true,"href":"https:\/\/www.porlalibreedomex.com\/index.php?rest_route=\/wp\/v2\/media\/20023"}],"wp:attachment":[{"href":"https:\/\/www.porlalibreedomex.com\/index.php?rest_route=%2Fwp%2Fv2%2Fmedia&parent=20204"}],"wp:term":[{"taxonomy":"category","embeddable":true,"href":"https:\/\/www.porlalibreedomex.com\/index.php?rest_route=%2Fwp%2Fv2%2Fcategories&post=20204"},{"taxonomy":"post_tag","embeddable":true,"href":"https:\/\/www.porlalibreedomex.com\/index.php?rest_route=%2Fwp%2Fv2%2Ftags&post=20204"}],"curies":[{"name":"wp","href":"https:\/\/api.w.org\/{rel}","templated":true}]}}