{"id":20075,"date":"2017-11-09T18:22:42","date_gmt":"2017-11-10T00:22:42","guid":{"rendered":"http:\/\/www.porlalibreedomex.com\/?p=20075"},"modified":"2017-11-11T18:23:13","modified_gmt":"2017-11-12T00:23:13","slug":"reitera-rechazo-a-la-pena-de-muerte-la-codhem","status":"publish","type":"post","link":"https:\/\/www.porlalibreedomex.com\/?p=20075","title":{"rendered":"REITERA RECHAZO A LA PENA DE MUERTE LA CODHEM"},"content":{"rendered":"<p class=\"m_8980084577812942342ydp70bcc772MsoListParagraphCxSpLast\"><b>\u00a0<\/b><\/p>\n<p class=\"m_8980084577812942342ydp70bcc772MsoNormal\">Toluca, M\u00e9xico, 9 noviembre de 2017.- La Comisi\u00f3n de Derechos Humanos del Estado de M\u00e9xico (Codhem) se pronunci\u00f3 por el rechazo a la pena de muerte, al considerar que es una medida que no es propia del hombre, ya que vulnera la esencia de la vida y violenta los derechos fundamentales.<\/p>\n<p class=\"m_8980084577812942342ydp70bcc772MsoNormal\">\u00a0Al referirse a la <strong>ejecuci\u00f3n del mexicano Rub\u00e9n C\u00e1rdenas Ram\u00edrez en Texas, Estados Unidos,<\/strong> la Codhem subray\u00f3 que esa pr\u00e1ctica no es la v\u00eda para la correcta impartici\u00f3n de justicia, porque lacera el tejido social y, sus consecuencias son irreparables, fractura a las familias y relaciones entre naciones.<\/p>\n<p class=\"m_8980084577812942342ydp70bcc772MsoNormal\">\u00a0En ese sentido, la Codhem hizo un llamado a las autoridades, organismos de derechos humanos, organizaciones civiles y a la sociedad en general para unirse en defensa de la vida, ya que \u00e9sta siempre debe privilegiarse.<\/p>\n","protected":false},"excerpt":{"rendered":"<p>\u00a0 Toluca, M\u00e9xico, 9 noviembre de 2017.- La Comisi\u00f3n de Derechos Humanos del Estado de M\u00e9xico (Codhem) se pronunci\u00f3 por el rechazo a la pena de muerte, al considerar que es una medida que no es propia del hombre, ya que vulnera la esencia de la vida y violenta los derechos fundamentales. \u00a0Al referirse a [&hellip;]<\/p>\n","protected":false},"author":3,"featured_media":20023,"comment_status":"open","ping_status":"open","sticky":false,"template":"","format":"standard","meta":{"footnotes":""},"categories":[9157,16,9149],"tags":[10012],"class_list":{"0":"post-20075","1":"post","2":"type-post","3":"status-publish","4":"format-standard","5":"has-post-thumbnail","7":"category-edomex","8":"category-foto","9":"category-policiaca","10":"tag-codhem-contra-la-pena-de-muerte"},"wps_subtitle":"\u00a0\u00a0Llamado a las autoridades, organismos y sociedad para defender la vida","_links":{"self":[{"href":"https:\/\/www.porlalibreedomex.com\/index.php?rest_route=\/wp\/v2\/posts\/20075","targetHints":{"allow":["GET"]}}],"collection":[{"href":"https:\/\/www.porlalibreedomex.com\/index.php?rest_route=\/wp\/v2\/posts"}],"about":[{"href":"https:\/\/www.porlalibreedomex.com\/index.php?rest_route=\/wp\/v2\/types\/post"}],"author":[{"embeddable":true,"href":"https:\/\/www.porlalibreedomex.com\/index.php?rest_route=\/wp\/v2\/users\/3"}],"replies":[{"embeddable":true,"href":"https:\/\/www.porlalibreedomex.com\/index.php?rest_route=%2Fwp%2Fv2%2Fcomments&post=20075"}],"version-history":[{"count":1,"href":"https:\/\/www.porlalibreedomex.com\/index.php?rest_route=\/wp\/v2\/posts\/20075\/revisions"}],"predecessor-version":[{"id":20076,"href":"https:\/\/www.porlalibreedomex.com\/index.php?rest_route=\/wp\/v2\/posts\/20075\/revisions\/20076"}],"wp:featuredmedia":[{"embeddable":true,"href":"https:\/\/www.porlalibreedomex.com\/index.php?rest_route=\/wp\/v2\/media\/20023"}],"wp:attachment":[{"href":"https:\/\/www.porlalibreedomex.com\/index.php?rest_route=%2Fwp%2Fv2%2Fmedia&parent=20075"}],"wp:term":[{"taxonomy":"category","embeddable":true,"href":"https:\/\/www.porlalibreedomex.com\/index.php?rest_route=%2Fwp%2Fv2%2Fcategories&post=20075"},{"taxonomy":"post_tag","embeddable":true,"href":"https:\/\/www.porlalibreedomex.com\/index.php?rest_route=%2Fwp%2Fv2%2Ftags&post=20075"}],"curies":[{"name":"wp","href":"https:\/\/api.w.org\/{rel}","templated":true}]}}