{"id":19809,"date":"2017-10-15T12:27:15","date_gmt":"2017-10-15T17:27:15","guid":{"rendered":"http:\/\/www.porlalibreedomex.com\/?p=19809"},"modified":"2017-10-15T14:48:09","modified_gmt":"2017-10-15T19:48:09","slug":"hoy-el-gran-cierre-de-quimera-2017-con-taraf-haidokous-rumania","status":"publish","type":"post","link":"https:\/\/www.porlalibreedomex.com\/?p=19809","title":{"rendered":"Hoy, el gran cierre de Quimera 2017, con Taraf de Haidouks (Rumania)"},"content":{"rendered":"<p><iframe loading=\"lazy\"  id=\"_ytid_71164\"  width=\"696\" height=\"522\"  data-origwidth=\"696\" data-origheight=\"522\" src=\"https:\/\/www.youtube.com\/embed\/pT4IufMeyYA?enablejsapi=1&#038;autoplay=1&#038;cc_load_policy=0&#038;cc_lang_pref=&#038;iv_load_policy=1&#038;loop=0&#038;rel=1&#038;fs=1&#038;playsinline=0&#038;autohide=2&#038;theme=dark&#038;color=red&#038;controls=1&#038;disablekb=0&#038;\" class=\"__youtube_prefs__  epyt-is-override  no-lazyload\" title=\"YouTube player\"  allow=\"fullscreen; accelerometer; autoplay; clipboard-write; encrypted-media; gyroscope; picture-in-picture; web-share\" referrerpolicy=\"strict-origin-when-cross-origin\" allowfullscreen data-no-lazy=\"1\" data-skipgform_ajax_framebjll=\"\"><\/iframe><\/p>\n<p>En el d\u00e9cimo d\u00eda de Quimera 2017, Festival de Arte y Cultura que se ha consolidado como el segundo m\u00e1s importante a nivel nacional, hoy domingo concluye con la presentaci\u00f3n de m\u00fasica gitana de Taraf de Haidouks.<\/p>\n<p>Lleno de vida, ritmo y tradici\u00f3n, no te lo puedes perder, a las 20 horas en la Plaza Ju\u00e1rez,\u00a0 del pueblo M\u00e1gico de Metepec.<\/p>\n<p>Fueron m\u00e1s de 200 espect\u00e1culos y actividades, todos gratuitos, organizados por la Direcci\u00f3n de Cultura del Gobierno Municipal que encabeza David L\u00f3pez C\u00e1rdenas.<\/p>\n<p>http:\/\/www.metepec.gob.mx\/pagina\/quimera.php\u00d2<\/p>\n","protected":false},"excerpt":{"rendered":"<p>En el d\u00e9cimo d\u00eda de Quimera 2017, Festival de Arte y Cultura que se ha consolidado como el segundo m\u00e1s importante a nivel nacional, hoy domingo concluye con la presentaci\u00f3n de m\u00fasica gitana de Taraf de Haidouks. Lleno de vida, ritmo y tradici\u00f3n, no te lo puedes perder, a las 20 horas en la Plaza [&hellip;]<\/p>\n","protected":false},"author":3,"featured_media":0,"comment_status":"open","ping_status":"open","sticky":false,"template":"","format":"standard","meta":{"footnotes":""},"categories":[53,9874,7549],"tags":[2806,2719,8710,9932],"class_list":{"0":"post-19809","1":"post","2":"type-post","3":"status-publish","4":"format-standard","6":"category-agenda","7":"category-festival-quimera-2017","8":"category-video","9":"tag-david-lopez-cardenas","10":"tag-metepec-pueblo-magico","11":"tag-quimera-2017","12":"tag-taraf-haidouks"},"wps_subtitle":"A las ocho de la noche en la Plaza Ju\u00e1rez de Metepec","_links":{"self":[{"href":"https:\/\/www.porlalibreedomex.com\/index.php?rest_route=\/wp\/v2\/posts\/19809","targetHints":{"allow":["GET"]}}],"collection":[{"href":"https:\/\/www.porlalibreedomex.com\/index.php?rest_route=\/wp\/v2\/posts"}],"about":[{"href":"https:\/\/www.porlalibreedomex.com\/index.php?rest_route=\/wp\/v2\/types\/post"}],"author":[{"embeddable":true,"href":"https:\/\/www.porlalibreedomex.com\/index.php?rest_route=\/wp\/v2\/users\/3"}],"replies":[{"embeddable":true,"href":"https:\/\/www.porlalibreedomex.com\/index.php?rest_route=%2Fwp%2Fv2%2Fcomments&post=19809"}],"version-history":[{"count":5,"href":"https:\/\/www.porlalibreedomex.com\/index.php?rest_route=\/wp\/v2\/posts\/19809\/revisions"}],"predecessor-version":[{"id":19824,"href":"https:\/\/www.porlalibreedomex.com\/index.php?rest_route=\/wp\/v2\/posts\/19809\/revisions\/19824"}],"wp:attachment":[{"href":"https:\/\/www.porlalibreedomex.com\/index.php?rest_route=%2Fwp%2Fv2%2Fmedia&parent=19809"}],"wp:term":[{"taxonomy":"category","embeddable":true,"href":"https:\/\/www.porlalibreedomex.com\/index.php?rest_route=%2Fwp%2Fv2%2Fcategories&post=19809"},{"taxonomy":"post_tag","embeddable":true,"href":"https:\/\/www.porlalibreedomex.com\/index.php?rest_route=%2Fwp%2Fv2%2Ftags&post=19809"}],"curies":[{"name":"wp","href":"https:\/\/api.w.org\/{rel}","templated":true}]}}