{"id":19797,"date":"2017-10-14T23:20:45","date_gmt":"2017-10-15T04:20:45","guid":{"rendered":"http:\/\/www.porlalibreedomex.com\/?p=19797"},"modified":"2017-10-14T23:20:45","modified_gmt":"2017-10-15T04:20:45","slug":"francisco-el-hombre-prendio-al-publico-de-quimera-2017","status":"publish","type":"post","link":"https:\/\/www.porlalibreedomex.com\/?p=19797","title":{"rendered":"\u00abFRANCISCO EL HOMBRE\u00bb PRENDI\u00d3 AL P\u00daBLICO DE QUIMERA 2017"},"content":{"rendered":"<ul>\n<li><em>La agrupaci\u00f3n M\u00e9xico-brasile\u00f1a resalt\u00f3 la importancia de la universalizaci\u00f3n de la cultura.<\/em><\/li>\n<\/ul>\n<p><strong>Pueblo M\u00e1gico de Metepec, M\u00e9xico, \u00a014 de octubre de 2017.-\u00a0<\/strong>\u00a0Con una fresca propuesta llena de ritmos que pusieron al p\u00fablico de Plaza Ju\u00e1rez a bailar y cantar, se present\u00f3 para cerrar la jornada del viernes en el Festival Internacional de Arte y Cultura Quimera 2017\u00a0<strong>Francisco el Hombre,\u00a0<\/strong>banda de rock formada por brasile\u00f1os, mexicanos y latinoamericanos, creada en el a\u00f1o de 2013 por los hermanos Sebasti\u00e1n y Mateo Pirac\u00e9s.<\/p>\n<p>Esta agrupaci\u00f3n mezcla elementos mexicanos y brasile\u00f1os basados en los viajes de los hermanos que han resultado en m\u00fasica cantada en espa\u00f1ol, ingl\u00e9s y portugu\u00e9s. Se definen como una banda de\u00a0<em>pachanga folk y h<\/em>an sido descritos como una mezcla entre Manu Chao y Nacao Zumbi por la revista\u00a0<em>Rolling Stone Brasil.\u00a0<\/em><\/p>\n<p>Hasta el 2015 hab\u00edan realizado dos giras por Sudam\u00e9rica, fue despu\u00e9s de un show en Mendoza, Argentina que fueron robados y perdieron todas sus pertenencias, incluyendo documentos e instrumentos. Lograron regresar a Brasil gracias a una intensiva campa\u00f1a en redes sociales realizada por amigos y la comunidad local, y con fondos recaudados por medio de shows en la v\u00eda p\u00fablica con instrumentos prestados.\u00a0 En conferencia de prensa sobre tal experiencia dijeron: \u201ctodo en la vida implica riesgos, y un incidente de ese tipo puede ocurrir en cualquier parte del mundo, nosotros amamos viajar y compartir con el p\u00fablico, nos parece maravilloso este esfuerzo de Quimera 2017, el poder subirnos a un escenario y tocar para la gente en una plaza p\u00fablica, que es de todos, y hacer llegar la cultura as\u00ed a la gente, es algo sin igual, definitivamente nos encant\u00f3 estar aqu\u00ed.\u201d<\/p>\n<p>Durante el concierto interpretaron:\u00a0<em>Calor da rua, como una flor, triste, louca ou ma, sincero, dilatada y dicen<\/em>entre otros temas. Al t\u00e9rmino de su concierto dijeron sentirse muy contentos de saber que estuvieron en un cartel con grandes bandas y agrupaciones y que continuar\u00e1n haciendo gira por M\u00e9xico, adem\u00e1s de prometer regresar lo m\u00e1s pronto posible.<\/p>\n<p><em>La Pachanga!\u00a0<\/em>es su EP lanzado en el a\u00f1o de 2015 con seis temas originales, mientras que en 2016 dieron inicio a la campa\u00f1a #VaiPraCuba, a trav\u00e9s de la cual planearon el financiamiento de un documental sobre cultura en la isla comunista. En junio de 2016 lanzaron su v\u00eddeo\u00a0<em>Calor da rua<\/em>\u00a0el cual trata el tema de la violencia dom\u00e9stica y estar\u00eda incluido en su \u00e1lbum debut SOTASBRUXA.<\/p>\n","protected":false},"excerpt":{"rendered":"<p>La agrupaci\u00f3n M\u00e9xico-brasile\u00f1a resalt\u00f3 la importancia de la universalizaci\u00f3n de la cultura. Pueblo M\u00e1gico de Metepec, M\u00e9xico, \u00a014 de octubre de 2017.-\u00a0\u00a0Con una fresca propuesta llena de ritmos que pusieron al p\u00fablico de Plaza Ju\u00e1rez a bailar y cantar, se present\u00f3 para cerrar la jornada del viernes en el Festival Internacional de Arte y Cultura [&hellip;]<\/p>\n","protected":false},"author":3,"featured_media":19798,"comment_status":"open","ping_status":"open","sticky":false,"template":"","format":"standard","meta":{"footnotes":""},"categories":[9874,16],"tags":[9928,9929,8710],"class_list":{"0":"post-19797","1":"post","2":"type-post","3":"status-publish","4":"format-standard","5":"has-post-thumbnail","7":"category-festival-quimera-2017","8":"category-foto","9":"tag-grupo-francisco-el-hombre","10":"tag-plaza-juarez-metepec","11":"tag-quimera-2017"},"wps_subtitle":"","_links":{"self":[{"href":"https:\/\/www.porlalibreedomex.com\/index.php?rest_route=\/wp\/v2\/posts\/19797","targetHints":{"allow":["GET"]}}],"collection":[{"href":"https:\/\/www.porlalibreedomex.com\/index.php?rest_route=\/wp\/v2\/posts"}],"about":[{"href":"https:\/\/www.porlalibreedomex.com\/index.php?rest_route=\/wp\/v2\/types\/post"}],"author":[{"embeddable":true,"href":"https:\/\/www.porlalibreedomex.com\/index.php?rest_route=\/wp\/v2\/users\/3"}],"replies":[{"embeddable":true,"href":"https:\/\/www.porlalibreedomex.com\/index.php?rest_route=%2Fwp%2Fv2%2Fcomments&post=19797"}],"version-history":[{"count":1,"href":"https:\/\/www.porlalibreedomex.com\/index.php?rest_route=\/wp\/v2\/posts\/19797\/revisions"}],"predecessor-version":[{"id":19799,"href":"https:\/\/www.porlalibreedomex.com\/index.php?rest_route=\/wp\/v2\/posts\/19797\/revisions\/19799"}],"wp:featuredmedia":[{"embeddable":true,"href":"https:\/\/www.porlalibreedomex.com\/index.php?rest_route=\/wp\/v2\/media\/19798"}],"wp:attachment":[{"href":"https:\/\/www.porlalibreedomex.com\/index.php?rest_route=%2Fwp%2Fv2%2Fmedia&parent=19797"}],"wp:term":[{"taxonomy":"category","embeddable":true,"href":"https:\/\/www.porlalibreedomex.com\/index.php?rest_route=%2Fwp%2Fv2%2Fcategories&post=19797"},{"taxonomy":"post_tag","embeddable":true,"href":"https:\/\/www.porlalibreedomex.com\/index.php?rest_route=%2Fwp%2Fv2%2Ftags&post=19797"}],"curies":[{"name":"wp","href":"https:\/\/api.w.org\/{rel}","templated":true}]}}