{"id":19752,"date":"2017-10-12T12:36:01","date_gmt":"2017-10-12T17:36:01","guid":{"rendered":"http:\/\/www.porlalibreedomex.com\/?p=19752"},"modified":"2017-10-13T12:36:21","modified_gmt":"2017-10-13T17:36:21","slug":"ofrece-el-gobernador-alfredo-del-mazo-impulsar-productos-mazahuas-a-gran-escala","status":"publish","type":"post","link":"https:\/\/www.porlalibreedomex.com\/?p=19752","title":{"rendered":"OFRECE EL GOBERNADOR ALFREDO DEL MAZO IMPULSAR PRODUCTOS MAZAHUAS A GRAN ESCALA"},"content":{"rendered":"<p><a href=\"http:\/\/www.porlalibreedomex.com\/wp-content\/uploads\/2017\/10\/Alfredo-del-Mazo-visita-a-Comunidades-Ind\u00edgenas-octubre-12.jpg\"><br \/>\n<\/a><\/p>\n<p>\u2022 Pide se revise cat\u00e1logo de comunidades ind\u00edgenas beneficiadas con apoyos sociales, para incrementar las localidades.<br \/>\n\u2022 Viven en el Estado de M\u00e9xico 3 millones de ind\u00edgenas.<br \/>\nSan Felipe del Progreso, M\u00e9xico, 12 de octubre de 2017.- El Gobernador Alfredo Del Mazo Maza se comprometi\u00f3 a dar recursos para que la comunidad ind\u00edgena mazahua adquiera maquinaria e insumos para incrementar la producci\u00f3n de sus art\u00edculos y mejorar su distribuci\u00f3n y venta.<br \/>\n\u00abLos vamos a ayudar a vender estos productos que hacen ustedes, que los vendamos no s\u00f3lo en los mercados, sino a gran escala.<br \/>\n\u00abPara eso se requiere capacitaci\u00f3n, se requiere financiamiento, se requiere que les demos recursos para que ustedes puedan comprar la maquinaria y poder comprar los insumos para poder hacerlo\u00bb, subray\u00f3 el mandatario estatal.<br \/>\nDurante el 23 Aniversario del Consejo Estatal para el Desarrollo Integral de los Pueblos Ind\u00edgenas del Estado de M\u00e9xico (CEDIPIEM), Del Mazo Maza puso como ejemplo a Bel\u00e9n, una mujer mazahua que se dedica a vender mole y granola, y que con capacitaci\u00f3n y cr\u00e9ditos para adquirir maquinaria que le otorg\u00f3 el Instituto Mexiquense del Emprendedor, ahora vende sus productos a cadenas de restaurantes.<br \/>\nAlfredo Del Mazo instruy\u00f3 a revisar el cat\u00e1logo de las comunidades ind\u00edgenas beneficiadas con apoyos sociales, con la finalidad de incrementar el n\u00famero de localidades que reciben estos programas.<br \/>\nEn el Centro Ceremonial Mazahua, el Gobernador mexiquense fue recibido con una ceremonia tradicional mazahua, y ante integrantes de las etnias originarias del Estado de M\u00e9xico, mazahua, tlahuica, matlatzinca, nahua y otom\u00ed entreg\u00f3 apoyos de diferentes programas sociales.<\/p>\n<figure id=\"attachment_19754\" aria-describedby=\"caption-attachment-19754\" style=\"width: 289px\" class=\"wp-caption alignright\"><a href=\"http:\/\/www.porlalibreedomex.com\/wp-content\/uploads\/2017\/10\/Alfredo-del-Mazo-visita-comunidades-ind\u00edgenas-entrega-apoyos.jpg\"><img loading=\"lazy\" decoding=\"async\" class=\"size-medium wp-image-19754\" src=\"http:\/\/www.porlalibreedomex.com\/wp-content\/uploads\/2017\/10\/Alfredo-del-Mazo-visita-comunidades-ind\u00edgenas-entrega-apoyos-289x300.jpg\" alt=\"\" width=\"289\" height=\"300\" srcset=\"https:\/\/www.porlalibreedomex.com\/wp-content\/uploads\/2017\/10\/Alfredo-del-Mazo-visita-comunidades-ind\u00edgenas-entrega-apoyos-289x300.jpg 289w, https:\/\/www.porlalibreedomex.com\/wp-content\/uploads\/2017\/10\/Alfredo-del-Mazo-visita-comunidades-ind\u00edgenas-entrega-apoyos-768x797.jpg 768w, https:\/\/www.porlalibreedomex.com\/wp-content\/uploads\/2017\/10\/Alfredo-del-Mazo-visita-comunidades-ind\u00edgenas-entrega-apoyos-986x1024.jpg 986w, https:\/\/www.porlalibreedomex.com\/wp-content\/uploads\/2017\/10\/Alfredo-del-Mazo-visita-comunidades-ind\u00edgenas-entrega-apoyos.jpg 1233w\" sizes=\"auto, (max-width: 289px) 100vw, 289px\" \/><\/a><figcaption id=\"caption-attachment-19754\" class=\"wp-caption-text\">EL GOBERNADOR Alfredo del Mazo entrega apoyos a ni\u00f1os ind\u00edgenas en el Centro Ceremonial Mazahua<\/figcaption><\/figure>\n<p>Entre ellos, canastas alimentarias y paquetes de \u00fatiles escolares de Apadrina a Un Ni\u00f1o Ind\u00edgena; material para construcci\u00f3n, media tonelada de cemento y tinaco de Vivienda Ind\u00edgena; as\u00ed como cobertores del de Bienestar Social y despensas para Adultos Mayores.<br \/>\nAlfredo Del Mazo invit\u00f3 a la sociedad civil, a servidores p\u00fablicos de los Poderes Ejecutivo, Legislativo y Judicial, adem\u00e1s del sector empresarial, a sumarse al programa Apadrina a un Ni\u00f1o Ind\u00edgena, para duplicar el n\u00famero de beneficiarios que actualmente tiene un padr\u00f3n de 10 mil menores de edad.<br \/>\nPreviamente, el Gobernador Alfredo Del Mazo y el Secretario de Desarrollo Social, \u00c9ric Sevilla Montes de Oca, visitaron el centro de la comunidad de San Pedro El Alto, donde conocieron el trabajo de los grupos artesanales de esta regi\u00f3n.<br \/>\nEl titular del Ejecutivo mexiquense platic\u00f3 con los artesanos mazahuas, dedicados al trabajo en bordado, grabado en plata o preparaci\u00f3n de alimentos t\u00edpicos de la zona norte de la entidad.<br \/>\nEllos le presentaron sus trabajos y le explicaron el significado de los elementos y los s\u00edmbolos que emplean en sus bordados y grabados, adem\u00e1s le obsequiaron un chaleco de lana, caracter\u00edstico de este grupo ind\u00edgena.<br \/>\nEn el Estado de M\u00e9xico radican 3 millones de ind\u00edgenas, tanto de los cinco pueblos originarios como de avecindados en la entidad, como mixtecos, mazatecos, zapotecos, totonacas, mixe, entre otros.<\/p>\n","protected":false},"excerpt":{"rendered":"<p>\u2022 Pide se revise cat\u00e1logo de comunidades ind\u00edgenas beneficiadas con apoyos sociales, para incrementar las localidades. \u2022 Viven en el Estado de M\u00e9xico 3 millones de ind\u00edgenas. San Felipe del Progreso, M\u00e9xico, 12 de octubre de 2017.- El Gobernador Alfredo Del Mazo Maza se comprometi\u00f3 a dar recursos para que la comunidad ind\u00edgena mazahua adquiera [&hellip;]<\/p>\n","protected":false},"author":3,"featured_media":19753,"comment_status":"open","ping_status":"open","sticky":false,"template":"","format":"standard","meta":{"footnotes":""},"categories":[9146,9157,16],"tags":[],"class_list":{"0":"post-19752","1":"post","2":"type-post","3":"status-publish","4":"format-standard","5":"has-post-thumbnail","7":"category-economia","8":"category-edomex","9":"category-foto"},"wps_subtitle":"Habr\u00e1 capacitaci\u00f3n y financiamiento para que la comunidad ind\u00edgena compre maquinaria e insumos.","_links":{"self":[{"href":"https:\/\/www.porlalibreedomex.com\/index.php?rest_route=\/wp\/v2\/posts\/19752","targetHints":{"allow":["GET"]}}],"collection":[{"href":"https:\/\/www.porlalibreedomex.com\/index.php?rest_route=\/wp\/v2\/posts"}],"about":[{"href":"https:\/\/www.porlalibreedomex.com\/index.php?rest_route=\/wp\/v2\/types\/post"}],"author":[{"embeddable":true,"href":"https:\/\/www.porlalibreedomex.com\/index.php?rest_route=\/wp\/v2\/users\/3"}],"replies":[{"embeddable":true,"href":"https:\/\/www.porlalibreedomex.com\/index.php?rest_route=%2Fwp%2Fv2%2Fcomments&post=19752"}],"version-history":[{"count":1,"href":"https:\/\/www.porlalibreedomex.com\/index.php?rest_route=\/wp\/v2\/posts\/19752\/revisions"}],"predecessor-version":[{"id":19755,"href":"https:\/\/www.porlalibreedomex.com\/index.php?rest_route=\/wp\/v2\/posts\/19752\/revisions\/19755"}],"wp:featuredmedia":[{"embeddable":true,"href":"https:\/\/www.porlalibreedomex.com\/index.php?rest_route=\/wp\/v2\/media\/19753"}],"wp:attachment":[{"href":"https:\/\/www.porlalibreedomex.com\/index.php?rest_route=%2Fwp%2Fv2%2Fmedia&parent=19752"}],"wp:term":[{"taxonomy":"category","embeddable":true,"href":"https:\/\/www.porlalibreedomex.com\/index.php?rest_route=%2Fwp%2Fv2%2Fcategories&post=19752"},{"taxonomy":"post_tag","embeddable":true,"href":"https:\/\/www.porlalibreedomex.com\/index.php?rest_route=%2Fwp%2Fv2%2Ftags&post=19752"}],"curies":[{"name":"wp","href":"https:\/\/api.w.org\/{rel}","templated":true}]}}