{"id":19734,"date":"2017-10-10T23:55:47","date_gmt":"2017-10-11T04:55:47","guid":{"rendered":"http:\/\/www.porlalibreedomex.com\/?p=19734"},"modified":"2017-10-11T23:56:07","modified_gmt":"2017-10-12T04:56:07","slug":"excelso-ciclo-de-piano-en-el-teatro-quimera","status":"publish","type":"post","link":"https:\/\/www.porlalibreedomex.com\/?p=19734","title":{"rendered":"\u00a0EXCELSO CICLO DE PIANO EN EL TEATRO QUIMERA"},"content":{"rendered":"<p>&nbsp;<\/p>\n<p>&nbsp;<\/p>\n<ul>\n<li><em>\u00a0El primer concierto estuvo a cargo de Eduardo Villalobos Trueba con repertorio que incluy\u00f3 a Bach, Rachmaninoff y Chopin.<\/em><\/li>\n<li><em>\u00a0 Se llev\u00f3 a cabo recital de violoncello de Laszlo Frater, acompa\u00f1ado al piano por Jos\u00e9 Luis Gonz\u00e1lez.<\/em><\/li>\n<\/ul>\n<div><strong>Pueblo M\u00e1gico de Metepec, M\u00e9xico, 10 de octubre de 2017.-<\/strong>\u00a0 Las actividades del Festival Internacional de Arte y Cultura Quimera 2017 contin\u00faan de manera ininterrumpida y el Teatro Quimera convertido ya en referente cultural, es sede del Ciclo de Piano que inici\u00f3\u00a0 con Eduardo Villalobos, estudiante del \u00faltimo semestre de la Licenciatura en Piano del Conservatorio de M\u00fasica del Estado de M\u00e9xico y quien se ha formado con maestros de talla internacional como Mercedes Pons Faena, Harold Martina e Igor Resnianski.<br \/>\n<a href=\"http:\/\/www.porlalibreedomex.com\/wp-content\/uploads\/2017\/10\/Quimera-2017-Chelo-y-Piano-concierto.jpg\"><img loading=\"lazy\" decoding=\"async\" class=\"alignleft size-medium wp-image-19736\" src=\"http:\/\/www.porlalibreedomex.com\/wp-content\/uploads\/2017\/10\/Quimera-2017-Chelo-y-Piano-concierto-300x200.jpg\" alt=\"\" width=\"300\" height=\"200\" srcset=\"https:\/\/www.porlalibreedomex.com\/wp-content\/uploads\/2017\/10\/Quimera-2017-Chelo-y-Piano-concierto-300x200.jpg 300w, https:\/\/www.porlalibreedomex.com\/wp-content\/uploads\/2017\/10\/Quimera-2017-Chelo-y-Piano-concierto-768x512.jpg 768w, https:\/\/www.porlalibreedomex.com\/wp-content\/uploads\/2017\/10\/Quimera-2017-Chelo-y-Piano-concierto-1024x683.jpg 1024w, https:\/\/www.porlalibreedomex.com\/wp-content\/uploads\/2017\/10\/Quimera-2017-Chelo-y-Piano-concierto.jpg 1800w\" sizes=\"auto, (max-width: 300px) 100vw, 300px\" \/><\/a><br \/>\nLos asistentes pudieron escuchar un repertorio que incluy\u00f3 Preludio y fuga No. 20 de Bach, Balada DeLirio de M. Camargo, Vals Po\u00e9tico de Felipe Villanueva, Sonata Op. 36 No. 2 (1931) de Rachmaninoff y Fantas\u00eda en Fa Menor Op. 49, de Chopin.M\u00e1s tarde estuvo en el escenario el maestro Laszlo Frater, director del Conservatorio de M\u00fasica del Estado de M\u00e9xico y uno de los violonchelistas m\u00e1s reconocidos de la actualidad, quien adem\u00e1s es parte de los disc\u00edpulos de artistas tales como Pablo Casals y Janos Starker. En su actuaci\u00f3n, dedic\u00f3 un tema a los damnificados por el sismo, como muestra de solidaridad y unidad como seres humanos.<\/p>\n<p>Laszlo deleit\u00f3 a los asistentes con un recital de violoncello, que estuvo acompa\u00f1ado por el piano del maestro Jos\u00e9 Luis Gonz\u00e1lez, quien estudi\u00f3 la licenciatura bajo la tutela de Mercedes Pons y posteriormente un posgrado con Manuel Delaflor. Es ganador de la Presea al M\u00e9rito 2010 del Conservatorio de M\u00fasica del Estado de M\u00e9xico (COMEM) y Primer Lugar en el Concurso Nacional de Piano \u201cParnassos 2011\u201d.<\/p>\n<p>Ha actuado como solista con la Orquesta Sinf\u00f3nica Juvenil del Estado de M\u00e9xico, la Orquesta Sinf\u00f3nica Juvenil de Nuevo Le\u00f3n, y recurrentemente invitado de la Orquesta Sinf\u00f3nica de la Universidad Aut\u00f3noma del Estado de Hidalgo y ha tomado clases maestras con Jorge Federico Osorio, Jorg Demus, Anatoly Zatin, Pavlina Dokovska, Mihail Markov, Jorge Luis Prats, Enrique B\u00e1tiz y Charles Webb, as\u00ed como con destacados coaches como Joan Dornemann y Vlad Iftinka.<\/p>\n<\/div>\n","protected":false},"excerpt":{"rendered":"<p>&nbsp; &nbsp; \u00a0El primer concierto estuvo a cargo de Eduardo Villalobos Trueba con repertorio que incluy\u00f3 a Bach, Rachmaninoff y Chopin. \u00a0 Se llev\u00f3 a cabo recital de violoncello de Laszlo Frater, acompa\u00f1ado al piano por Jos\u00e9 Luis Gonz\u00e1lez. Pueblo M\u00e1gico de Metepec, M\u00e9xico, 10 de octubre de 2017.-\u00a0 Las actividades del Festival Internacional de [&hellip;]<\/p>\n","protected":false},"author":3,"featured_media":19735,"comment_status":"open","ping_status":"open","sticky":false,"template":"","format":"standard","meta":{"footnotes":""},"categories":[9873,9874,16],"tags":[9905,9902,9904,9903,8710],"class_list":{"0":"post-19734","1":"post","2":"type-post","3":"status-publish","4":"format-standard","5":"has-post-thumbnail","7":"category-cultura","8":"category-festival-quimera-2017","9":"category-foto","10":"tag-chelo","11":"tag-conciertos-de-piano","12":"tag-jose-luis-gonzalez","13":"tag-laszlo-frater","14":"tag-quimera-2017"},"wps_subtitle":"Manifestaciones art\u00edsticas para todos los gustos:","_links":{"self":[{"href":"https:\/\/www.porlalibreedomex.com\/index.php?rest_route=\/wp\/v2\/posts\/19734","targetHints":{"allow":["GET"]}}],"collection":[{"href":"https:\/\/www.porlalibreedomex.com\/index.php?rest_route=\/wp\/v2\/posts"}],"about":[{"href":"https:\/\/www.porlalibreedomex.com\/index.php?rest_route=\/wp\/v2\/types\/post"}],"author":[{"embeddable":true,"href":"https:\/\/www.porlalibreedomex.com\/index.php?rest_route=\/wp\/v2\/users\/3"}],"replies":[{"embeddable":true,"href":"https:\/\/www.porlalibreedomex.com\/index.php?rest_route=%2Fwp%2Fv2%2Fcomments&post=19734"}],"version-history":[{"count":3,"href":"https:\/\/www.porlalibreedomex.com\/index.php?rest_route=\/wp\/v2\/posts\/19734\/revisions"}],"predecessor-version":[{"id":19739,"href":"https:\/\/www.porlalibreedomex.com\/index.php?rest_route=\/wp\/v2\/posts\/19734\/revisions\/19739"}],"wp:featuredmedia":[{"embeddable":true,"href":"https:\/\/www.porlalibreedomex.com\/index.php?rest_route=\/wp\/v2\/media\/19735"}],"wp:attachment":[{"href":"https:\/\/www.porlalibreedomex.com\/index.php?rest_route=%2Fwp%2Fv2%2Fmedia&parent=19734"}],"wp:term":[{"taxonomy":"category","embeddable":true,"href":"https:\/\/www.porlalibreedomex.com\/index.php?rest_route=%2Fwp%2Fv2%2Fcategories&post=19734"},{"taxonomy":"post_tag","embeddable":true,"href":"https:\/\/www.porlalibreedomex.com\/index.php?rest_route=%2Fwp%2Fv2%2Ftags&post=19734"}],"curies":[{"name":"wp","href":"https:\/\/api.w.org\/{rel}","templated":true}]}}