{"id":19725,"date":"2017-10-11T21:30:40","date_gmt":"2017-10-12T02:30:40","guid":{"rendered":"http:\/\/www.porlalibreedomex.com\/?p=19725"},"modified":"2017-10-11T21:30:40","modified_gmt":"2017-10-12T02:30:40","slug":"metepec-vivio-una-noche-resplandeciente-con-aterciopelados","status":"publish","type":"post","link":"https:\/\/www.porlalibreedomex.com\/?p=19725","title":{"rendered":"METEPEC VIVI\u00d3 UNA NOCHE RESPLANDECIENTE CON ATERCIOPELADOS"},"content":{"rendered":"<p>&nbsp;<\/p>\n<ul>\n<li><em>\u00a0La agrupaci\u00f3n colombiana interpret\u00f3 algunos de los \u00e9xitos de su m\u00e1s reciente producci\u00f3n discogr\u00e1fica.<\/em><\/li>\n<li><em>\u00a0Andrea Echeverri destac\u00f3 la importancia del respeto en cuestiones de g\u00e9nero y la paz.<\/em><\/li>\n<\/ul>\n<div>\n<strong>Pueblo M\u00e1gico de Metepec a 11 de octubre de 2017.-\u00a0<\/strong>El Festival Internacional de Arte y Cultura Quimera 2017, durante su quinta noche de actividades present\u00f3 como concierto de cierre a la agrupaci\u00f3n colombiana Aterciopelados, quienes estuvieron en Metepec provenientes de la gira que han emprendido durante los \u00faltimos dos a\u00f1os por Europa, Estados Unidos y Latinoam\u00e9rica.<a href=\"http:\/\/www.porlalibreedomex.com\/wp-content\/uploads\/2017\/10\/Quimera-2017-Entusiasmo-del-p\u00fablico-de-Los-Aterciopelados.jpg\"><img loading=\"lazy\" decoding=\"async\" class=\"aligncenter size-large wp-image-19727\" src=\"http:\/\/www.porlalibreedomex.com\/wp-content\/uploads\/2017\/10\/Quimera-2017-Entusiasmo-del-p\u00fablico-de-Los-Aterciopelados-1024x683.jpg\" alt=\"\" width=\"800\" height=\"534\" srcset=\"https:\/\/www.porlalibreedomex.com\/wp-content\/uploads\/2017\/10\/Quimera-2017-Entusiasmo-del-p\u00fablico-de-Los-Aterciopelados-1024x683.jpg 1024w, https:\/\/www.porlalibreedomex.com\/wp-content\/uploads\/2017\/10\/Quimera-2017-Entusiasmo-del-p\u00fablico-de-Los-Aterciopelados-300x200.jpg 300w, https:\/\/www.porlalibreedomex.com\/wp-content\/uploads\/2017\/10\/Quimera-2017-Entusiasmo-del-p\u00fablico-de-Los-Aterciopelados-768x512.jpg 768w, https:\/\/www.porlalibreedomex.com\/wp-content\/uploads\/2017\/10\/Quimera-2017-Entusiasmo-del-p\u00fablico-de-Los-Aterciopelados.jpg 1800w\" sizes=\"auto, (max-width: 800px) 100vw, 800px\" \/><\/a><\/p>\n<p>Durante conferencia de prensa previa a su presentaci\u00f3n, Andrea Echeverri y H\u00e9ctor Buitrago dijeron sentirse muy felices de estar en Metepec, en un festival como Quimera, adem\u00e1s de estar muy emocionados por las caracter\u00edsticas del Pueblo M\u00e1gico y su gente, qui\u00e9nes los sorprendieron de grata manera con su generosidad regal\u00e1ndoles art\u00edculos diversos \u2013 desde aretes, hasta una camisa de manta \u2013.<\/p>\n<p>Comentaron tambi\u00e9n que su nuevo material discogr\u00e1fico estar\u00e1 listo el pr\u00f3ximo a\u00f1o, probablemente en el mes de marzo y adelantaron que durante el concierto ofrecido tocar\u00edan su versi\u00f3n de \u201c<em>He venido a pedirte perd\u00f3n\u201d como\u00a0<\/em>homenaje a Juan Gabriel, adem\u00e1s de contar con una versi\u00f3n de\u00a0<em>\u201cM\u00e1tenme porque me muero\u201d de\u00a0<\/em>Caifanes, la cual grabaron tras ser invitados al Festival de D\u00eda de Muertos que se celebrar\u00e1 en Los \u00c1ngeles, California siendo la \u00fanica banda no mexicana invitada.<\/p>\n<figure id=\"attachment_19728\" aria-describedby=\"caption-attachment-19728\" style=\"width: 800px\" class=\"wp-caption aligncenter\"><a href=\"http:\/\/www.porlalibreedomex.com\/wp-content\/uploads\/2017\/10\/Quimera-2017-Andrea-Echeverri-de-Los-Aterciopelados.jpg\"><img loading=\"lazy\" decoding=\"async\" class=\"size-large wp-image-19728\" src=\"http:\/\/www.porlalibreedomex.com\/wp-content\/uploads\/2017\/10\/Quimera-2017-Andrea-Echeverri-de-Los-Aterciopelados-1024x683.jpg\" alt=\"\" width=\"800\" height=\"534\" srcset=\"https:\/\/www.porlalibreedomex.com\/wp-content\/uploads\/2017\/10\/Quimera-2017-Andrea-Echeverri-de-Los-Aterciopelados-1024x683.jpg 1024w, https:\/\/www.porlalibreedomex.com\/wp-content\/uploads\/2017\/10\/Quimera-2017-Andrea-Echeverri-de-Los-Aterciopelados-300x200.jpg 300w, https:\/\/www.porlalibreedomex.com\/wp-content\/uploads\/2017\/10\/Quimera-2017-Andrea-Echeverri-de-Los-Aterciopelados-768x512.jpg 768w, https:\/\/www.porlalibreedomex.com\/wp-content\/uploads\/2017\/10\/Quimera-2017-Andrea-Echeverri-de-Los-Aterciopelados.jpg 1800w\" sizes=\"auto, (max-width: 800px) 100vw, 800px\" \/><\/a><figcaption id=\"caption-attachment-19728\" class=\"wp-caption-text\">Andrea Echeverri, a todo lo que da !<\/figcaption><\/figure>\n<p>El concierto ofrecido en la Plaza Ju\u00e1rez de Metepec estuvo enmarcado en un ambiente festivo en el que priv\u00f3 el respeto y una actitud arm\u00f3nica, que permiti\u00f3 que este se llevara a cabo sin incidente alguno, con la interpretaci\u00f3n de temas como \u201c<em>Maligno\u201d, \u201cBaracunatana\u201d, \u201cEstuche\u201d y \u201cBolero falaz\u201d<\/em>\u00a0que lograron que la audiencia coreara con gusto.\n<\/div>\n","protected":false},"excerpt":{"rendered":"<p>&nbsp; \u00a0La agrupaci\u00f3n colombiana interpret\u00f3 algunos de los \u00e9xitos de su m\u00e1s reciente producci\u00f3n discogr\u00e1fica. \u00a0Andrea Echeverri destac\u00f3 la importancia del respeto en cuestiones de g\u00e9nero y la paz. Pueblo M\u00e1gico de Metepec a 11 de octubre de 2017.-\u00a0El Festival Internacional de Arte y Cultura Quimera 2017, durante su quinta noche de actividades present\u00f3 como [&hellip;]<\/p>\n","protected":false},"author":3,"featured_media":19726,"comment_status":"open","ping_status":"open","sticky":false,"template":"","format":"standard","meta":{"footnotes":""},"categories":[9874,16,9147],"tags":[9899,9897,9898],"class_list":{"0":"post-19725","1":"post","2":"type-post","3":"status-publish","4":"format-standard","5":"has-post-thumbnail","7":"category-festival-quimera-2017","8":"category-foto","9":"category-turismo","10":"tag-andrea-echeverri","11":"tag-los-aterciopelados-en-quimera-2017","12":"tag-quimera-2017-en-metepec"},"wps_subtitle":"","_links":{"self":[{"href":"https:\/\/www.porlalibreedomex.com\/index.php?rest_route=\/wp\/v2\/posts\/19725","targetHints":{"allow":["GET"]}}],"collection":[{"href":"https:\/\/www.porlalibreedomex.com\/index.php?rest_route=\/wp\/v2\/posts"}],"about":[{"href":"https:\/\/www.porlalibreedomex.com\/index.php?rest_route=\/wp\/v2\/types\/post"}],"author":[{"embeddable":true,"href":"https:\/\/www.porlalibreedomex.com\/index.php?rest_route=\/wp\/v2\/users\/3"}],"replies":[{"embeddable":true,"href":"https:\/\/www.porlalibreedomex.com\/index.php?rest_route=%2Fwp%2Fv2%2Fcomments&post=19725"}],"version-history":[{"count":1,"href":"https:\/\/www.porlalibreedomex.com\/index.php?rest_route=\/wp\/v2\/posts\/19725\/revisions"}],"predecessor-version":[{"id":19729,"href":"https:\/\/www.porlalibreedomex.com\/index.php?rest_route=\/wp\/v2\/posts\/19725\/revisions\/19729"}],"wp:featuredmedia":[{"embeddable":true,"href":"https:\/\/www.porlalibreedomex.com\/index.php?rest_route=\/wp\/v2\/media\/19726"}],"wp:attachment":[{"href":"https:\/\/www.porlalibreedomex.com\/index.php?rest_route=%2Fwp%2Fv2%2Fmedia&parent=19725"}],"wp:term":[{"taxonomy":"category","embeddable":true,"href":"https:\/\/www.porlalibreedomex.com\/index.php?rest_route=%2Fwp%2Fv2%2Fcategories&post=19725"},{"taxonomy":"post_tag","embeddable":true,"href":"https:\/\/www.porlalibreedomex.com\/index.php?rest_route=%2Fwp%2Fv2%2Ftags&post=19725"}],"curies":[{"name":"wp","href":"https:\/\/api.w.org\/{rel}","templated":true}]}}