{"id":19699,"date":"2017-10-08T15:50:33","date_gmt":"2017-10-08T20:50:33","guid":{"rendered":"http:\/\/www.porlalibreedomex.com\/?p=19699"},"modified":"2017-10-09T15:50:57","modified_gmt":"2017-10-09T20:50:57","slug":"a-reventar-la-plaza-juarez-de-metepec-para-disfrutar-el-ballet-folklorico-de-amalia-hernandez","status":"publish","type":"post","link":"https:\/\/www.porlalibreedomex.com\/?p=19699","title":{"rendered":"A REVENTAR LA PLAZA JU\u00c1REZ, DE METEPEC, PARA DISFRUTAR EL BALLET FOLKL\u00d3RICO DE AMALIA HERN\u00c1NDEZ"},"content":{"rendered":"<div><\/div>\n<div><\/div>\n<p>&nbsp;<\/p>\n<div><strong>Pueblo M\u00e1gico de Metepec, M\u00e9xico; 8 de octubre de 2017.\u00a0<\/strong>El foro de la Plaza Ju\u00e1rez de Metepec, estuvo a su m\u00e1xima capacidad la noche de la segunda jornada del Festival Quimera, donde el p\u00fablico disfrut\u00f3 la presentaci\u00f3n del Ballet Folkl\u00f3rico de Amalia Hern\u00e1ndez.<br \/>\nAcompa\u00f1amiento musical en vivo magistralmente coordinado con la presentaci\u00f3n de los bailarines, la agrupaci\u00f3n dedic\u00f3, entre 60 coreograf\u00edas, un completo y exquisito repertorio que incluy\u00f3 bailables de las regiones norte centro del pa\u00eds, adem\u00e1s de la Danza del Venado y de vistosas y siempre gustadas melod\u00edas caracter\u00edsticas de los estados de Jalisco y Veracruz.<div id='gallery-1' class='gallery galleryid-19699 gallery-columns-3 gallery-size-large'><figure class='gallery-item'>\n\t\t\t<div class='gallery-icon landscape'>\n\t\t\t\t<a href='https:\/\/www.porlalibreedomex.com\/?attachment_id=19701'><img loading=\"lazy\" decoding=\"async\" width=\"696\" height=\"464\" src=\"https:\/\/www.porlalibreedomex.com\/wp-content\/uploads\/2017\/10\/Quimera.-Ballet-Folkl\u00f3rico-Danza-del-Venado.jpg\" class=\"attachment-large size-large\" alt=\"\" srcset=\"https:\/\/www.porlalibreedomex.com\/wp-content\/uploads\/2017\/10\/Quimera.-Ballet-Folkl\u00f3rico-Danza-del-Venado.jpg 800w, https:\/\/www.porlalibreedomex.com\/wp-content\/uploads\/2017\/10\/Quimera.-Ballet-Folkl\u00f3rico-Danza-del-Venado-300x200.jpg 300w, https:\/\/www.porlalibreedomex.com\/wp-content\/uploads\/2017\/10\/Quimera.-Ballet-Folkl\u00f3rico-Danza-del-Venado-768x512.jpg 768w\" sizes=\"auto, (max-width: 696px) 100vw, 696px\" \/><\/a>\n\t\t\t<\/div><\/figure><figure class='gallery-item'>\n\t\t\t<div class='gallery-icon landscape'>\n\t\t\t\t<a href='https:\/\/www.porlalibreedomex.com\/?attachment_id=19702'><img loading=\"lazy\" decoding=\"async\" width=\"696\" height=\"464\" src=\"https:\/\/www.porlalibreedomex.com\/wp-content\/uploads\/2017\/10\/QUIMERA-Ballet-Folkl\u00f3rico-2.jpg\" class=\"attachment-large size-large\" alt=\"\" srcset=\"https:\/\/www.porlalibreedomex.com\/wp-content\/uploads\/2017\/10\/QUIMERA-Ballet-Folkl\u00f3rico-2.jpg 800w, https:\/\/www.porlalibreedomex.com\/wp-content\/uploads\/2017\/10\/QUIMERA-Ballet-Folkl\u00f3rico-2-300x200.jpg 300w, https:\/\/www.porlalibreedomex.com\/wp-content\/uploads\/2017\/10\/QUIMERA-Ballet-Folkl\u00f3rico-2-768x512.jpg 768w\" sizes=\"auto, (max-width: 696px) 100vw, 696px\" \/><\/a>\n\t\t\t<\/div><\/figure><figure class='gallery-item'>\n\t\t\t<div class='gallery-icon landscape'>\n\t\t\t\t<a href='https:\/\/www.porlalibreedomex.com\/?attachment_id=19703'><img loading=\"lazy\" decoding=\"async\" width=\"696\" height=\"464\" src=\"https:\/\/www.porlalibreedomex.com\/wp-content\/uploads\/2017\/10\/Quimera-Ballet-Folkl\u00f3rico-1.jpg\" class=\"attachment-large size-large\" alt=\"\" srcset=\"https:\/\/www.porlalibreedomex.com\/wp-content\/uploads\/2017\/10\/Quimera-Ballet-Folkl\u00f3rico-1.jpg 800w, https:\/\/www.porlalibreedomex.com\/wp-content\/uploads\/2017\/10\/Quimera-Ballet-Folkl\u00f3rico-1-300x200.jpg 300w, https:\/\/www.porlalibreedomex.com\/wp-content\/uploads\/2017\/10\/Quimera-Ballet-Folkl\u00f3rico-1-768x512.jpg 768w\" sizes=\"auto, (max-width: 696px) 100vw, 696px\" \/><\/a>\n\t\t\t<\/div><\/figure>\n\t\t<\/div>\n<br \/>\nEl clima fr\u00edo no fue impedimento para que m\u00e1s de seis mil personas, ocuparan lugares desde temprana hora, sabedores de la calidad de espect\u00e1culo que ofrecer\u00eda la prestigiada y multipremiada internacionalmente, Compa\u00f1\u00eda de Danza de Amalia Hern\u00e1ndez.<br \/>\nLa asombrosa presentaci\u00f3n de color y ritmo, tuvo en cada interpretaci\u00f3n ovaci\u00f3n multitudinaria de un p\u00fablico entregado a los artistas; el momento sublime fue cuando los artistas bajaron del escenario para convivir y bailar con la gente, dejando los asientos y el fr\u00edo para sustituirlos con el calor de notas r\u00edtmicas y mucho sabor.<br \/>\nEl legado de la core\u00f3grafa mexicana y fundadora del Ballet, Amalia Hern\u00e1ndez Navarro, dej\u00f3 huella en Quimera Metepec, que depara todav\u00eda muchas sorpresas durante los siguientes d\u00edas, con un programa familiar para todos los gustos.<\/div>\n","protected":false},"excerpt":{"rendered":"<p>&nbsp; Pueblo M\u00e1gico de Metepec, M\u00e9xico; 8 de octubre de 2017.\u00a0El foro de la Plaza Ju\u00e1rez de Metepec, estuvo a su m\u00e1xima capacidad la noche de la segunda jornada del Festival Quimera, donde el p\u00fablico disfrut\u00f3 la presentaci\u00f3n del Ballet Folkl\u00f3rico de Amalia Hern\u00e1ndez. Acompa\u00f1amiento musical en vivo magistralmente coordinado con la presentaci\u00f3n de los [&hellip;]<\/p>\n","protected":false},"author":3,"featured_media":19700,"comment_status":"open","ping_status":"open","sticky":false,"template":"","format":"standard","meta":{"footnotes":""},"categories":[9874,16,9147],"tags":[9890,9877,8710],"class_list":{"0":"post-19699","1":"post","2":"type-post","3":"status-publish","4":"format-standard","5":"has-post-thumbnail","7":"category-festival-quimera-2017","8":"category-foto","9":"category-turismo","10":"tag-ballet-folklorico-de-amalia-hernandez","11":"tag-festival-quimera-2017","12":"tag-quimera-2017"},"wps_subtitle":"Vivieron metepequenses noche de ensue\u00f1o...","_links":{"self":[{"href":"https:\/\/www.porlalibreedomex.com\/index.php?rest_route=\/wp\/v2\/posts\/19699","targetHints":{"allow":["GET"]}}],"collection":[{"href":"https:\/\/www.porlalibreedomex.com\/index.php?rest_route=\/wp\/v2\/posts"}],"about":[{"href":"https:\/\/www.porlalibreedomex.com\/index.php?rest_route=\/wp\/v2\/types\/post"}],"author":[{"embeddable":true,"href":"https:\/\/www.porlalibreedomex.com\/index.php?rest_route=\/wp\/v2\/users\/3"}],"replies":[{"embeddable":true,"href":"https:\/\/www.porlalibreedomex.com\/index.php?rest_route=%2Fwp%2Fv2%2Fcomments&post=19699"}],"version-history":[{"count":2,"href":"https:\/\/www.porlalibreedomex.com\/index.php?rest_route=\/wp\/v2\/posts\/19699\/revisions"}],"predecessor-version":[{"id":19705,"href":"https:\/\/www.porlalibreedomex.com\/index.php?rest_route=\/wp\/v2\/posts\/19699\/revisions\/19705"}],"wp:featuredmedia":[{"embeddable":true,"href":"https:\/\/www.porlalibreedomex.com\/index.php?rest_route=\/wp\/v2\/media\/19700"}],"wp:attachment":[{"href":"https:\/\/www.porlalibreedomex.com\/index.php?rest_route=%2Fwp%2Fv2%2Fmedia&parent=19699"}],"wp:term":[{"taxonomy":"category","embeddable":true,"href":"https:\/\/www.porlalibreedomex.com\/index.php?rest_route=%2Fwp%2Fv2%2Fcategories&post=19699"},{"taxonomy":"post_tag","embeddable":true,"href":"https:\/\/www.porlalibreedomex.com\/index.php?rest_route=%2Fwp%2Fv2%2Ftags&post=19699"}],"curies":[{"name":"wp","href":"https:\/\/api.w.org\/{rel}","templated":true}]}}