{"id":1966,"date":"2014-06-19T20:22:19","date_gmt":"2014-06-19T20:22:19","guid":{"rendered":"http:\/\/porlalibre.info\/?p=1966"},"modified":"2014-06-19T20:22:19","modified_gmt":"2014-06-19T20:22:19","slug":"deben-conocer-la-ley-las-autoridades-para-no-ser-injustos-con-indigenas-codhem","status":"publish","type":"post","link":"https:\/\/www.porlalibreedomex.com\/?p=1966","title":{"rendered":"DEBEN CONOCER LA LEY LAS AUTORIDADES, PARA NO SER INJUSTOS CON IND\u00cdGENAS: CODHEM"},"content":{"rendered":"<p><strong>**Realizan CODHEM y CNDH Foro de Acceso a la Justicia para dicho sector vulnerable<\/strong><\/p>\n<p style=\"text-align: justify;\"><strong>Valle de Bravo, M\u00e9xico, 19 de junio de 2014.-<\/strong> Conocer el derecho que le asiste a los pueblos y comunidades ind\u00edgenas permite combatir y erradicar conductas violentas; adem\u00e1s de ser un factor imprescindible para acceder a la justicia, hacer o\u00edr su voz y abatir la discriminaci\u00f3n a la que podr\u00edan ser sujetos por el desconocimiento sobre su forma de vida, afirm\u00f3 el ombudsman Marco Antonio Morales G\u00f3mez.<\/p>\n<p style=\"text-align: justify;\">Despu\u00e9s de una ceremonia tradicional mazahua para enmarcar los trabajos acad\u00e9micos del foro \u201cDerecho al Acceso a la Justicia para Pueblos Ind\u00edgenas\u201d, el presidente de la Comisi\u00f3n de Derechos Humanos del Estado de M\u00e9xico, subray\u00f3 que el desconocimiento de la cultura de la legalidad en los procesos interculturales lesiona el tejido social, por ello es necesario trabajar en una cultura de respeto a los derechos humanos y sumar esfuerzos para generar una visi\u00f3n de inclusi\u00f3n, que permita mejorar las condiciones de vida de los pueblos originarios.<\/p>\n<p style=\"text-align: justify;\"><!--more--><\/p>\n<p style=\"text-align: justify;\">El prop\u00f3sito del foro, al que asistieron m\u00e1s de 500 hombres, mujeres, ni\u00f1os y ni\u00f1as de la etnia mazahua, procedentes de diferentes localidades del Valle de Toluca, fue generar ideas y propuestas que partan de su contexto social y contribuyan al acceso a la justicia como un derecho humano.<\/p>\n<p style=\"text-align: justify;\">Ante funcionarios tanto de la Comisi\u00f3n Nacional de Derechos Humanos, Morales G\u00f3mez destac\u00f3 la importancia de que los grupos ind\u00edgenas conozcan y se vinculen a los procedimientos que salvaguardan sus derechos fundamentales, haciendo \u00e9nfasis en los elementos que componen su cultura e identidad.<\/p>\n<p style=\"text-align: justify;\">El ombudsman mexiquense reconoci\u00f3 que la diversidad cultural permite que los pueblos y comunidades ind\u00edgenas tengan sus propios sistemas normativos para resolver los conflictos intercomunitarios, considerados como usos y costumbres, mismos que, subray\u00f3, en ning\u00fan momento podr\u00e1n contravenir los preceptos de la Constituci\u00f3n Pol\u00edtica federal ni estatal, ni\u00a0\u00a0leyes o tratados internacionales, mucho menos vulnerar los derechos humanos.<\/p>\n<p style=\"text-align: justify;\">Record\u00f3 que la Ley de Derechos y Cultura del Estado de M\u00e9xico reconoce el derecho a la procuraci\u00f3n e impartici\u00f3n de justicia por parte del Estado, a los integrantes de los pueblos y comunidades originarias y garantiza los derechos humanos en todas las etapas procesales; por eso es indispensable ejercer ese derecho a trav\u00e9s de la representaci\u00f3n legal de sus defensores e int\u00e9rpretes, que conozcan la lengua y cultura del pueblo correspondiente, para permitir que el proceso judicial sea equitativo y justo.<\/p>\n<p style=\"text-align: justify;\">Cada individuo e instituci\u00f3n desde su rol social, a\u00f1adi\u00f3, deber\u00e1 contribuir en la construcci\u00f3n de una sociedad democr\u00e1tica e incluyente donde los pueblos y comunidades puedan acceder en igualdad de circunstancias a la justicia y se respete la dignidad de las personas.<\/p>\n<p style=\"text-align: justify;\">Por su parte, Leticia Escand\u00f3n Carrillo, Cuarta Visitadora General de la Comisi\u00f3n Nacional de los Derechos Humanos, dijo que los pueblos y comunidades ind\u00edgenas cuentan con un r\u00e9gimen jur\u00eddico especial, construido a la luz de la constitucionalidad y la convencionalidad, contenido en la Carta Magna, que reconoce y garantiza en el art\u00edculo segundo, el derecho de los pueblos y comunidades ind\u00edgenas a acceder libremente a la jurisdicci\u00f3n del Estado.<\/p>\n<p style=\"text-align: justify;\">Bajo esos postulados, indic\u00f3, los grupos y comunidades ind\u00edgenas poseen una plena protecci\u00f3n para ejercer sus derechos y la expresi\u00f3n de su identidad individual y colectiva; sin embargo, el reto que enfrenta el Estado mexicano, es materializar dichos pilares y en espec\u00edfico, conjugar las tradiciones, cultura y necesidades con el derecho contempor\u00e1neo de acceso a la justicia.<\/p>\n<p style=\"text-align: justify;\">Durante los trabajos, acad\u00e9micos y especialistas analizaron las principales problem\u00e1ticas que enfrentan los grupos ind\u00edgenas para acceder a la justicia, a fin de fortalecer la defensa de sus derechos humanos y lograr la inclusi\u00f3n en la sociedad; tambi\u00e9n se escuch\u00f3 la voz de representantes de la etnia, quienes externaron sus dudas.<\/p>\n","protected":false},"excerpt":{"rendered":"<p>**Realizan CODHEM y CNDH Foro de Acceso a la Justicia para dicho sector vulnerable Valle de Bravo, M\u00e9xico, 19 de junio de 2014.- Conocer el derecho que le asiste a los pueblos y comunidades ind\u00edgenas permite combatir y erradicar conductas violentas; adem\u00e1s de ser un factor imprescindible para acceder a la justicia, hacer o\u00edr su [&hellip;]<\/p>\n","protected":false},"author":2,"featured_media":0,"comment_status":"open","ping_status":"open","sticky":false,"template":"","format":"standard","meta":{"footnotes":""},"categories":[5,1],"tags":[1172,1173,1174,1175,1176],"class_list":{"0":"post-1966","1":"post","2":"type-post","3":"status-publish","4":"format-standard","6":"category-nota-informativa","7":"category-uncategorized","8":"tag-cndh","9":"tag-derecho-a-la-justicia-para-pueblos-indigenas","10":"tag-etnia-mazahua","11":"tag-for-en-valle-de-bravo","12":"tag-marco-antonio-morales"},"wps_subtitle":"","_links":{"self":[{"href":"https:\/\/www.porlalibreedomex.com\/index.php?rest_route=\/wp\/v2\/posts\/1966","targetHints":{"allow":["GET"]}}],"collection":[{"href":"https:\/\/www.porlalibreedomex.com\/index.php?rest_route=\/wp\/v2\/posts"}],"about":[{"href":"https:\/\/www.porlalibreedomex.com\/index.php?rest_route=\/wp\/v2\/types\/post"}],"author":[{"embeddable":true,"href":"https:\/\/www.porlalibreedomex.com\/index.php?rest_route=\/wp\/v2\/users\/2"}],"replies":[{"embeddable":true,"href":"https:\/\/www.porlalibreedomex.com\/index.php?rest_route=%2Fwp%2Fv2%2Fcomments&post=1966"}],"version-history":[{"count":0,"href":"https:\/\/www.porlalibreedomex.com\/index.php?rest_route=\/wp\/v2\/posts\/1966\/revisions"}],"wp:attachment":[{"href":"https:\/\/www.porlalibreedomex.com\/index.php?rest_route=%2Fwp%2Fv2%2Fmedia&parent=1966"}],"wp:term":[{"taxonomy":"category","embeddable":true,"href":"https:\/\/www.porlalibreedomex.com\/index.php?rest_route=%2Fwp%2Fv2%2Fcategories&post=1966"},{"taxonomy":"post_tag","embeddable":true,"href":"https:\/\/www.porlalibreedomex.com\/index.php?rest_route=%2Fwp%2Fv2%2Ftags&post=1966"}],"curies":[{"name":"wp","href":"https:\/\/api.w.org\/{rel}","templated":true}]}}