{"id":19657,"date":"2017-10-07T15:36:29","date_gmt":"2017-10-07T20:36:29","guid":{"rendered":"http:\/\/www.porlalibreedomex.com\/?p=19657"},"modified":"2017-10-07T15:37:50","modified_gmt":"2017-10-07T20:37:50","slug":"los-integrantes-de-pate-de-fua-consintieron-al-publico-de-quimera","status":"publish","type":"post","link":"https:\/\/www.porlalibreedomex.com\/?p=19657","title":{"rendered":"\u00a0LOS INTEGRANTES DE PAT\u00c9 DE FU\u00c1 CONSINTIERON AL P\u00daBLICO DE QUIMERA"},"content":{"rendered":"<ul>\n<li>Con m\u00e1s de 10 a\u00f1os de trayectoria, la agrupaci\u00f3n ofreci\u00f3 una noche musical con su peculiar estilo.<\/li>\n<\/ul>\n<div>\n<p><strong>Pueblo M\u00e0gico de Metepec, M\u00e8xico, 7 de octubre de 2017.<\/strong>\u00a0\u201cDespu\u00e9s de cuatro o cinco a\u00f1os regresamos al querido Festival Quimera de Metepec, estamos contentos de volver porque siempre nos trat\u00f3 bien el p\u00fablico de la zona, este es uno de los festivales que recordamos con m\u00e1s cari\u00f1o porque fueron maravillosos\u201d, expres\u00f3 Yayo Gonz\u00e1lez -vocalista y guitarrista de Pat\u00e9 de F\u00faa- previamente a salir al escenario.<\/p>\n<p>Con su caracter\u00edstico estilo que conjuga blues, jazz cl\u00e1sico, m\u00fasica, circense, musette y tango, la agrupaci\u00f3n mexicana con m\u00e1s de 10 a\u00f1os de trayectoria integrada por artistas argentinos, brasile\u00f1os, israelitas y nacionales, complaci\u00f3 a los asistentes de Quimera en la Plaza Benito Ju\u00e1rez, del Pueblo M\u00e1gico.<\/p>\n<div id='gallery-1' class='gallery galleryid-19657 gallery-columns-3 gallery-size-medium'><figure class='gallery-item'>\n\t\t\t<div class='gallery-icon landscape'>\n\t\t\t\t<a href='https:\/\/www.porlalibreedomex.com\/?attachment_id=19659'><img loading=\"lazy\" decoding=\"async\" width=\"300\" height=\"200\" src=\"https:\/\/www.porlalibreedomex.com\/wp-content\/uploads\/2017\/10\/Pat\u00e9-de-Fu\u00e1-Guitarra-300x200.jpg\" class=\"attachment-medium size-medium\" alt=\"\" srcset=\"https:\/\/www.porlalibreedomex.com\/wp-content\/uploads\/2017\/10\/Pat\u00e9-de-Fu\u00e1-Guitarra-300x200.jpg 300w, https:\/\/www.porlalibreedomex.com\/wp-content\/uploads\/2017\/10\/Pat\u00e9-de-Fu\u00e1-Guitarra-768x512.jpg 768w, https:\/\/www.porlalibreedomex.com\/wp-content\/uploads\/2017\/10\/Pat\u00e9-de-Fu\u00e1-Guitarra-1024x683.jpg 1024w, https:\/\/www.porlalibreedomex.com\/wp-content\/uploads\/2017\/10\/Pat\u00e9-de-Fu\u00e1-Guitarra.jpg 1800w\" sizes=\"auto, (max-width: 300px) 100vw, 300px\" \/><\/a>\n\t\t\t<\/div><\/figure><figure class='gallery-item'>\n\t\t\t<div class='gallery-icon landscape'>\n\t\t\t\t<a href='https:\/\/www.porlalibreedomex.com\/?attachment_id=19660'><img loading=\"lazy\" decoding=\"async\" width=\"300\" height=\"200\" src=\"https:\/\/www.porlalibreedomex.com\/wp-content\/uploads\/2017\/10\/Pat\u00e9-de-Fu\u00e1-Tromb\u00f3n-300x200.jpg\" class=\"attachment-medium size-medium\" alt=\"\" srcset=\"https:\/\/www.porlalibreedomex.com\/wp-content\/uploads\/2017\/10\/Pat\u00e9-de-Fu\u00e1-Tromb\u00f3n-300x200.jpg 300w, https:\/\/www.porlalibreedomex.com\/wp-content\/uploads\/2017\/10\/Pat\u00e9-de-Fu\u00e1-Tromb\u00f3n-768x512.jpg 768w, https:\/\/www.porlalibreedomex.com\/wp-content\/uploads\/2017\/10\/Pat\u00e9-de-Fu\u00e1-Tromb\u00f3n-1024x683.jpg 1024w, https:\/\/www.porlalibreedomex.com\/wp-content\/uploads\/2017\/10\/Pat\u00e9-de-Fu\u00e1-Tromb\u00f3n.jpg 1800w\" sizes=\"auto, (max-width: 300px) 100vw, 300px\" \/><\/a>\n\t\t\t<\/div><\/figure><figure class='gallery-item'>\n\t\t\t<div class='gallery-icon landscape'>\n\t\t\t\t<a href='https:\/\/www.porlalibreedomex.com\/?attachment_id=19661'><img loading=\"lazy\" decoding=\"async\" width=\"300\" height=\"200\" src=\"https:\/\/www.porlalibreedomex.com\/wp-content\/uploads\/2017\/10\/Pat\u00e9-de-Fu\u00e1-bajo-300x200.jpg\" class=\"attachment-medium size-medium\" alt=\"\" srcset=\"https:\/\/www.porlalibreedomex.com\/wp-content\/uploads\/2017\/10\/Pat\u00e9-de-Fu\u00e1-bajo-300x200.jpg 300w, https:\/\/www.porlalibreedomex.com\/wp-content\/uploads\/2017\/10\/Pat\u00e9-de-Fu\u00e1-bajo-768x512.jpg 768w, https:\/\/www.porlalibreedomex.com\/wp-content\/uploads\/2017\/10\/Pat\u00e9-de-Fu\u00e1-bajo-1024x683.jpg 1024w, https:\/\/www.porlalibreedomex.com\/wp-content\/uploads\/2017\/10\/Pat\u00e9-de-Fu\u00e1-bajo.jpg 1800w\" sizes=\"auto, (max-width: 300px) 100vw, 300px\" \/><\/a>\n\t\t\t<\/div><\/figure>\n\t\t<\/div>\n\n<p>Minutos despu\u00e9s de las nueve de la noche, Pat\u00e9 de Fu\u00e1 inici\u00f3 el concierto con el tema \u201cexranjero\u201d, logrando que el p\u00fablico se emocionara con cada acorde para seguir con la canci\u00f3n \u201ccolegiala\u201d.<\/p>\n<p>Aplausos y gritos de alegr\u00eda de sus seguidores, estuvieron presentes en todo momento, hecho que provoc\u00f3 que el grupo interpretara uno de sus mejores conciertos de Metepec.<\/p>\n<p>\u201cNosotros dos\u201d, \u201cTren\u201d, \u201cPel\u00edcula\u201d, \u201dLa Tempestad\u201d, \u201cAmparito\u201d, \u201cPaloma\u201d, \u201cMujer\u201d y \u201cS\u00faper\u201d, fueron algunos de los temas que sonaron en el centro del municipio.<\/p>\n<p>Actualmente,\u00a0<em>Pat\u00e9 de Fu\u00e1<\/em>\u00a0est\u00e1 gestando la pre producci\u00f3n de un nuevo material discogr\u00e1fico y aunque no hablaron mucho del tema para que sea sorpresa, mencionaron que podr\u00edan considerar alg\u00fan \u00a0dueto.<\/p>\n<\/div>\n","protected":false},"excerpt":{"rendered":"<p>Con m\u00e1s de 10 a\u00f1os de trayectoria, la agrupaci\u00f3n ofreci\u00f3 una noche musical con su peculiar estilo. Pueblo M\u00e0gico de Metepec, M\u00e8xico, 7 de octubre de 2017.\u00a0\u201cDespu\u00e9s de cuatro o cinco a\u00f1os regresamos al querido Festival Quimera de Metepec, estamos contentos de volver porque siempre nos trat\u00f3 bien el p\u00fablico de la zona, este es [&hellip;]<\/p>\n","protected":false},"author":3,"featured_media":19658,"comment_status":"open","ping_status":"open","sticky":false,"template":"","format":"standard","meta":{"footnotes":""},"categories":[9874,16,9147],"tags":[9877,9876],"class_list":{"0":"post-19657","1":"post","2":"type-post","3":"status-publish","4":"format-standard","5":"has-post-thumbnail","7":"category-festival-quimera-2017","8":"category-foto","9":"category-turismo","10":"tag-festival-quimera-2017","11":"tag-pate-de-fua"},"wps_subtitle":"","_links":{"self":[{"href":"https:\/\/www.porlalibreedomex.com\/index.php?rest_route=\/wp\/v2\/posts\/19657","targetHints":{"allow":["GET"]}}],"collection":[{"href":"https:\/\/www.porlalibreedomex.com\/index.php?rest_route=\/wp\/v2\/posts"}],"about":[{"href":"https:\/\/www.porlalibreedomex.com\/index.php?rest_route=\/wp\/v2\/types\/post"}],"author":[{"embeddable":true,"href":"https:\/\/www.porlalibreedomex.com\/index.php?rest_route=\/wp\/v2\/users\/3"}],"replies":[{"embeddable":true,"href":"https:\/\/www.porlalibreedomex.com\/index.php?rest_route=%2Fwp%2Fv2%2Fcomments&post=19657"}],"version-history":[{"count":3,"href":"https:\/\/www.porlalibreedomex.com\/index.php?rest_route=\/wp\/v2\/posts\/19657\/revisions"}],"predecessor-version":[{"id":19664,"href":"https:\/\/www.porlalibreedomex.com\/index.php?rest_route=\/wp\/v2\/posts\/19657\/revisions\/19664"}],"wp:featuredmedia":[{"embeddable":true,"href":"https:\/\/www.porlalibreedomex.com\/index.php?rest_route=\/wp\/v2\/media\/19658"}],"wp:attachment":[{"href":"https:\/\/www.porlalibreedomex.com\/index.php?rest_route=%2Fwp%2Fv2%2Fmedia&parent=19657"}],"wp:term":[{"taxonomy":"category","embeddable":true,"href":"https:\/\/www.porlalibreedomex.com\/index.php?rest_route=%2Fwp%2Fv2%2Fcategories&post=19657"},{"taxonomy":"post_tag","embeddable":true,"href":"https:\/\/www.porlalibreedomex.com\/index.php?rest_route=%2Fwp%2Fv2%2Ftags&post=19657"}],"curies":[{"name":"wp","href":"https:\/\/api.w.org\/{rel}","templated":true}]}}