{"id":19203,"date":"2017-09-04T20:20:00","date_gmt":"2017-09-05T01:20:00","guid":{"rendered":"http:\/\/www.porlalibreedomex.com\/?p=19203"},"modified":"2017-09-04T20:20:00","modified_gmt":"2017-09-05T01:20:00","slug":"firma-uaem-convenio-con-conapo","status":"publish","type":"post","link":"https:\/\/www.porlalibreedomex.com\/?p=19203","title":{"rendered":"Firma UAEM convenio con CONAPO"},"content":{"rendered":"<p><strong>\u00a0<\/strong><\/p>\n<p><strong>Firma UAEM convenio con CONAPO; continuar\u00e1n<\/strong><\/p>\n<p><strong>guiando estrategias en beneficio de la poblaci\u00f3n<\/strong><\/p>\n<p>&nbsp;<\/p>\n<ul>\n<li><em>La signa de este instrumento legal enriquecer\u00e1 el an\u00e1lisis y la discusi\u00f3n de la investigaci\u00f3n demogr\u00e1fica y sobre temas que encara actualmente el pa\u00eds, como la reducci\u00f3n de los \u00edndices nacionales de fecundidad, envejecimiento poblacional, empleo y migraci\u00f3n, as\u00ed como otros afines.<\/em><\/li>\n<\/ul>\n<p><em>\u00a0<\/em><\/p>\n<p><strong>Toluca, M\u00e9x. \u2013 4 de septiembre de 2017.<\/strong>\u00a0El rector de la Universidad Aut\u00f3noma del Estado de M\u00e9xico, Alfredo Barrera Baca, firm\u00f3 un convenio general de colaboraci\u00f3n con la secretaria general del Consejo Nacional de Poblaci\u00f3n (CONAPO), Patricia Chemor Ruiz, que permitir\u00e1, entre otros aspectos, afianzar los prop\u00f3sitos nodales del Plan Rector de Desarrollo Institucional 2017-2021, que en breve, se presentar\u00e1 a la comunidad universitaria y la sociedad.<\/p>\n<p>En la Sala de Rectores del Edificio de Rector\u00eda, Barrera Baca expres\u00f3 que la signa de este instrumento legal enriquecer\u00e1 el an\u00e1lisis y la discusi\u00f3n de la investigaci\u00f3n demogr\u00e1fica y sobre temas que encara actualmente el pa\u00eds, como la reducci\u00f3n de los \u00edndices nacionales de fecundidad, envejecimiento poblacional, empleo y migraci\u00f3n, as\u00ed como otros afines.<\/p>\n<p>Desde hace m\u00e1s de tres d\u00e9cadas, dijo, la UAEM acumula experiencia acad\u00e9mica, derivada del estudio sistem\u00e1tico de las transformaciones sociales, a trav\u00e9s de sus diversas disciplinas y programas de estudio; abund\u00f3 que este convenio posibilitar\u00e1 el intercambio de informaci\u00f3n y material bibliogr\u00e1fico.<\/p>\n<p>Luego de reconocer en el CONAPO a un organismo de probada validez cient\u00edfica en el debate demogr\u00e1fico nacional, Barrera Baca enfatiz\u00f3 que con estas acciones se vigoriza la creaci\u00f3n de estrategias y pol\u00edticas p\u00fablicas acordes a la investigaci\u00f3n de aplicabilidad social y cooperaci\u00f3n interinstitucional que la UAEM busca a partir de la construcci\u00f3n de una instituci\u00f3n moderna.<\/p>\n<p>En presencia del director general de Programas de Poblaci\u00f3n y Asuntos Internacionales de la CONAPO, Abraham Rojas Joyner, y el secretario de Investigaci\u00f3n y Estudios Avanzados de la UAEM, Carlos Eduardo Barrera D\u00edaz, Chemor Ruiz indic\u00f3 que con este convenio ambas instituciones continuar\u00e1n guiando estrategias en beneficio de la poblaci\u00f3n, mediante la generaci\u00f3n, transmisi\u00f3n, intercambio y profundizaci\u00f3n de conocimientos, que son pieza clave para la formulaci\u00f3n de pol\u00edticas p\u00fablicas.<\/p>\n<p>Tras reconocer la responsabilidad y liderazgo de la M\u00e1xima Casa de Estudios mexiquense en temas de trascendencia social, la servidora p\u00fablica federal sostuvo que es imprescindible promover capacitaci\u00f3n en el desarrollo de la ciencia y la divulgaci\u00f3n de la transici\u00f3n poblacional, que representan el actual desaf\u00edo de la pol\u00edtica demogr\u00e1fica.<\/p>\n<p>Ante el coordinador del Centro de Investigaci\u00f3n y Estudios Avanzados de la Poblaci\u00f3n, Jaciel Montoya Arce, y la coordinadora del Centro de Investigaci\u00f3n en Movilidades y Migraciones Internacionales, Norma Baca Tavira, Chemor Ruiz dijo que es fundamental la aplicaci\u00f3n social del conocimiento, por lo que el apoyo de instituciones y el intercambio de conocimiento acad\u00e9mico se traducir\u00e1 en beneficios para la sociedad.<\/p>\n<p><strong>\u00a0<\/strong><\/p>\n<p>Al exponer los motivos del presente convenio, la secretaria de Docencia de la instituci\u00f3n, Estela Delgado Maya, explic\u00f3 que la firma de este documento es la oportunidad ideal para que la UAEM contin\u00fae generando conocimiento y contribuya en materia demogr\u00e1fica,<\/p>\n<p>Adem\u00e1s, manifest\u00f3, se sientan las bases para que alumnos realicen Servicio Social y Pr\u00e1cticas Profesionales, pues este instrumento legal impulsa a la Aut\u00f3noma mexiquense con iniciativas que en coincidencia con otras instituciones, promueven la soluci\u00f3n de los problemas de la sociedad.<\/p>\n<p><strong>Comunicado 0726<\/strong><\/p>\n<p><strong>\u00a0<\/strong><\/p>\n<p><strong>Invitan a participar en Cabildo Juvenil de Toluca<\/strong><\/p>\n<p>&nbsp;<\/p>\n<ul>\n<li><em>El objetivo de este ejercicio es que los participantes presenten propuestas e iniciativas, con la finalidad de que estas ideas puedan ser retomadas por la administraci\u00f3n municipal, discutirse y llevarse a cabo, para mejorar la calidad de vida de los habitantes de Toluca.<\/em><\/li>\n<\/ul>\n<p><em>\u00a0<\/em><\/p>\n<p><strong>Toluca, M\u00e9x. \u2013 4 de septiembre de 2017.<\/strong>\u00a0A iniciativa de \u00c1ngel Adri\u00e1n Esquivel Garc\u00eda, estudiante de la Facultad de Ciencias Pol\u00edticas y Sociales de la Universidad Aut\u00f3noma del Estado de M\u00e9xico, el Ayuntamiento de Toluca invita a los j\u00f3venes a participar en el Cabildo Juvenil de la capital de la entidad.<\/p>\n<p>El objetivo de este ejercicio es que los participantes presenten propuestas e iniciativas, con la finalidad de que estas ideas puedan ser retomadas por la administraci\u00f3n municipal, discutirse y llevarse a cabo, para mejorar la calidad de vida de los habitantes de Toluca.<\/p>\n<p>\u201cEsta es una convocatoria plural, queremos que j\u00f3venes con capacidades diferentes, j\u00f3venes de los pueblos originarios del municipio participen y den su punto de vista\u201d, asegur\u00f3 el segundo regidor de Toluca, Jos\u00e9 Antonio Monroy Ma\u00f1\u00f3n.<\/p>\n<p>En conferencia de prensa y con la compa\u00f1\u00eda del director del Centro Juvenil Universitario, David Nava Jim\u00e9nez, as\u00ed como regidores y s\u00edndicos del ayuntamiento, Monroy Ma\u00f1\u00f3n destac\u00f3 que los j\u00f3venes son quienes viven y detectan los problemas que tiene la ciudad; \u201ctienen las ideas y adem\u00e1s, podr\u00e1n conocer la vida de la administraci\u00f3n p\u00fablica, para fomentar la participaci\u00f3n ciudadana y la democracia\u201d.<\/p>\n<p>Por su parte, la s\u00e9ptima regidora del ayuntamiento, Marian D\u00edaz Solano, subray\u00f3 que con este tipo de actividades, el ayuntamiento municipal busca disminuir los \u00edndices de violencia entre los j\u00f3venes, que ellos construyan una agenda p\u00fablica y sean responsables con los ciudadanos.<\/p>\n<p>En este ejercicio participar\u00e1n 21 j\u00f3venes. Comprende la realizaci\u00f3n de una sesi\u00f3n simulada de cabildo y durante tres d\u00edas, miembros de la administraci\u00f3n municipal impartir\u00e1n un curso de inducci\u00f3n a la administraci\u00f3n p\u00fablica, con la finalidad de que los j\u00f3venes conozcan qu\u00e9 acciones desempe\u00f1an los s\u00edndicos, regidores y, en general, todo el personal que labora en el ayuntamiento de Toluca.<\/p>\n<p>Entre los requisitos que deben cumplir los interesados en participar en este ejercicio, se encuentra: no ser servidores p\u00fablicos de cualquier nivel de gobierno, no haber ocupado alg\u00fan cargo de elecci\u00f3n popular y no ser ni haber sido dirigente de un partido pol\u00edtico o ministro de un culto religioso.<\/p>\n<p>Asimismo, los interesados en participar deber\u00e1n realizar un video de exposici\u00f3n de motivos que responda a la pregunta: \u00bfQu\u00e9 har\u00edas por Toluca si fueras integrante del Cabildo Juvenil?<\/p>\n<p>Adem\u00e1s, deber\u00e1n anexar constancia domiciliaria y carta de antecedentes no penales, documentos que tienen que presentarse los d\u00edas 5 y 6 de septiembre en el Instituto Municipal de la Juventud.<\/p>\n<p>Para m\u00e1s informaci\u00f3n, los interesados deber\u00e1n consultar la p\u00e1gina web, as\u00ed como las redes sociales del ayuntamiento.<\/p>\n","protected":false},"excerpt":{"rendered":"<p>\u00a0 Firma UAEM convenio con CONAPO; continuar\u00e1n guiando estrategias en beneficio de la poblaci\u00f3n &nbsp; La signa de este instrumento legal enriquecer\u00e1 el an\u00e1lisis y la discusi\u00f3n de la investigaci\u00f3n demogr\u00e1fica y sobre temas que encara actualmente el pa\u00eds, como la reducci\u00f3n de los \u00edndices nacionales de fecundidad, envejecimiento poblacional, empleo y migraci\u00f3n, as\u00ed como [&hellip;]<\/p>\n","protected":false},"author":3,"featured_media":0,"comment_status":"open","ping_status":"open","sticky":false,"template":"","format":"standard","meta":{"footnotes":""},"categories":[53,9144],"tags":[],"class_list":{"0":"post-19203","1":"post","2":"type-post","3":"status-publish","4":"format-standard","6":"category-agenda","7":"category-principal"},"wps_subtitle":"","_links":{"self":[{"href":"https:\/\/www.porlalibreedomex.com\/index.php?rest_route=\/wp\/v2\/posts\/19203","targetHints":{"allow":["GET"]}}],"collection":[{"href":"https:\/\/www.porlalibreedomex.com\/index.php?rest_route=\/wp\/v2\/posts"}],"about":[{"href":"https:\/\/www.porlalibreedomex.com\/index.php?rest_route=\/wp\/v2\/types\/post"}],"author":[{"embeddable":true,"href":"https:\/\/www.porlalibreedomex.com\/index.php?rest_route=\/wp\/v2\/users\/3"}],"replies":[{"embeddable":true,"href":"https:\/\/www.porlalibreedomex.com\/index.php?rest_route=%2Fwp%2Fv2%2Fcomments&post=19203"}],"version-history":[{"count":1,"href":"https:\/\/www.porlalibreedomex.com\/index.php?rest_route=\/wp\/v2\/posts\/19203\/revisions"}],"predecessor-version":[{"id":19204,"href":"https:\/\/www.porlalibreedomex.com\/index.php?rest_route=\/wp\/v2\/posts\/19203\/revisions\/19204"}],"wp:attachment":[{"href":"https:\/\/www.porlalibreedomex.com\/index.php?rest_route=%2Fwp%2Fv2%2Fmedia&parent=19203"}],"wp:term":[{"taxonomy":"category","embeddable":true,"href":"https:\/\/www.porlalibreedomex.com\/index.php?rest_route=%2Fwp%2Fv2%2Fcategories&post=19203"},{"taxonomy":"post_tag","embeddable":true,"href":"https:\/\/www.porlalibreedomex.com\/index.php?rest_route=%2Fwp%2Fv2%2Ftags&post=19203"}],"curies":[{"name":"wp","href":"https:\/\/api.w.org\/{rel}","templated":true}]}}