{"id":1851,"date":"2014-06-15T02:52:40","date_gmt":"2014-06-15T02:52:40","guid":{"rendered":"http:\/\/porlalibre.info\/?p=1851"},"modified":"2014-06-15T02:52:40","modified_gmt":"2014-06-15T02:52:40","slug":"enfrentan-el-mismo-reto-los-jovenes-de-centro-y-sudamerica-el-desempleo","status":"publish","type":"post","link":"https:\/\/www.porlalibreedomex.com\/?p=1851","title":{"rendered":"ENFRENTAN EL MISMO RETO LOS J\u00d3VENES DE CENTRO Y SUDAM\u00c9RICA: EL DESEMPLEO"},"content":{"rendered":"<ul>\n<li><em>ATENCI\u00d3N: a pesar de alcanzar un mayor acceso a la educaci\u00f3n, as\u00ed como ostentar conocimientos especializados, enfrentan dificultades para encontrar un espacio laboral.<\/em><\/li>\n<\/ul>\n<p><em>\u00a0<\/em>Los j\u00f3venes latinoamericanos de esta generaci\u00f3n se caracterizan por obtener una mayor escolaridad, tener m\u00e1s habilidades tecnol\u00f3gicas, mayor autodeterminaci\u00f3n y protagonismo, as\u00ed como mejores condiciones de salud; sin embargo, a diferencia de generaciones pasadas, en ellos persisten estigmas que los perciben como violentos y poco interesados en asuntos de car\u00e1cter social.<\/p>\n<p>As\u00ed lo asever\u00f3 el colaborador del Centro de Investigaci\u00f3n y Estudios Avanzados de la Poblaci\u00f3n (CIEAP) de la Universidad Aut\u00f3noma del Estado de M\u00e9xico, Jos\u00e9 Guadalupe Rivera Gonz\u00e1lez, autor de un an\u00e1lisis sobre la multiplicidad de identidades que poseen los j\u00f3venes en la actualidad.<\/p>\n<p><!--more--><\/p>\n<p>El experto indic\u00f3 que debido a la similitud de condiciones en pa\u00edses de Centro y Sudam\u00e9rica, los j\u00f3venes comparten los mismos retos y a pesar de alcanzar un mayor acceso a la educaci\u00f3n, as\u00ed como ostentar conocimientos especializados, enfrentan dificultades para encontrar un espacio laboral.<\/p>\n<p>Lo anterior, disminuye las posibilidades de que este grupo social ocupe lugares en la toma de decisiones que pudieran resultar beneficiosas para su desarrollo profesional y personal, resalt\u00f3 el tambi\u00e9n docente de la Universidad Aut\u00f3noma de San Luis Potos\u00ed.<\/p>\n<p>Asimismo, el investigador se\u00f1al\u00f3 que este sector poblacional, al que recientemente se le ha denominado vulnerable en el contexto internacional, es cada vez m\u00e1s propenso a la movilidad, involucr\u00e1ndose en trayectorias migratorias, las cuales suelen ser m\u00e1s violentas y peligrosas.<\/p>\n<p>En aspectos de salud, detall\u00f3, los j\u00f3venes son provistos de mejores condiciones, por lo cual existe menor posibilidad de morir a edades tempranas, como consecuencia de alguna enfermedad; no obstante, las principales causas de mortalidad refieren agresiones f\u00edsicas y actitudes violentas vinculadas al machismo, el incremento significativo del consumo de drogas y alcohol, as\u00ed como la muerte provocada por enfermedades de transmisi\u00f3n sexual y suicidio.<\/p>\n<p>Jos\u00e9 Guadalupe Rivera Gonz\u00e1lez destac\u00f3 que si bien en Am\u00e9rica Latina los j\u00f3venes son vistos como un grupo que requiere de especial atenci\u00f3n, puesto que son percibidos con mayor precariedad, es la generaci\u00f3n que proyecta con mayor facilidad sus ideas y expectativas, crean m\u00e1s y mejores espacios de comunicaci\u00f3n, lo que demanda de mayores investigaciones al respecto.<\/p>\n","protected":false},"excerpt":{"rendered":"<p>ATENCI\u00d3N: a pesar de alcanzar un mayor acceso a la educaci\u00f3n, as\u00ed como ostentar conocimientos especializados, enfrentan dificultades para encontrar un espacio laboral. \u00a0Los j\u00f3venes latinoamericanos de esta generaci\u00f3n se caracterizan por obtener una mayor escolaridad, tener m\u00e1s habilidades tecnol\u00f3gicas, mayor autodeterminaci\u00f3n y protagonismo, as\u00ed como mejores condiciones de salud; sin embargo, a diferencia de [&hellip;]<\/p>\n","protected":false},"author":2,"featured_media":0,"comment_status":"open","ping_status":"open","sticky":false,"template":"","format":"standard","meta":{"footnotes":""},"categories":[5,1],"tags":[1071,1072,1073,1074,13],"class_list":{"0":"post-1851","1":"post","2":"type-post","3":"status-publish","4":"format-standard","6":"category-nota-informativa","7":"category-uncategorized","8":"tag-capacitados-pero-desempleados","9":"tag-centro-de-investigacion-y-estudios-avanzados-de-la-poblacion","10":"tag-jose-guadalupe-rivera-gonzalez","11":"tag-retos-de-los-jovenes","12":"tag-uaem"},"wps_subtitle":"","_links":{"self":[{"href":"https:\/\/www.porlalibreedomex.com\/index.php?rest_route=\/wp\/v2\/posts\/1851","targetHints":{"allow":["GET"]}}],"collection":[{"href":"https:\/\/www.porlalibreedomex.com\/index.php?rest_route=\/wp\/v2\/posts"}],"about":[{"href":"https:\/\/www.porlalibreedomex.com\/index.php?rest_route=\/wp\/v2\/types\/post"}],"author":[{"embeddable":true,"href":"https:\/\/www.porlalibreedomex.com\/index.php?rest_route=\/wp\/v2\/users\/2"}],"replies":[{"embeddable":true,"href":"https:\/\/www.porlalibreedomex.com\/index.php?rest_route=%2Fwp%2Fv2%2Fcomments&post=1851"}],"version-history":[{"count":0,"href":"https:\/\/www.porlalibreedomex.com\/index.php?rest_route=\/wp\/v2\/posts\/1851\/revisions"}],"wp:attachment":[{"href":"https:\/\/www.porlalibreedomex.com\/index.php?rest_route=%2Fwp%2Fv2%2Fmedia&parent=1851"}],"wp:term":[{"taxonomy":"category","embeddable":true,"href":"https:\/\/www.porlalibreedomex.com\/index.php?rest_route=%2Fwp%2Fv2%2Fcategories&post=1851"},{"taxonomy":"post_tag","embeddable":true,"href":"https:\/\/www.porlalibreedomex.com\/index.php?rest_route=%2Fwp%2Fv2%2Ftags&post=1851"}],"curies":[{"name":"wp","href":"https:\/\/api.w.org\/{rel}","templated":true}]}}