{"id":18414,"date":"2017-07-10T23:48:06","date_gmt":"2017-07-11T04:48:06","guid":{"rendered":"http:\/\/www.porlalibreedomex.com\/?p=18414"},"modified":"2017-07-10T23:48:06","modified_gmt":"2017-07-11T04:48:06","slug":"acuerdan-impulsar-ley-de-proteccion-a-periodistas-del-estado-de-mexico","status":"publish","type":"post","link":"https:\/\/www.porlalibreedomex.com\/?p=18414","title":{"rendered":"ACUERDAN IMPULSAR LEY DE PROTECCI\u00d3N A PERIODISTAS DEL ESTADO DE M\u00c9XICO"},"content":{"rendered":"<p>&nbsp;<\/p>\n<p>En reuni\u00f3n de miembros de la Asociaci\u00f3n de Periodistas del Valle de Toluca, APVT, con el presidente de la Junta de Coordinaci\u00f3n Pol\u00edtica de la legislatura local, diputado Cruz Juvenal Roa, se acord\u00f3 emprender una serie de acciones para lograr que se convierta en realidad la Ley de Protecci\u00f3n a los Periodistas del Estado de M\u00e9xico.<\/p>\n<p>La primera propuesta de este ordenamiento jur\u00eddico se present\u00f3 hace casi cinco a\u00f1os, pero no se aprob\u00f3. Para que ahora s\u00ed se haga realidad, se propuso integrar una mesa con representantes de la propia legislatura, de los empresarios de los medios y de los reporteros de las diferentes regiones de la entidad, y se contemplar\u00e1n medidas para garantizar la libertad de expresi\u00f3n y la seguridad personal, adem\u00e1s de la seguridad laboral, ante nuevos esquemas que est\u00e1n adoptando los medios de comunicaci\u00f3n.<\/p>\n<p>El diputado Roa enfatiz\u00f3 que \u00abes una ley que debe concordar \u00a0con la Ley Federal respectiva\u201d advirti\u00f3.<\/p>\n","protected":false},"excerpt":{"rendered":"<p>&nbsp; En reuni\u00f3n de miembros de la Asociaci\u00f3n de Periodistas del Valle de Toluca, APVT, con el presidente de la Junta de Coordinaci\u00f3n Pol\u00edtica de la legislatura local, diputado Cruz Juvenal Roa, se acord\u00f3 emprender una serie de acciones para lograr que se convierta en realidad la Ley de Protecci\u00f3n a los Periodistas del Estado [&hellip;]<\/p>\n","protected":false},"author":3,"featured_media":18415,"comment_status":"open","ping_status":"open","sticky":false,"template":"","format":"standard","meta":{"footnotes":""},"categories":[9157,16,9144],"tags":[],"class_list":{"0":"post-18414","1":"post","2":"type-post","3":"status-publish","4":"format-standard","5":"has-post-thumbnail","7":"category-edomex","8":"category-foto","9":"category-principal"},"wps_subtitle":"REUNI\u00d3N DEL PRESIDENTE DE LA JuCoPo con la APVT:","_links":{"self":[{"href":"https:\/\/www.porlalibreedomex.com\/index.php?rest_route=\/wp\/v2\/posts\/18414","targetHints":{"allow":["GET"]}}],"collection":[{"href":"https:\/\/www.porlalibreedomex.com\/index.php?rest_route=\/wp\/v2\/posts"}],"about":[{"href":"https:\/\/www.porlalibreedomex.com\/index.php?rest_route=\/wp\/v2\/types\/post"}],"author":[{"embeddable":true,"href":"https:\/\/www.porlalibreedomex.com\/index.php?rest_route=\/wp\/v2\/users\/3"}],"replies":[{"embeddable":true,"href":"https:\/\/www.porlalibreedomex.com\/index.php?rest_route=%2Fwp%2Fv2%2Fcomments&post=18414"}],"version-history":[{"count":3,"href":"https:\/\/www.porlalibreedomex.com\/index.php?rest_route=\/wp\/v2\/posts\/18414\/revisions"}],"predecessor-version":[{"id":18418,"href":"https:\/\/www.porlalibreedomex.com\/index.php?rest_route=\/wp\/v2\/posts\/18414\/revisions\/18418"}],"wp:featuredmedia":[{"embeddable":true,"href":"https:\/\/www.porlalibreedomex.com\/index.php?rest_route=\/wp\/v2\/media\/18415"}],"wp:attachment":[{"href":"https:\/\/www.porlalibreedomex.com\/index.php?rest_route=%2Fwp%2Fv2%2Fmedia&parent=18414"}],"wp:term":[{"taxonomy":"category","embeddable":true,"href":"https:\/\/www.porlalibreedomex.com\/index.php?rest_route=%2Fwp%2Fv2%2Fcategories&post=18414"},{"taxonomy":"post_tag","embeddable":true,"href":"https:\/\/www.porlalibreedomex.com\/index.php?rest_route=%2Fwp%2Fv2%2Ftags&post=18414"}],"curies":[{"name":"wp","href":"https:\/\/api.w.org\/{rel}","templated":true}]}}