{"id":17975,"date":"2017-06-15T10:30:50","date_gmt":"2017-06-15T15:30:50","guid":{"rendered":"http:\/\/www.porlalibreedomex.com\/?p=17975"},"modified":"2017-06-15T10:30:50","modified_gmt":"2017-06-15T15:30:50","slug":"encuentran-a-presunto-feminicida-sin-vida-en-su-celda-en-penal-de-nezahualcoyotl","status":"publish","type":"post","link":"https:\/\/www.porlalibreedomex.com\/?p=17975","title":{"rendered":"ENCUENTRAN A PRESUNTO FEMINICIDA SIN VIDA EN SU CELDA EN PENAL DE NEZAHUALC\u00d3YOTL"},"content":{"rendered":"<p class=\"yiv3616676534MsoNormal\" align=\"center\">\n<ul>\n<li class=\"yiv3616676534MsoNormal\"><strong><em>El sujeto fue ingresado el fin de semana por su probable participaci\u00f3n en la violaci\u00f3n y feminicidio de una menor de 11 a\u00f1os de edad.<\/em><\/strong><\/li>\n<\/ul>\n<p class=\"yiv3616676534MsoNormal\">\n<p class=\"yiv3616676534MsoNormal\">Nezahualc\u00f3yotl, M\u00e9xico, 15 de junio de 2017.- Un sujeto identificado como Jos\u00e9 Octavio \u00abN\u00bb, de 43 a\u00f1os, qui\u00e9n se encontraba ingresado en el Centro Preventivo y de Readaptaci\u00f3n Social de Neza Bordo desde el fin de semana pasado, fue encontrado sin vida en su celda la madrugada de este jueves 15 de junio.<\/p>\n<p class=\"yiv3616676534MsoNormal\">\u00a0Jos\u00e9 Octavio \u00abN\u00bb, era procesado por presuntamente violar y asesinar a una menor de 11 a\u00f1os, encontrada en una unidad de transporte p\u00fablico en Nezahualc\u00f3yotl el viernes pasado.<\/p>\n<p class=\"yiv3616676534MsoNormal\">\u00a0El individuo se encontraba en el \u00e1rea de investigaci\u00f3n en el Centro de Observaci\u00f3n y Clasificaci\u00f3n del Centro Preventivo, y fue encontrado sin vida aproximadamente a las 05:00 horas,\u00a0 con una cuerda atada al cuello.<\/p>\n<p class=\"yiv3616676534MsoNormal\">\u00a0Las diligencias para esclarecer las causas del deceso, y si hubo alguna omisi\u00f3n por parte de las autoridades carcelarias, est\u00e1n en curso y se determinar\u00e1n conforme a derecho corresponda.<\/p>\n<figure id=\"attachment_17977\" aria-describedby=\"caption-attachment-17977\" style=\"width: 300px\" class=\"wp-caption aligncenter\"><a href=\"http:\/\/www.porlalibreedomex.com\/wp-content\/uploads\/2017\/06\/Combi-de-Neza.jpg\"><img loading=\"lazy\" decoding=\"async\" class=\"size-medium wp-image-17977\" src=\"http:\/\/www.porlalibreedomex.com\/wp-content\/uploads\/2017\/06\/Combi-de-Neza-300x184.jpg\" alt=\"\" width=\"300\" height=\"184\" srcset=\"https:\/\/www.porlalibreedomex.com\/wp-content\/uploads\/2017\/06\/Combi-de-Neza-300x184.jpg 300w, https:\/\/www.porlalibreedomex.com\/wp-content\/uploads\/2017\/06\/Combi-de-Neza.jpg 615w\" sizes=\"auto, (max-width: 300px) 100vw, 300px\" \/><\/a><figcaption id=\"caption-attachment-17977\" class=\"wp-caption-text\">En este veh\u00edculo se encontr\u00f3 a Valeria, ya sin vida (Foto de Archivo)<\/figcaption><\/figure>\n<p>Valeria \u201cG\u201d, fue raptada, violada y asesinada luego de abordar la unidad de transporte con placas 212NZ004, de la ruta 40 que va de Av. Sor Juana y Bordo de Xochiaca-Cl\u00ednica.<\/p>\n<div class=\"insert-post-ads\"><\/div>\n<p>Cuando la encontraron, su cuerpo a\u00fan portaba el uniforme escolar; elementos de la polic\u00eda municipal, , y de la Fiscal\u00eda de Homicidiosdetuvieron al due\u00f1o de la unidad de transporte p\u00fablico ordenaron el traslado del veh\u00edculo y cad\u00e1ver a sus instalaciones para realizar las indagatorias correspondientes, as\u00ed como la necropsia de ley obligatoria.<\/p>\n","protected":false},"excerpt":{"rendered":"<p>El sujeto fue ingresado el fin de semana por su probable participaci\u00f3n en la violaci\u00f3n y feminicidio de una menor de 11 a\u00f1os de edad. Nezahualc\u00f3yotl, M\u00e9xico, 15 de junio de 2017.- Un sujeto identificado como Jos\u00e9 Octavio \u00abN\u00bb, de 43 a\u00f1os, qui\u00e9n se encontraba ingresado en el Centro Preventivo y de Readaptaci\u00f3n Social de [&hellip;]<\/p>\n","protected":false},"author":3,"featured_media":17977,"comment_status":"open","ping_status":"open","sticky":false,"template":"","format":"standard","meta":{"footnotes":""},"categories":[16,9149],"tags":[9259,9260,9261],"class_list":{"0":"post-17975","1":"post","2":"type-post","3":"status-publish","4":"format-standard","5":"has-post-thumbnail","7":"category-foto","8":"category-policiaca","9":"tag-feminicida-muerto","10":"tag-nina-de-nezahualcoyotl","11":"tag-valeria"},"wps_subtitle":"Estaba colgado de una cuerda en su celda","_links":{"self":[{"href":"https:\/\/www.porlalibreedomex.com\/index.php?rest_route=\/wp\/v2\/posts\/17975","targetHints":{"allow":["GET"]}}],"collection":[{"href":"https:\/\/www.porlalibreedomex.com\/index.php?rest_route=\/wp\/v2\/posts"}],"about":[{"href":"https:\/\/www.porlalibreedomex.com\/index.php?rest_route=\/wp\/v2\/types\/post"}],"author":[{"embeddable":true,"href":"https:\/\/www.porlalibreedomex.com\/index.php?rest_route=\/wp\/v2\/users\/3"}],"replies":[{"embeddable":true,"href":"https:\/\/www.porlalibreedomex.com\/index.php?rest_route=%2Fwp%2Fv2%2Fcomments&post=17975"}],"version-history":[{"count":2,"href":"https:\/\/www.porlalibreedomex.com\/index.php?rest_route=\/wp\/v2\/posts\/17975\/revisions"}],"predecessor-version":[{"id":17978,"href":"https:\/\/www.porlalibreedomex.com\/index.php?rest_route=\/wp\/v2\/posts\/17975\/revisions\/17978"}],"wp:featuredmedia":[{"embeddable":true,"href":"https:\/\/www.porlalibreedomex.com\/index.php?rest_route=\/wp\/v2\/media\/17977"}],"wp:attachment":[{"href":"https:\/\/www.porlalibreedomex.com\/index.php?rest_route=%2Fwp%2Fv2%2Fmedia&parent=17975"}],"wp:term":[{"taxonomy":"category","embeddable":true,"href":"https:\/\/www.porlalibreedomex.com\/index.php?rest_route=%2Fwp%2Fv2%2Fcategories&post=17975"},{"taxonomy":"post_tag","embeddable":true,"href":"https:\/\/www.porlalibreedomex.com\/index.php?rest_route=%2Fwp%2Fv2%2Ftags&post=17975"}],"curies":[{"name":"wp","href":"https:\/\/api.w.org\/{rel}","templated":true}]}}