{"id":17879,"date":"2017-06-09T00:10:49","date_gmt":"2017-06-09T05:10:49","guid":{"rendered":"http:\/\/www.porlalibreedomex.com\/?p=17879"},"modified":"2017-06-09T00:11:44","modified_gmt":"2017-06-09T05:11:44","slug":"confirma-metepec-avance-en-prevencion-de-conductas-antisociales-y-desarrollo-humano","status":"publish","type":"post","link":"https:\/\/www.porlalibreedomex.com\/?p=17879","title":{"rendered":"CONFIRMA METEPEC AVANCE EN PREVENCI\u00d3N DE CONDUCTAS ANTISOCIALES, Y DESARROLLO HUMANO"},"content":{"rendered":"<figure id=\"attachment_17880\" aria-describedby=\"caption-attachment-17880\" style=\"width: 1800px\" class=\"wp-caption aligncenter\"><a href=\"http:\/\/www.porlalibreedomex.com\/wp-content\/uploads\/2017\/06\/Pronapred-4-1.jpg\"><img loading=\"lazy\" decoding=\"async\" class=\"size-full wp-image-17880\" src=\"http:\/\/www.porlalibreedomex.com\/wp-content\/uploads\/2017\/06\/Pronapred-4-1.jpg\" alt=\"\" width=\"1800\" height=\"1200\" srcset=\"https:\/\/www.porlalibreedomex.com\/wp-content\/uploads\/2017\/06\/Pronapred-4-1.jpg 1800w, https:\/\/www.porlalibreedomex.com\/wp-content\/uploads\/2017\/06\/Pronapred-4-1-300x200.jpg 300w, https:\/\/www.porlalibreedomex.com\/wp-content\/uploads\/2017\/06\/Pronapred-4-1-768x512.jpg 768w, https:\/\/www.porlalibreedomex.com\/wp-content\/uploads\/2017\/06\/Pronapred-4-1-1024x683.jpg 1024w\" sizes=\"auto, (max-width: 1800px) 100vw, 1800px\" \/><\/a><figcaption id=\"caption-attachment-17880\" class=\"wp-caption-text\">Avances notables en la seguridad del Pueblo M\u00e1gico de Metepec-<\/figcaption><\/figure>\n<ul>\n<li class=\"m_-8029537021111070989gmail-yiv9189331402msonormal\" style=\"text-align: left;\"><i>Presentan resultados instituciones y empresas participantes luego de trabajo en tres localidades.<\/i><\/li>\n<li class=\"m_-8029537021111070989gmail-yiv9189331402msonormal\" style=\"text-align: left;\">\u00a0<i>Continuar\u00e1 el Ayuntamiento con programas y acciones espec\u00edficas para prevenir el delito a trav\u00e9s de trabajo integral.<\/i><\/li>\n<\/ul>\n<p class=\"m_-8029537021111070989gmail-yiv9189331402msonormal\"><b>Pueblo M\u00e1gico de Metepec, M\u00e9xico; 8 junio de 2017. <\/b>Instituciones p\u00fablicas y empresas especializadas en relaciones humanas que participaron en este municipio conjuntamente con el ayuntamiento \u00a0para inhibir conductas antisociales, alentar el\u00a0 desarrollo de la poblaci\u00f3n y evitar la discriminaci\u00f3n y violencia de g\u00e9nero, entregaron a las autoridades de Metepec, el informe final de las acciones llevadas a cabo durante casi un a\u00f1o.<\/p>\n<p class=\"m_-8029537021111070989gmail-yiv9189331402msonormal\">\u00a0\u00a0\u00a0\u00a0\u00a0\u00a0\u00a0\u00a0\u00a0\u00a0\u00a0 El reporte de las actividades que forman parte del Programa Nacional de Prevenci\u00f3n del Delito (Pronapred), confirman el trabajo coordinado con el gobierno municipal para consolidar el crecimiento cualitativo de San Jer\u00f3nimo Chicahualco, el fraccionamiento Rancho San Francisco y la delegaci\u00f3n de Santa Mar\u00eda Magdalena Ocotitl\u00e1n, localidades designadas por su alto \u00edndice demogr\u00e1fico y poblaci\u00f3n en probable condici\u00f3n vulnerable.<\/p>\n<p class=\"m_-8029537021111070989gmail-yiv9189331402msonormal\">\u00a0\u00a0\u00a0\u00a0\u00a0\u00a0\u00a0\u00a0\u00a0\u00a0\u00a0 Con la firma del proyecto concluido entre las partes involucradas, se corrobora la materializaci\u00f3n de acciones y resultados tangibles que incidieron para elevar la calidad de vida de familias y prevenir diversos delitos, pero tambi\u00e9n el compromiso del gobierno de David L\u00f3pez C\u00e1rdenas, de dar continuidad al plan integral de desarrollo humano a trav\u00e9s de est\u00edmulos a la educaci\u00f3n, promoci\u00f3n de valores, talleres de auto empleo y sustentables, asesor\u00edas jur\u00eddicas y psicol\u00f3gicas, defensa y acompa\u00f1amiento jur\u00eddico en casos de violencia de g\u00e9nero, cercan\u00eda de la polic\u00eda con los habitantes de todas las comunidades, entre otras estrategias de gran relevancia.<\/p>\n<p class=\"m_-8029537021111070989gmail-yiv9189331402msonormal\">\u00a0\u00a0\u00a0\u00a0\u00a0\u00a0\u00a0\u00a0\u00a0\u00a0\u00a0 El director de Gobernaci\u00f3n de la municipalidad, C\u00e9sar Amador L\u00f3pez Moreno, enlace del proyecto con la federaci\u00f3n, resalt\u00f3 la trascendencia del programa federal que viene trabaj\u00e1ndose en el municipio desde hace dos a\u00f1os, pero que hoy, dijo, \u201cpresenta efectos favorables que redundan en el bienestar de las comunidades, con diagn\u00f3sticos precisos que permitir\u00e1n, desde ahora a la autoridad municipal seguir atendiendo dichos beneficios y evitar situaciones que pongan en riesgo la integridad f\u00edsica, material y emocional de las personas, sobre todo de los sectores infantil, juvenil, mujeres y nuestros adultos mayores\u201d.<\/p>\n<p class=\"m_-8029537021111070989gmail-yiv9189331402msonormal\">\u00a0\u00a0\u00a0\u00a0\u00a0\u00a0\u00a0\u00a0\u00a0\u00a0\u00a0 En esta etapa del Pronapred, particip\u00f3 la Universidad Nacional Aut\u00f3noma de M\u00e9xico (UNAM), el Instituto Tecnol\u00f3gico de Monterrey (ITESM) y las empresas certificadas: L\u00f3gica Social, Alinea, Multiauditoria, Consultores Carbajal, Strategymec, Lecrimt, Apostrofo y Kratos, quienes abordaron y efectuaron, cada una en su ramo, acciones particulares en los tres pol\u00edgonos intervenidos con alumnos y pobladores.<\/p>\n<p class=\"m_-8029537021111070989gmail-yiv9189331402msonormal\">Entre ellas, destacan: prevenci\u00f3n de discriminaci\u00f3n, participaci\u00f3n social incluyente, actividades formativas sobre parentalidad positiva, prevenci\u00f3n y atenci\u00f3n de violencia y discriminaci\u00f3n escolar, actividades deportivas entre alumnos, apoyo para iniciativa productivas, intervenci\u00f3n de apoyo psicosocial con adolescentes y j\u00f3venes en conflicto con la ley y familiar, capacitaci\u00f3n a mujeres en oficios y temas socioproductivos, cercan\u00eda de la polic\u00eda con la sociedad a trav\u00e9s de reuniones y asambleas, capacitaci\u00f3n a vecinos y servidores p\u00fablicos sobre planeaci\u00f3n y evaluaci\u00f3n, as\u00ed como atenci\u00f3n m\u00e9dica, jur\u00eddica y psicol\u00f3gica a mujeres v\u00edctimas de violencia.<\/p>\n","protected":false},"excerpt":{"rendered":"<p>Presentan resultados instituciones y empresas participantes luego de trabajo en tres localidades. \u00a0Continuar\u00e1 el Ayuntamiento con programas y acciones espec\u00edficas para prevenir el delito a trav\u00e9s de trabajo integral. Pueblo M\u00e1gico de Metepec, M\u00e9xico; 8 junio de 2017. Instituciones p\u00fablicas y empresas especializadas en relaciones humanas que participaron en este municipio conjuntamente con el ayuntamiento [&hellip;]<\/p>\n","protected":false},"author":3,"featured_media":17880,"comment_status":"open","ping_status":"open","sticky":false,"template":"","format":"standard","meta":{"footnotes":""},"categories":[16,9149],"tags":[9226,9228,9227],"class_list":{"0":"post-17879","1":"post","2":"type-post","3":"status-publish","4":"format-standard","5":"has-post-thumbnail","7":"category-foto","8":"category-policiaca","9":"tag-abatir-la-inseguridad-publica","10":"tag-menos-inseguridad-en-metepec","11":"tag-prevencion-de-discriminacion"},"wps_subtitle":"Pronapred","_links":{"self":[{"href":"https:\/\/www.porlalibreedomex.com\/index.php?rest_route=\/wp\/v2\/posts\/17879","targetHints":{"allow":["GET"]}}],"collection":[{"href":"https:\/\/www.porlalibreedomex.com\/index.php?rest_route=\/wp\/v2\/posts"}],"about":[{"href":"https:\/\/www.porlalibreedomex.com\/index.php?rest_route=\/wp\/v2\/types\/post"}],"author":[{"embeddable":true,"href":"https:\/\/www.porlalibreedomex.com\/index.php?rest_route=\/wp\/v2\/users\/3"}],"replies":[{"embeddable":true,"href":"https:\/\/www.porlalibreedomex.com\/index.php?rest_route=%2Fwp%2Fv2%2Fcomments&post=17879"}],"version-history":[{"count":3,"href":"https:\/\/www.porlalibreedomex.com\/index.php?rest_route=\/wp\/v2\/posts\/17879\/revisions"}],"predecessor-version":[{"id":17884,"href":"https:\/\/www.porlalibreedomex.com\/index.php?rest_route=\/wp\/v2\/posts\/17879\/revisions\/17884"}],"wp:featuredmedia":[{"embeddable":true,"href":"https:\/\/www.porlalibreedomex.com\/index.php?rest_route=\/wp\/v2\/media\/17880"}],"wp:attachment":[{"href":"https:\/\/www.porlalibreedomex.com\/index.php?rest_route=%2Fwp%2Fv2%2Fmedia&parent=17879"}],"wp:term":[{"taxonomy":"category","embeddable":true,"href":"https:\/\/www.porlalibreedomex.com\/index.php?rest_route=%2Fwp%2Fv2%2Fcategories&post=17879"},{"taxonomy":"post_tag","embeddable":true,"href":"https:\/\/www.porlalibreedomex.com\/index.php?rest_route=%2Fwp%2Fv2%2Ftags&post=17879"}],"curies":[{"name":"wp","href":"https:\/\/api.w.org\/{rel}","templated":true}]}}