{"id":17598,"date":"2017-05-25T17:11:46","date_gmt":"2017-05-25T22:11:46","guid":{"rendered":"http:\/\/www.porlalibreedomex.com\/?p=17598"},"modified":"2017-05-30T02:44:53","modified_gmt":"2017-05-30T07:44:53","slug":"abre-metepec-cursos-gratuitos-de-computacion-para-adultos-mayores","status":"publish","type":"post","link":"https:\/\/www.porlalibreedomex.com\/?p=17598","title":{"rendered":"ABRE METEPEC CURSOS GRATUITOS DE COMPUTACI\u00d3N PARA ADULTOS MAYORES"},"content":{"rendered":"<div id=\"m_-4970393171517349362yui_3_16_0_ym19_1_1495724283917_34723\"><b id=\"m_-4970393171517349362yui_3_16_0_ym19_1_1495724283917_34724\"><span id=\"m_-4970393171517349362yui_3_16_0_ym19_1_1495724283917_34725\"><a href=\"http:\/\/www.porlalibreedomex.com\/wp-content\/uploads\/2017\/05\/Curso-Educaci\u00f3n-3.jpg\"><img loading=\"lazy\" decoding=\"async\" class=\"aligncenter size-large wp-image-17599\" src=\"http:\/\/www.porlalibreedomex.com\/wp-content\/uploads\/2017\/05\/Curso-Educaci\u00f3n-3-1024x683.jpg\" alt=\"\" width=\"700\" height=\"467\" srcset=\"https:\/\/www.porlalibreedomex.com\/wp-content\/uploads\/2017\/05\/Curso-Educaci\u00f3n-3-1024x683.jpg 1024w, https:\/\/www.porlalibreedomex.com\/wp-content\/uploads\/2017\/05\/Curso-Educaci\u00f3n-3-300x200.jpg 300w, https:\/\/www.porlalibreedomex.com\/wp-content\/uploads\/2017\/05\/Curso-Educaci\u00f3n-3-768x512.jpg 768w\" sizes=\"auto, (max-width: 700px) 100vw, 700px\" \/><\/a>Pueblo M\u00e1gico de Metepec, M\u00e9xico; 25 de mayo de 2017.<\/span><\/b><span id=\"m_-4970393171517349362yui_3_16_0_ym19_1_1495724283917_34726\"> Con el objetivo de ense\u00f1ar a utilizar las tecnolog\u00edas de la informaci\u00f3n a personas mayores de 60 a\u00f1os, en Metepec se abre el registro para un curso de computaci\u00f3n gratuito.<\/span><\/div>\n<div id=\"m_-4970393171517349362yui_3_16_0_ym19_1_1495724283917_34727\"><span id=\"m_-4970393171517349362yui_3_16_0_ym19_1_1495724283917_34728\">Dicho taller con duraci\u00f3n de dos semanas, se llevar\u00e1 a cabo bajo los lineamientos del programa \u201cAulas Digitales\u201d, dise\u00f1ado para adultos mayores que carecen de informaci\u00f3n en la materia.<\/span><\/div>\n<div id=\"m_-4970393171517349362yui_3_16_0_ym19_1_1495724283917_34729\"><span id=\"m_-4970393171517349362yui_3_16_0_ym19_1_1495724283917_34730\">Durante tres meses y en las fechas que comprenden del 29 de mayo al 9 de junio; del 12 al 23 de junio y del 26 de junio al 7 de julio, los interesados podr\u00e1n capacitarse en el uso de la computadora, el manejo de la paqueter\u00eda y navegar en internet.<\/span><\/div>\n<div id=\"m_-4970393171517349362yui_3_16_0_ym19_1_1495724283917_34731\"><span id=\"m_-4970393171517349362yui_3_16_0_ym19_1_1495724283917_34732\">Los cursos tendr\u00e1n horario de 10:30 a 12:30 horas; las clases se impartir\u00e1n en las instalaciones de la Casa de D\u00eda del Adulto Mayor ubicada en Hacienda la Quemada n\u00famero 55, en la Unidad Habitacional Andr\u00e9s Molina Enr\u00edquez, previo registro en el n\u00famero telef\u00f3nico 3.19.01.64. Cupo limitado a 20 personas<\/span><\/div>\n","protected":false},"excerpt":{"rendered":"<p>Pueblo M\u00e1gico de Metepec, M\u00e9xico; 25 de mayo de 2017. Con el objetivo de ense\u00f1ar a utilizar las tecnolog\u00edas de la informaci\u00f3n a personas mayores de 60 a\u00f1os, en Metepec se abre el registro para un curso de computaci\u00f3n gratuito. Dicho taller con duraci\u00f3n de dos semanas, se llevar\u00e1 a cabo bajo los lineamientos del [&hellip;]<\/p>\n","protected":false},"author":3,"featured_media":17599,"comment_status":"open","ping_status":"open","sticky":false,"template":"","format":"standard","meta":{"footnotes":""},"categories":[9157,16,5],"tags":[9141,9140],"class_list":{"0":"post-17598","1":"post","2":"type-post","3":"status-publish","4":"format-standard","5":"has-post-thumbnail","7":"category-edomex","8":"category-foto","9":"category-nota-informativa","10":"tag-abre-metepec-inscripciones-a-cursos-de-computacion","11":"tag-cursos-de-computacion-gratis-en-metepec"},"wps_subtitle":"","_links":{"self":[{"href":"https:\/\/www.porlalibreedomex.com\/index.php?rest_route=\/wp\/v2\/posts\/17598","targetHints":{"allow":["GET"]}}],"collection":[{"href":"https:\/\/www.porlalibreedomex.com\/index.php?rest_route=\/wp\/v2\/posts"}],"about":[{"href":"https:\/\/www.porlalibreedomex.com\/index.php?rest_route=\/wp\/v2\/types\/post"}],"author":[{"embeddable":true,"href":"https:\/\/www.porlalibreedomex.com\/index.php?rest_route=\/wp\/v2\/users\/3"}],"replies":[{"embeddable":true,"href":"https:\/\/www.porlalibreedomex.com\/index.php?rest_route=%2Fwp%2Fv2%2Fcomments&post=17598"}],"version-history":[{"count":1,"href":"https:\/\/www.porlalibreedomex.com\/index.php?rest_route=\/wp\/v2\/posts\/17598\/revisions"}],"predecessor-version":[{"id":17600,"href":"https:\/\/www.porlalibreedomex.com\/index.php?rest_route=\/wp\/v2\/posts\/17598\/revisions\/17600"}],"wp:featuredmedia":[{"embeddable":true,"href":"https:\/\/www.porlalibreedomex.com\/index.php?rest_route=\/wp\/v2\/media\/17599"}],"wp:attachment":[{"href":"https:\/\/www.porlalibreedomex.com\/index.php?rest_route=%2Fwp%2Fv2%2Fmedia&parent=17598"}],"wp:term":[{"taxonomy":"category","embeddable":true,"href":"https:\/\/www.porlalibreedomex.com\/index.php?rest_route=%2Fwp%2Fv2%2Fcategories&post=17598"},{"taxonomy":"post_tag","embeddable":true,"href":"https:\/\/www.porlalibreedomex.com\/index.php?rest_route=%2Fwp%2Fv2%2Ftags&post=17598"}],"curies":[{"name":"wp","href":"https:\/\/api.w.org\/{rel}","templated":true}]}}