{"id":17581,"date":"2017-05-25T00:29:09","date_gmt":"2017-05-25T05:29:09","guid":{"rendered":"http:\/\/www.porlalibreedomex.com\/?p=17581"},"modified":"2017-05-28T14:45:59","modified_gmt":"2017-05-28T19:45:59","slug":"exitosa-y-con-saldo-blanco-la-feria-de-san-isidro-en-metepec","status":"publish","type":"post","link":"https:\/\/www.porlalibreedomex.com\/?p=17581","title":{"rendered":"\u00a0EXITOSA Y CON SALDO BLANCO, LA FERIA DE SAN ISIDRO EN METEPEC"},"content":{"rendered":"<div class=\"qQVYZb\"><\/div>\n<div class=\"aHl\"><\/div>\n<div id=\":n5\" tabindex=\"-1\"><\/div>\n<div id=\":mx\" class=\"ii gt adP adO\">\n<div id=\":mw\" class=\"a3s aXjCH m15c3c6cf846e4677\">\n<div id=\"m_5964529993917917439yui_3_16_0_ym19_1_1495654832125_18080\" align=\"center\"><\/div>\n<ul>\n<li id=\"m_5964529993917917439yui_3_16_0_ym19_1_1495654832125_18083\"><span id=\"m_5964529993917917439yui_3_16_0_ym19_1_1495654832125_18084\"><span id=\"m_5964529993917917439yui_3_16_0_ym19_1_1495654832125_18085\"><span id=\"m_5964529993917917439yui_3_16_0_ym19_1_1495654832125_18086\">\u00a0 Balance positivo y excelente derrama econ\u00f3mica<\/span><\/span><\/span><\/li>\n<\/ul>\n<div id=\"m_5964529993917917439yui_3_16_0_ym19_1_1495654832125_18089\"><b id=\"m_5964529993917917439yui_3_16_0_ym19_1_1495654832125_18090\"><span id=\"m_5964529993917917439yui_3_16_0_ym19_1_1495654832125_18091\">\u00a0<\/span><\/b><\/div>\n<div id=\"m_5964529993917917439yui_3_16_0_ym19_1_1495654832125_18092\"><b id=\"m_5964529993917917439yui_3_16_0_ym19_1_1495654832125_18093\"><span id=\"m_5964529993917917439yui_3_16_0_ym19_1_1495654832125_18094\">Metepec, M\u00e9xico; 24 de mayo de 2017. <\/span><\/b><span id=\"m_5964529993917917439yui_3_16_0_ym19_1_1495654832125_18095\"><span id=\"m_5964529993917917439yui_3_16_0_ym19_1_1495654832125_18096\">\u00a0<\/span>Con una asistencia total de casi 400 mil personas y una derrama econ\u00f3mica superior a los 90 millones de pesos, concluy\u00f3 la Feria de San Isidro 2017 en Metepec.<b id=\"m_5964529993917917439yui_3_16_0_ym19_1_1495654832125_18097\"><span id=\"m_5964529993917917439yui_3_16_0_ym19_1_1495654832125_18098\">\u00a0<\/span><\/b><\/span><\/div>\n<div id=\"m_5964529993917917439yui_3_16_0_ym19_1_1495654832125_18099\"><span id=\"m_5964529993917917439yui_3_16_0_ym19_1_1495654832125_18100\"><span id=\"m_5964529993917917439yui_3_16_0_ym19_1_1495654832125_18101\">\u00a0\u00a0\u00a0\u00a0\u00a0 <\/span>De acuerdo con la organizaci\u00f3n del evento y autoridades del municipio, el evento que concluy\u00f3 el pasado fin de semana, registr\u00f3 saldo blanco en todas las actividades derivado de la estrategia conjunta de seguridad y log\u00edstica.<\/span><\/div>\n<div id=\"m_5964529993917917439yui_3_16_0_ym19_1_1495654832125_18102\"><span id=\"m_5964529993917917439yui_3_16_0_ym19_1_1495654832125_18103\"><span id=\"m_5964529993917917439yui_3_16_0_ym19_1_1495654832125_18104\">\u00a0\u00a0\u00a0\u00a0\u00a0 <\/span>La Feria con una duraci\u00f3n de 24 d\u00edas en los que se presentaron diversos espect\u00e1culos y atracciones para toda la familia, deriv\u00f3 en una derrama econ\u00f3mica de m\u00e1s de 90 millones de pesos favoreciendo principalmente <span id=\"m_5964529993917917439yui_3_16_0_ym19_1_1495654832125_18105\">\u00a0<\/span>a prestadores de servicios y artesanos tanto de la localidad como de otros municipios de la entidad.<\/span><\/div>\n<div id=\"m_5964529993917917439yui_3_16_0_ym19_1_1495654832125_18106\"><span id=\"m_5964529993917917439yui_3_16_0_ym19_1_1495654832125_18107\"><span id=\"m_5964529993917917439yui_3_16_0_ym19_1_1495654832125_18108\">\u00a0\u00a0\u00a0\u00a0\u00a0 <\/span>La direcci\u00f3n de Seguridad P\u00fablica y Tr\u00e1nsito municipal report\u00f3 la aplicaci\u00f3n integral de protecci\u00f3n que contempl\u00f3 la realizaci\u00f3n del operativo alcohol\u00edmetro en las inmediaciones del recinto en el cual se efectuaron 640 pruebas a conductores con s\u00f3lo 173 casos positivos.<\/span><\/div>\n<div id=\"m_5964529993917917439yui_3_16_0_ym19_1_1495654832125_18109\"><span id=\"m_5964529993917917439yui_3_16_0_ym19_1_1495654832125_18110\"><span id=\"m_5964529993917917439yui_3_16_0_ym19_1_1495654832125_18111\">\u00a0\u00a0\u00a0\u00a0\u00a0 <\/span>Por su parte la direcci\u00f3n de Servicios P\u00fablicos inform\u00f3 que fueron recolectadas m\u00e1s de 120 toneladas de residuos, permitiendo as\u00ed que la estad\u00eda de los visitantes fuera en un ambiente limpio.<\/span><\/div>\n<\/div>\n<\/div>\n","protected":false},"excerpt":{"rendered":"<p>\u00a0 Balance positivo y excelente derrama econ\u00f3mica \u00a0 Metepec, M\u00e9xico; 24 de mayo de 2017. \u00a0Con una asistencia total de casi 400 mil personas y una derrama econ\u00f3mica superior a los 90 millones de pesos, concluy\u00f3 la Feria de San Isidro 2017 en Metepec.\u00a0 \u00a0\u00a0\u00a0\u00a0\u00a0 De acuerdo con la organizaci\u00f3n del evento y autoridades del [&hellip;]<\/p>\n","protected":false},"author":3,"featured_media":0,"comment_status":"open","ping_status":"open","sticky":false,"template":"","format":"standard","meta":{"footnotes":""},"categories":[9157,5],"tags":[9133,8850],"class_list":{"0":"post-17581","1":"post","2":"type-post","3":"status-publish","4":"format-standard","6":"category-edomex","7":"category-nota-informativa","8":"tag-derrama-economica","9":"tag-feria-de-san-isidro-en-metepec"},"wps_subtitle":"","_links":{"self":[{"href":"https:\/\/www.porlalibreedomex.com\/index.php?rest_route=\/wp\/v2\/posts\/17581","targetHints":{"allow":["GET"]}}],"collection":[{"href":"https:\/\/www.porlalibreedomex.com\/index.php?rest_route=\/wp\/v2\/posts"}],"about":[{"href":"https:\/\/www.porlalibreedomex.com\/index.php?rest_route=\/wp\/v2\/types\/post"}],"author":[{"embeddable":true,"href":"https:\/\/www.porlalibreedomex.com\/index.php?rest_route=\/wp\/v2\/users\/3"}],"replies":[{"embeddable":true,"href":"https:\/\/www.porlalibreedomex.com\/index.php?rest_route=%2Fwp%2Fv2%2Fcomments&post=17581"}],"version-history":[{"count":1,"href":"https:\/\/www.porlalibreedomex.com\/index.php?rest_route=\/wp\/v2\/posts\/17581\/revisions"}],"predecessor-version":[{"id":17582,"href":"https:\/\/www.porlalibreedomex.com\/index.php?rest_route=\/wp\/v2\/posts\/17581\/revisions\/17582"}],"wp:attachment":[{"href":"https:\/\/www.porlalibreedomex.com\/index.php?rest_route=%2Fwp%2Fv2%2Fmedia&parent=17581"}],"wp:term":[{"taxonomy":"category","embeddable":true,"href":"https:\/\/www.porlalibreedomex.com\/index.php?rest_route=%2Fwp%2Fv2%2Fcategories&post=17581"},{"taxonomy":"post_tag","embeddable":true,"href":"https:\/\/www.porlalibreedomex.com\/index.php?rest_route=%2Fwp%2Fv2%2Ftags&post=17581"}],"curies":[{"name":"wp","href":"https:\/\/api.w.org\/{rel}","templated":true}]}}