{"id":17573,"date":"2017-05-22T12:41:44","date_gmt":"2017-05-22T17:41:44","guid":{"rendered":"http:\/\/www.porlalibreedomex.com\/?p=17573"},"modified":"2017-05-30T02:46:10","modified_gmt":"2017-05-30T07:46:10","slug":"festeja-el-suteym-a-las-mamas-por-su-dia","status":"publish","type":"post","link":"https:\/\/www.porlalibreedomex.com\/?p=17573","title":{"rendered":"FESTEJA EL SUTEYM A LAS MAM\u00c1S POR SU D\u00cdA"},"content":{"rendered":"<figure id=\"attachment_17575\" aria-describedby=\"caption-attachment-17575\" style=\"width: 700px\" class=\"wp-caption aligncenter\"><a href=\"http:\/\/www.porlalibreedomex.com\/wp-content\/uploads\/2017\/05\/Festejo-a-las-mam\u00e1s-SUTEYM.jpg\"><img loading=\"lazy\" decoding=\"async\" class=\"size-large wp-image-17575\" src=\"http:\/\/www.porlalibreedomex.com\/wp-content\/uploads\/2017\/05\/Festejo-a-las-mam\u00e1s-SUTEYM-1024x619.jpg\" alt=\"\" width=\"700\" height=\"423\" srcset=\"https:\/\/www.porlalibreedomex.com\/wp-content\/uploads\/2017\/05\/Festejo-a-las-mam\u00e1s-SUTEYM-1024x619.jpg 1024w, https:\/\/www.porlalibreedomex.com\/wp-content\/uploads\/2017\/05\/Festejo-a-las-mam\u00e1s-SUTEYM-300x181.jpg 300w, https:\/\/www.porlalibreedomex.com\/wp-content\/uploads\/2017\/05\/Festejo-a-las-mam\u00e1s-SUTEYM-768x465.jpg 768w\" sizes=\"auto, (max-width: 700px) 100vw, 700px\" \/><\/a><figcaption id=\"caption-attachment-17575\" class=\"wp-caption-text\">HERMINIO CAHUE CALDER\u00d3N, Secretario General del SUTEYM, encabez\u00f3 la celebraci\u00f3n dedicada a las mam\u00e1s suteymistas.<\/figcaption><\/figure>\n<p>&nbsp;<\/p>\n<p><em>Toluca, M\u00e9x., 22 de mayo de 2017.<\/em> En el Teatro Morelos, el Sindicato \u00danico de Trabajadores de los Poderes, Municipios e Instituciones Descentralizadas del Estado de M\u00e9xico (SUTEYM) realiz\u00f3 el festejo alusivo al D\u00eda de las Madres, con la asistencia de aproximadamente cinco mil servidoras p\u00fablicas sindicalizadas.<\/p>\n<p>Herminio Cahue Calder\u00f3n, Secretario General del SUTEYM, reconoci\u00f3 el papel de las suteymistas, ya que son eje fundamental en la sociedad, gobierno y sindicato. Asegur\u00f3 que el D\u00eda de las Madres es una fecha simb\u00f3lica para festejar, pues diariamente se tiene que reconocer el tes\u00f3n, fortaleza e \u00edmpetu al forjar a hombres y mujeres de bien.<\/p>\n<p>\u201cLa madre suteymista es \u00fanica\u201d, asever\u00f3 el l\u00edder sindical. Agreg\u00f3 que el festejo es una manera de reconocerlas como pilar fundamental en la organizaci\u00f3n sindical. Manifest\u00f3 que el Ejecutivo Estatal se ha distinguido por impulsar pol\u00edticas a favor de las suteymistas, por lo cual agradeci\u00f3 y reiter\u00f3 que los agremiados continuar\u00e1n trabajando con empe\u00f1o y dedicaci\u00f3n.<a href=\"http:\/\/www.porlalibreedomex.com\/wp-content\/uploads\/2017\/05\/SUTEYM-Fiesta-para-mam\u00e1s-2017.jpg\"><img loading=\"lazy\" decoding=\"async\" class=\"aligncenter size-large wp-image-17587\" src=\"http:\/\/www.porlalibreedomex.com\/wp-content\/uploads\/2017\/05\/SUTEYM-Fiesta-para-mam\u00e1s-2017-1024x683.jpg\" alt=\"\" width=\"700\" height=\"467\" srcset=\"https:\/\/www.porlalibreedomex.com\/wp-content\/uploads\/2017\/05\/SUTEYM-Fiesta-para-mam\u00e1s-2017-1024x683.jpg 1024w, https:\/\/www.porlalibreedomex.com\/wp-content\/uploads\/2017\/05\/SUTEYM-Fiesta-para-mam\u00e1s-2017-300x200.jpg 300w, https:\/\/www.porlalibreedomex.com\/wp-content\/uploads\/2017\/05\/SUTEYM-Fiesta-para-mam\u00e1s-2017-768x512.jpg 768w\" sizes=\"auto, (max-width: 700px) 100vw, 700px\" \/><\/a><\/p>\n<p>\u201cMam\u00e1s suteymistas, hoy y siempre ser\u00e1n reconocidas por su gran capacidad, y su enorme disposici\u00f3n para la tarea m\u00e1s dif\u00edcil; ustedes son mujeres importantes y fundamentales en el rol que jugamos las instituciones, y la instituci\u00f3n m\u00e1s importante de la sociedad es la familia, de la que ustedes son capitanas\u201d, dijo Cahue Calder\u00f3n.<\/p>\n<p>El Director General de Personal asisti\u00f3 con la representaci\u00f3n del Gobernador mexiquense, y felicit\u00f3 a las agremiadas; asimismo, manifest\u00f3 que el GEM reconoce el papel que las mam\u00e1s cumplen en la sociedad.<\/p>\n<p>\u201cComo madres dan vida y forjan a las nuevas generaciones; como servidoras p\u00fablicas contribuyen a que los mexiquenses mejoren su calidad de vida, y realizan su labor con vocaci\u00f3n, profesionalismo y sensibilidad\u201d, se\u00f1al\u00f3 el funcionario estatal.<\/p>\n<p>En dos funciones iguales, la celebraci\u00f3n para las mam\u00e1s suteymistas incluy\u00f3 el show de Pepe Caravelli y Josselyn Borraz \u201cTributo a Juan Gabriel\u201d; la presentaci\u00f3n del cantante V\u00edctor Garc\u00eda, rifas; as\u00ed como, presentes que les fueron entregados a su llegada al teatro.<\/p>\n<p>Integrantes del Comit\u00e9 Ejecutivo Estatal, y estructura sindical estuvieron presentes en este festejo a las mam\u00e1s suteymistas.<\/p>\n","protected":false},"excerpt":{"rendered":"<p>&nbsp; Toluca, M\u00e9x., 22 de mayo de 2017. En el Teatro Morelos, el Sindicato \u00danico de Trabajadores de los Poderes, Municipios e Instituciones Descentralizadas del Estado de M\u00e9xico (SUTEYM) realiz\u00f3 el festejo alusivo al D\u00eda de las Madres, con la asistencia de aproximadamente cinco mil servidoras p\u00fablicas sindicalizadas. Herminio Cahue Calder\u00f3n, Secretario General del SUTEYM, [&hellip;]<\/p>\n","protected":false},"author":3,"featured_media":17575,"comment_status":"open","ping_status":"open","sticky":false,"template":"","format":"standard","meta":{"footnotes":""},"categories":[9157,16,9145,5],"tags":[9137,6235,9136,187],"class_list":{"0":"post-17573","1":"post","2":"type-post","3":"status-publish","4":"format-standard","5":"has-post-thumbnail","7":"category-edomex","8":"category-foto","9":"category-general","10":"category-nota-informativa","11":"tag-festejo-a-las-mamas","12":"tag-herminio-cahue-calderon","13":"tag-mamas-suteymistas","14":"tag-suteym"},"wps_subtitle":"","_links":{"self":[{"href":"https:\/\/www.porlalibreedomex.com\/index.php?rest_route=\/wp\/v2\/posts\/17573","targetHints":{"allow":["GET"]}}],"collection":[{"href":"https:\/\/www.porlalibreedomex.com\/index.php?rest_route=\/wp\/v2\/posts"}],"about":[{"href":"https:\/\/www.porlalibreedomex.com\/index.php?rest_route=\/wp\/v2\/types\/post"}],"author":[{"embeddable":true,"href":"https:\/\/www.porlalibreedomex.com\/index.php?rest_route=\/wp\/v2\/users\/3"}],"replies":[{"embeddable":true,"href":"https:\/\/www.porlalibreedomex.com\/index.php?rest_route=%2Fwp%2Fv2%2Fcomments&post=17573"}],"version-history":[{"count":1,"href":"https:\/\/www.porlalibreedomex.com\/index.php?rest_route=\/wp\/v2\/posts\/17573\/revisions"}],"predecessor-version":[{"id":17588,"href":"https:\/\/www.porlalibreedomex.com\/index.php?rest_route=\/wp\/v2\/posts\/17573\/revisions\/17588"}],"wp:featuredmedia":[{"embeddable":true,"href":"https:\/\/www.porlalibreedomex.com\/index.php?rest_route=\/wp\/v2\/media\/17575"}],"wp:attachment":[{"href":"https:\/\/www.porlalibreedomex.com\/index.php?rest_route=%2Fwp%2Fv2%2Fmedia&parent=17573"}],"wp:term":[{"taxonomy":"category","embeddable":true,"href":"https:\/\/www.porlalibreedomex.com\/index.php?rest_route=%2Fwp%2Fv2%2Fcategories&post=17573"},{"taxonomy":"post_tag","embeddable":true,"href":"https:\/\/www.porlalibreedomex.com\/index.php?rest_route=%2Fwp%2Fv2%2Ftags&post=17573"}],"curies":[{"name":"wp","href":"https:\/\/api.w.org\/{rel}","templated":true}]}}