{"id":17550,"date":"2017-05-23T23:43:11","date_gmt":"2017-05-24T04:43:11","guid":{"rendered":"http:\/\/www.porlalibreedomex.com\/?p=17550"},"modified":"2017-05-23T23:43:11","modified_gmt":"2017-05-24T04:43:11","slug":"responde-la-uaem-a-la-sociedad-formando-profesionistas-de-excelencia-barrera-baca","status":"publish","type":"post","link":"https:\/\/www.porlalibreedomex.com\/?p=17550","title":{"rendered":"Responde la UAEM a la sociedad, formando profesionistas de excelencia: Barrera Baca"},"content":{"rendered":"<figure id=\"attachment_17551\" aria-describedby=\"caption-attachment-17551\" style=\"width: 700px\" class=\"wp-caption aligncenter\"><a href=\"http:\/\/www.porlalibreedomex.com\/wp-content\/uploads\/2017\/05\/Comun-421-4.jpg\"><img loading=\"lazy\" decoding=\"async\" class=\"size-large wp-image-17551\" src=\"http:\/\/www.porlalibreedomex.com\/wp-content\/uploads\/2017\/05\/Comun-421-4-1024x683.jpg\" alt=\"\" width=\"700\" height=\"467\" srcset=\"https:\/\/www.porlalibreedomex.com\/wp-content\/uploads\/2017\/05\/Comun-421-4-1024x683.jpg 1024w, https:\/\/www.porlalibreedomex.com\/wp-content\/uploads\/2017\/05\/Comun-421-4-300x200.jpg 300w, https:\/\/www.porlalibreedomex.com\/wp-content\/uploads\/2017\/05\/Comun-421-4-768x512.jpg 768w\" sizes=\"auto, (max-width: 700px) 100vw, 700px\" \/><\/a><figcaption id=\"caption-attachment-17551\" class=\"wp-caption-text\">El rector de la UAEM, Alfredo Barrera Baca, encabez\u00f3 el Cuarto Informe de Actividades del director de la Facultad de Contadur\u00eda y Administraci\u00f3n, Alejando Hern\u00e1ndez Su\u00e1rez; asever\u00f3 que la instituci\u00f3n responde a las demandas de los sectores p\u00fablico, privado y social, en materia de recursos humanos de excelencia.<\/figcaption><\/figure>\n<p><strong>\u00a0<\/strong><\/p>\n<ul>\n<li><em>El rector encabez\u00f3 el Cuarto Informe de Actividades del director de la Facultad de Contadur\u00eda y Administraci\u00f3n, Alejando Hern\u00e1ndez Su\u00e1rez.<\/em><\/li>\n<li><em>Asever\u00f3 que la instituci\u00f3n responde a las demandas de los sectores p\u00fablico, privado y social, en materia de recursos humanos de excelencia, y tambi\u00e9n a \u00a0los j\u00f3venes que aspiran a cursar una licenciatura en una de las m\u00e1s prestigiadas universidades del pa\u00eds.<\/em><\/li>\n<\/ul>\n<p><em>\u00a0<\/em><\/p>\n<p><strong>Toluca, M\u00e9xico, 23 de mayo de 2017. <\/strong>Durante el reciente a\u00f1o, la Licenciatura en Inform\u00e1tica Administrativa \u2013en sus dos modalidades-, que oferta la Facultad de Contadur\u00eda y Administraci\u00f3n de la Universidad Aut\u00f3noma del Estado de M\u00e9xico, recibi\u00f3 el reconocimiento de calidad por parte del Consejo Nacional de Acreditaci\u00f3n en Inform\u00e1tica y Computaci\u00f3n (CONAIC); adem\u00e1s, de manera general, este organismo acad\u00e9mico increment\u00f3 el n\u00famero de profesores que registra en el Sistema Nacional de Investigadores (SNI).<\/p>\n<p>En el marco del Cuarto Informe de Actividades del director de la Facultad de Contadur\u00eda y Administraci\u00f3n, Alejando Hern\u00e1ndez Su\u00e1rez, el rector de la UAEM, Alfredo Barrera Baca, destac\u00f3 que esta casa de estudios, a trav\u00e9s de este organismo universitario, responde a las demandas de los sectores p\u00fablico, privado y social, en materia de recursos humanos de excelencia, pero tambi\u00e9n a las de los j\u00f3venes que aspiran a cursar una licenciatura en una de las m\u00e1s prestigiadas universidades del pa\u00eds.<\/p>\n<p>Previo a develar una placa conmemorativa a la inauguraci\u00f3n de la Casa del Trabajador Administrativo, ubicada en la Unidad \u201cLos Uribe\u201d de la Facultad, Barrera Baca refiri\u00f3 que en este espacio universitario, profesores e investigadores generan nuevos conocimientos y eso permite el incremento en el n\u00famero de integrantes del Sistema Nacional de Investigadores (SNI); adem\u00e1s, los exhort\u00f3 a seguir construyendo redes de colaboraci\u00f3n internacional para interactuar globalmente, ya que ello impactar\u00e1 en la formaci\u00f3n integral de los estudiantes.<\/p>\n<p>Alejandro Hern\u00e1ndez Su\u00e1rez sostuvo que consciente de que la educaci\u00f3n superior es un instrumento vital para el fortalecimiento de la sociedad, este organismo ofrece programas pertinentes a m\u00e1s de tres mil 800 estudiantes; detall\u00f3 tambi\u00e9n, que la Maestr\u00eda en Recursos Humanos ingres\u00f3 al Padr\u00f3n Nacional de Posgrados de Calidad (PNPC).<\/p>\n<p>Ante alumnos, acad\u00e9micos, investigadores y personal administrativo, el rector de la M\u00e1xima Casa de Estudios mexiquense resalt\u00f3 la aportaci\u00f3n de los docentes y alumnos de esta facultad para satisfacer las demandas de la sociedad, pero tambi\u00e9n en datos de eficiencia terminal por cohorte generacional, cuyo promedio es superior al de la UAEM en su conjunto<\/p>\n","protected":false},"excerpt":{"rendered":"<p>\u00a0 El rector encabez\u00f3 el Cuarto Informe de Actividades del director de la Facultad de Contadur\u00eda y Administraci\u00f3n, Alejando Hern\u00e1ndez Su\u00e1rez. Asever\u00f3 que la instituci\u00f3n responde a las demandas de los sectores p\u00fablico, privado y social, en materia de recursos humanos de excelencia, y tambi\u00e9n a \u00a0los j\u00f3venes que aspiran a cursar una licenciatura en [&hellip;]<\/p>\n","protected":false},"author":3,"featured_media":17551,"comment_status":"open","ping_status":"open","sticky":false,"template":"","format":"standard","meta":{"footnotes":""},"categories":[16,5],"tags":[389,6255,1368],"class_list":{"0":"post-17550","1":"post","2":"type-post","3":"status-publish","4":"format-standard","5":"has-post-thumbnail","7":"category-foto","8":"category-nota-informativa","9":"tag-alfredo-barrera-baca","10":"tag-cuarto-informe-de-labores","11":"tag-facultad-de-contaduria-de-la-uaem"},"wps_subtitle":"","_links":{"self":[{"href":"https:\/\/www.porlalibreedomex.com\/index.php?rest_route=\/wp\/v2\/posts\/17550","targetHints":{"allow":["GET"]}}],"collection":[{"href":"https:\/\/www.porlalibreedomex.com\/index.php?rest_route=\/wp\/v2\/posts"}],"about":[{"href":"https:\/\/www.porlalibreedomex.com\/index.php?rest_route=\/wp\/v2\/types\/post"}],"author":[{"embeddable":true,"href":"https:\/\/www.porlalibreedomex.com\/index.php?rest_route=\/wp\/v2\/users\/3"}],"replies":[{"embeddable":true,"href":"https:\/\/www.porlalibreedomex.com\/index.php?rest_route=%2Fwp%2Fv2%2Fcomments&post=17550"}],"version-history":[{"count":2,"href":"https:\/\/www.porlalibreedomex.com\/index.php?rest_route=\/wp\/v2\/posts\/17550\/revisions"}],"predecessor-version":[{"id":17553,"href":"https:\/\/www.porlalibreedomex.com\/index.php?rest_route=\/wp\/v2\/posts\/17550\/revisions\/17553"}],"wp:featuredmedia":[{"embeddable":true,"href":"https:\/\/www.porlalibreedomex.com\/index.php?rest_route=\/wp\/v2\/media\/17551"}],"wp:attachment":[{"href":"https:\/\/www.porlalibreedomex.com\/index.php?rest_route=%2Fwp%2Fv2%2Fmedia&parent=17550"}],"wp:term":[{"taxonomy":"category","embeddable":true,"href":"https:\/\/www.porlalibreedomex.com\/index.php?rest_route=%2Fwp%2Fv2%2Fcategories&post=17550"},{"taxonomy":"post_tag","embeddable":true,"href":"https:\/\/www.porlalibreedomex.com\/index.php?rest_route=%2Fwp%2Fv2%2Ftags&post=17550"}],"curies":[{"name":"wp","href":"https:\/\/api.w.org\/{rel}","templated":true}]}}