{"id":17537,"date":"2017-05-21T09:05:02","date_gmt":"2017-05-21T14:05:02","guid":{"rendered":"http:\/\/www.porlalibreedomex.com\/?p=17537"},"modified":"2017-05-22T09:05:44","modified_gmt":"2017-05-22T14:05:44","slug":"festeja-el-sindicato-academico-a-docentes-de-la-uaem","status":"publish","type":"post","link":"https:\/\/www.porlalibreedomex.com\/?p=17537","title":{"rendered":"FESTEJA EL SINDICATO ACAD\u00c9MICO A DOCENTES DE LA UAEM"},"content":{"rendered":"<figure id=\"attachment_17538\" aria-describedby=\"caption-attachment-17538\" style=\"width: 700px\" class=\"wp-caption aligncenter\"><a href=\"http:\/\/www.porlalibreedomex.com\/wp-content\/uploads\/2017\/05\/comun-0412-4.jpg\"><img loading=\"lazy\" decoding=\"async\" class=\"size-large wp-image-17538\" src=\"http:\/\/www.porlalibreedomex.com\/wp-content\/uploads\/2017\/05\/comun-0412-4-1024x683.jpg\" alt=\"\" width=\"700\" height=\"467\" srcset=\"https:\/\/www.porlalibreedomex.com\/wp-content\/uploads\/2017\/05\/comun-0412-4-1024x683.jpg 1024w, https:\/\/www.porlalibreedomex.com\/wp-content\/uploads\/2017\/05\/comun-0412-4-300x200.jpg 300w, https:\/\/www.porlalibreedomex.com\/wp-content\/uploads\/2017\/05\/comun-0412-4-768x512.jpg 768w\" sizes=\"auto, (max-width: 700px) 100vw, 700px\" \/><\/a><figcaption id=\"caption-attachment-17538\" class=\"wp-caption-text\">Con la presencia del Rector Alfredo Barrera Baca, la FAAPAUAEM que encabeza V\u00edctor Manuel Pineda festej\u00f3 a los docentes universitarios.<\/figcaption><\/figure>\n<p><strong>\u00a0<\/strong><\/p>\n<ul>\n<li><em>La Federaci\u00f3n de Asociaciones Aut\u00f3nomas de Personal Acad\u00e9mico de la instituci\u00f3n (FAAPAUAEM) llev\u00f3 a cabo la XXXV Cena-Baile Conmemorativa al D\u00eda del Maestro.<\/em><\/li>\n<\/ul>\n<p><em>\u00a0<\/em><\/p>\n<p><strong>Toluca, M\u00e9x. \u2013 20 de mayo de 2017. <\/strong>Para celebrar al claustro docente de la Universidad Aut\u00f3noma del Estado de M\u00e9xico, la Federaci\u00f3n de Asociaciones Aut\u00f3nomas de Personal Acad\u00e9mico de la instituci\u00f3n (FAAPAUAEM) llev\u00f3 a cabo la XXXV Cena-Baile Conmemorativa al D\u00eda del Maestro.<\/p>\n<p>Al encabezar este evento, en compa\u00f1\u00eda del secretario general de la FAAPAUAEM, V\u00edctor Manuel Pineda Guti\u00e9rrez, el rector Alfredo Barrera Baca sostuvo que los catedr\u00e1ticos y en especial los docentes de una universidad p\u00fablica como la Aut\u00f3noma mexiquense, tienen un compromiso \u00e9tico e intelectual, adem\u00e1s de la misi\u00f3n de formar a j\u00f3venes m\u00e1s solidarios con los problemas de la sociedad.<\/p>\n<p>Este tradicional festejo, dijo, adem\u00e1s de permitir la convivencia entre colegas, permite agradecer y destacar el desempe\u00f1o que los acad\u00e9micos han tenido en la ense\u00f1anza, la investigaci\u00f3n y contribuyendo al crecimiento humano y al prestigio de la UAEM, pero sobre todo, ante un alumnado diverso como el que integra la matr\u00edcula de esta casa de estudios, conscientes de que el conocimiento es un recurso para fortalecernos en las adversidades.<\/p>\n<p>Alfredo Barrera Baca refrend\u00f3 su voluntad para redoblar esfuerzos en el mejoramiento de las condiciones laborales de los acad\u00e9micos e hizo un llamado \u201cpara poner mente y coraz\u00f3n en cada una de sus tareas, para encontrar la grandeza de la ense\u00f1anza\u201d.<\/p>\n<p>En el evento, al que asisti\u00f3 la presidenta de la Consejo de C\u00e1maras y Asociaciones Empresariales en el Estado de M\u00e9xico, Mar\u00eda de Lourdes Medina Ortega, Pineda Guti\u00e9rrez se\u00f1al\u00f3 que mediante la tradicional cena-baile se celebra la labor que desempe\u00f1a el catedr\u00e1tico universitario, cuyo profesionalismo se observa en sus actividades de ense\u00f1anza, actualizaci\u00f3n del conocimiento, investigaci\u00f3n y difusi\u00f3n de la cultura.<\/p>\n<p>Luego de que Pineda Guti\u00e9rrez reiter\u00f3 el respaldo de la agrupaci\u00f3n sindical a la Administraci\u00f3n 2017-2021 de la UAEM, se realiz\u00f3 la tradicional rifa de un veh\u00edculo.<\/p>\n","protected":false},"excerpt":{"rendered":"<p>\u00a0 La Federaci\u00f3n de Asociaciones Aut\u00f3nomas de Personal Acad\u00e9mico de la instituci\u00f3n (FAAPAUAEM) llev\u00f3 a cabo la XXXV Cena-Baile Conmemorativa al D\u00eda del Maestro. \u00a0 Toluca, M\u00e9x. \u2013 20 de mayo de 2017. Para celebrar al claustro docente de la Universidad Aut\u00f3noma del Estado de M\u00e9xico, la Federaci\u00f3n de Asociaciones Aut\u00f3nomas de Personal Acad\u00e9mico de [&hellip;]<\/p>\n","protected":false},"author":3,"featured_media":17538,"comment_status":"open","ping_status":"open","sticky":false,"template":"","format":"standard","meta":{"footnotes":""},"categories":[16,5],"tags":[578,505,9120],"class_list":{"0":"post-17537","1":"post","2":"type-post","3":"status-publish","4":"format-standard","5":"has-post-thumbnail","7":"category-foto","8":"category-nota-informativa","9":"tag-dia-del-maestro","10":"tag-faapauaem","11":"tag-festejo-a-docentes-universitarios"},"wps_subtitle":"","_links":{"self":[{"href":"https:\/\/www.porlalibreedomex.com\/index.php?rest_route=\/wp\/v2\/posts\/17537","targetHints":{"allow":["GET"]}}],"collection":[{"href":"https:\/\/www.porlalibreedomex.com\/index.php?rest_route=\/wp\/v2\/posts"}],"about":[{"href":"https:\/\/www.porlalibreedomex.com\/index.php?rest_route=\/wp\/v2\/types\/post"}],"author":[{"embeddable":true,"href":"https:\/\/www.porlalibreedomex.com\/index.php?rest_route=\/wp\/v2\/users\/3"}],"replies":[{"embeddable":true,"href":"https:\/\/www.porlalibreedomex.com\/index.php?rest_route=%2Fwp%2Fv2%2Fcomments&post=17537"}],"version-history":[{"count":2,"href":"https:\/\/www.porlalibreedomex.com\/index.php?rest_route=\/wp\/v2\/posts\/17537\/revisions"}],"predecessor-version":[{"id":17540,"href":"https:\/\/www.porlalibreedomex.com\/index.php?rest_route=\/wp\/v2\/posts\/17537\/revisions\/17540"}],"wp:featuredmedia":[{"embeddable":true,"href":"https:\/\/www.porlalibreedomex.com\/index.php?rest_route=\/wp\/v2\/media\/17538"}],"wp:attachment":[{"href":"https:\/\/www.porlalibreedomex.com\/index.php?rest_route=%2Fwp%2Fv2%2Fmedia&parent=17537"}],"wp:term":[{"taxonomy":"category","embeddable":true,"href":"https:\/\/www.porlalibreedomex.com\/index.php?rest_route=%2Fwp%2Fv2%2Fcategories&post=17537"},{"taxonomy":"post_tag","embeddable":true,"href":"https:\/\/www.porlalibreedomex.com\/index.php?rest_route=%2Fwp%2Fv2%2Ftags&post=17537"}],"curies":[{"name":"wp","href":"https:\/\/api.w.org\/{rel}","templated":true}]}}