{"id":17519,"date":"2017-05-19T14:56:55","date_gmt":"2017-05-19T19:56:55","guid":{"rendered":"http:\/\/www.porlalibreedomex.com\/?p=17519"},"modified":"2017-05-19T14:56:55","modified_gmt":"2017-05-19T19:56:55","slug":"me-entregare-por-completo-a-resolver-el-reto-de-la-inseguridad-del-mazo","status":"publish","type":"post","link":"https:\/\/www.porlalibreedomex.com\/?p=17519","title":{"rendered":"Me entregar\u00e9 por completo a resolver el reto de la inseguridad: Del Mazo"},"content":{"rendered":"<ul>\n<li><a href=\"http:\/\/www.porlalibreedomex.com\/wp-content\/uploads\/2017\/05\/image-14.jpeg\"><img loading=\"lazy\" decoding=\"async\" class=\"aligncenter size-full wp-image-17525\" src=\"http:\/\/www.porlalibreedomex.com\/wp-content\/uploads\/2017\/05\/image-14.jpeg\" alt=\"\" width=\"2592\" height=\"1936\" srcset=\"https:\/\/www.porlalibreedomex.com\/wp-content\/uploads\/2017\/05\/image-14.jpeg 2592w, https:\/\/www.porlalibreedomex.com\/wp-content\/uploads\/2017\/05\/image-14-300x224.jpeg 300w, https:\/\/www.porlalibreedomex.com\/wp-content\/uploads\/2017\/05\/image-14-768x574.jpeg 768w, https:\/\/www.porlalibreedomex.com\/wp-content\/uploads\/2017\/05\/image-14-1024x765.jpeg 1024w\" sizes=\"auto, (max-width: 2592px) 100vw, 2592px\" \/><\/a> Las propuestas de Del Mazo son las propuestas de un gobierno generador de empleos, que protege a las mujeres, piensa en los j\u00f3venes, en la educaci\u00f3n y en la cultura: C\u00e9sar Camacho Quiroz<\/li>\n<\/ul>\n<audio class=\"wp-audio-shortcode\" id=\"audio-17519-1\" preload=\"none\" style=\"width: 100%;\" controls=\"controls\"><source type=\"audio\/mpeg\" src=\"http:\/\/www.porlalibreedomex.com\/wp-content\/uploads\/2017\/05\/2017-05-18-AUDIO-00001621.mp3?_=1\" \/><a href=\"http:\/\/www.porlalibreedomex.com\/wp-content\/uploads\/2017\/05\/2017-05-18-AUDIO-00001621.mp3\">http:\/\/www.porlalibreedomex.com\/wp-content\/uploads\/2017\/05\/2017-05-18-AUDIO-00001621.mp3<\/a><\/audio>\n<p>Chalco, M\u00e9xico, 18 de mayo de 2017.-Alfredo Del Mazo, candidato al gobierno del Estado de M\u00e9xico por la coalici\u00f3n PRI, PVEM, Nueva Alianza y Encuentro Social, se comprometi\u00f3 a entregarse totalmente a resolver el reto de la inseguridad y a trabajar para que las familias mexiquenses se sientan seguras en su casa, en las calles, en sus trabajos y en el transporte p\u00fablico.<\/p>\n<p>Del Mazo se\u00f1al\u00f3 en el Foro Seguridad y justicia, que se requiere de mano firme para hacer frente a esta demanda y \u00e9sta ser\u00e1 una tarea fundamental para que la vida de los mexiquenses sea cada vez mejor, por ello, dijo que sus propuestas de gobierno est\u00e1n enfocadas a ofrecer seguridad a las familias dentro y fuera de sus casas.<\/p>\n<p>Tambi\u00e9n refiri\u00f3 que trabajar\u00e1 para evitar la violencia intrafamiliar, proteger a las mujeres facilitando la denuncia cuando sufran alg\u00fan ataque o acoso; reconociendo la alerta de g\u00e9nero cuando deba de existir, instalando en los municipios centros de atenci\u00f3n a mujeres y agilizando el servicio de los ministerios p\u00fablicos.<\/p>\n<p>De la misma forma, se\u00f1al\u00f3 el uso de la tecnolog\u00eda con los centros de videovigilancia, de los cuales crear\u00e1 dos nuevos, uno en Naucalpan y otro en la zona oriente, adem\u00e1s de fortalecer el sistema de justicia, depurar las polic\u00edas y trabajar coordinadamente con organizaciones civiles.<\/p>\n<figure id=\"attachment_17529\" aria-describedby=\"caption-attachment-17529\" style=\"width: 700px\" class=\"wp-caption aligncenter\"><a href=\"http:\/\/www.porlalibreedomex.com\/wp-content\/uploads\/2017\/05\/IMG_6898.jpg\"><img loading=\"lazy\" decoding=\"async\" class=\"size-large wp-image-17529\" src=\"http:\/\/www.porlalibreedomex.com\/wp-content\/uploads\/2017\/05\/IMG_6898-1024x683.jpg\" alt=\"\" width=\"700\" height=\"467\" srcset=\"https:\/\/www.porlalibreedomex.com\/wp-content\/uploads\/2017\/05\/IMG_6898-1024x683.jpg 1024w, https:\/\/www.porlalibreedomex.com\/wp-content\/uploads\/2017\/05\/IMG_6898-300x200.jpg 300w, https:\/\/www.porlalibreedomex.com\/wp-content\/uploads\/2017\/05\/IMG_6898-768x512.jpg 768w, https:\/\/www.porlalibreedomex.com\/wp-content\/uploads\/2017\/05\/IMG_6898.jpg 1920w\" sizes=\"auto, (max-width: 700px) 100vw, 700px\" \/><\/a><figcaption id=\"caption-attachment-17529\" class=\"wp-caption-text\">Se trata, dijo el exgobernador C\u00e9sar Camacho, de hacer que triunfe un proyecto de estado alineado a un proyecto de pa\u00eds, donde la seguridad y la justicia siempre sean el preludio de la paz.<\/figcaption><\/figure>\n<p>En su intervenci\u00f3n, C\u00e9sar Camacho Quiroz, coordinador de la bancada priista en San L\u00e1zaro, afirm\u00f3 que en el Estado de M\u00e9xico hay que trabajar por un proyecto que ayude al desarrollo de la entidad m\u00e1s grande del pa\u00eds, en donde, asever\u00f3, <strong>no haya espacio para la impunidad, la arbitrariedad y los caprichos,<\/strong> pues siempre debe estar primero el inter\u00e9s com\u00fan sobre el personal.<\/p>\n<p>Se trata, dijo, de hacer que triunfe un proyecto de estado alineado a un proyecto de pa\u00eds, donde la seguridad y la justicia siempre sean el preludio de la paz, por ello, puntualiz\u00f3 que hay que crear pol\u00edticas p\u00fablicas orientadas a la prevenci\u00f3n del delito y nuestro candidato, Alfredo Del Mazo tiene la capacidad, la preparaci\u00f3n, el talante y la fuerza necesaria para lograrlo.<\/p>\n<p>Camacho Quiroz a\u00f1adi\u00f3 que las propuestas de Del Mazo son las propuestas de un gobierno generador de empleos, que protege a las mujeres, piensa en los j\u00f3venes y en la educaci\u00f3n y que invertir\u00e1 en cultura, y \u00abesa es la mejor opci\u00f3n para el Estado de M\u00e9xico\u00bb, subray\u00f3.<\/p>\n<p>Las propuestas vertidas en el Foro de Seguridad y Justicia formar\u00e1n parte del plan de gobierno y participaron m\u00e1s de 600 personas, entre juristas, magistrados y especialistas con 290 ponencias, y con temas como el Sistema penitenciario, Procuraci\u00f3n y administraci\u00f3n de justicia, Seguridad humana prevenci\u00f3n social del delito y seguridad p\u00fablica.<\/p>\n<figure id=\"attachment_17531\" aria-describedby=\"caption-attachment-17531\" style=\"width: 300px\" class=\"wp-caption alignleft\"><a href=\"http:\/\/www.porlalibreedomex.com\/wp-content\/uploads\/2017\/05\/IMG_8206.jpg\"><img loading=\"lazy\" decoding=\"async\" class=\"size-medium wp-image-17531\" src=\"http:\/\/www.porlalibreedomex.com\/wp-content\/uploads\/2017\/05\/IMG_8206-300x200.jpg\" alt=\"\" width=\"300\" height=\"200\" srcset=\"https:\/\/www.porlalibreedomex.com\/wp-content\/uploads\/2017\/05\/IMG_8206-300x200.jpg 300w, https:\/\/www.porlalibreedomex.com\/wp-content\/uploads\/2017\/05\/IMG_8206-768x512.jpg 768w, https:\/\/www.porlalibreedomex.com\/wp-content\/uploads\/2017\/05\/IMG_8206-1024x683.jpg 1024w, https:\/\/www.porlalibreedomex.com\/wp-content\/uploads\/2017\/05\/IMG_8206.jpg 1920w\" sizes=\"auto, (max-width: 300px) 100vw, 300px\" \/><\/a><figcaption id=\"caption-attachment-17531\" class=\"wp-caption-text\">Alejandro Mart\u00ed, presidente de M\u00e9xico SOS, con Alfredo del Mazo, en el Foro Estatal sobre Seguridad P\u00fablica<\/figcaption><\/figure>\n<p>En este encuentro estuvieron presentes Alejandro Mart\u00ed, presidente y fundador de M\u00e9xico SOS, el ex procurador del Estado de M\u00e9xico, Miguel \u00c1ngel Contreras Nieto, adem\u00e1s de representantes de las organizaciones civiles que trabajan en este \u00e1mbito.<\/p>\n","protected":false},"excerpt":{"rendered":"<p>Las propuestas de Del Mazo son las propuestas de un gobierno generador de empleos, que protege a las mujeres, piensa en los j\u00f3venes, en la educaci\u00f3n y en la cultura: C\u00e9sar Camacho Quiroz Chalco, M\u00e9xico, 18 de mayo de 2017.-Alfredo Del Mazo, candidato al gobierno del Estado de M\u00e9xico por la coalici\u00f3n PRI, PVEM, Nueva [&hellip;]<\/p>\n","protected":false},"author":3,"featured_media":17529,"comment_status":"open","ping_status":"open","sticky":false,"template":"","format":"standard","meta":{"footnotes":""},"categories":[8741,16,5,1],"tags":[5443,9118,9116,9115,9117],"class_list":{"0":"post-17519","1":"post","2":"type-post","3":"status-publish","4":"format-standard","5":"has-post-thumbnail","7":"category-audio","8":"category-foto","9":"category-nota-informativa","10":"category-uncategorized","11":"tag-alfredo-del-mazo-maza","12":"tag-alfredo-del-mazo-propuestas","13":"tag-candidato-al-gobierno-del-estado-de-mexico","14":"tag-diputado-federal-cesar-camacho-quiroz","15":"tag-foro-estatal-sobre-seguridad-y-justicia"},"wps_subtitle":"","_links":{"self":[{"href":"https:\/\/www.porlalibreedomex.com\/index.php?rest_route=\/wp\/v2\/posts\/17519","targetHints":{"allow":["GET"]}}],"collection":[{"href":"https:\/\/www.porlalibreedomex.com\/index.php?rest_route=\/wp\/v2\/posts"}],"about":[{"href":"https:\/\/www.porlalibreedomex.com\/index.php?rest_route=\/wp\/v2\/types\/post"}],"author":[{"embeddable":true,"href":"https:\/\/www.porlalibreedomex.com\/index.php?rest_route=\/wp\/v2\/users\/3"}],"replies":[{"embeddable":true,"href":"https:\/\/www.porlalibreedomex.com\/index.php?rest_route=%2Fwp%2Fv2%2Fcomments&post=17519"}],"version-history":[{"count":4,"href":"https:\/\/www.porlalibreedomex.com\/index.php?rest_route=\/wp\/v2\/posts\/17519\/revisions"}],"predecessor-version":[{"id":17532,"href":"https:\/\/www.porlalibreedomex.com\/index.php?rest_route=\/wp\/v2\/posts\/17519\/revisions\/17532"}],"wp:featuredmedia":[{"embeddable":true,"href":"https:\/\/www.porlalibreedomex.com\/index.php?rest_route=\/wp\/v2\/media\/17529"}],"wp:attachment":[{"href":"https:\/\/www.porlalibreedomex.com\/index.php?rest_route=%2Fwp%2Fv2%2Fmedia&parent=17519"}],"wp:term":[{"taxonomy":"category","embeddable":true,"href":"https:\/\/www.porlalibreedomex.com\/index.php?rest_route=%2Fwp%2Fv2%2Fcategories&post=17519"},{"taxonomy":"post_tag","embeddable":true,"href":"https:\/\/www.porlalibreedomex.com\/index.php?rest_route=%2Fwp%2Fv2%2Ftags&post=17519"}],"curies":[{"name":"wp","href":"https:\/\/api.w.org\/{rel}","templated":true}]}}