{"id":17447,"date":"2017-05-10T10:50:43","date_gmt":"2017-05-10T15:50:43","guid":{"rendered":"http:\/\/www.porlalibreedomex.com\/?p=17447"},"modified":"2017-05-18T10:51:03","modified_gmt":"2017-05-18T15:51:03","slug":"caen-mas-preseas-en-lucha-universitaria-para-uaem","status":"publish","type":"post","link":"https:\/\/www.porlalibreedomex.com\/?p=17447","title":{"rendered":"CAEN MAS PRESEAS EN LUCHA UNIVERSITARIA PARA UAEM"},"content":{"rendered":"<div id=\"x_yui_3_16_0_ym19_1_1494452984364_10521\"><span id=\"x_yui_3_16_0_ym19_1_1494452984364_10522\"><a href=\"http:\/\/www.porlalibreedomex.com\/wp-content\/uploads\/2017\/05\/lucha-universitaria.jpg\"><img loading=\"lazy\" decoding=\"async\" class=\"aligncenter size-full wp-image-17491\" src=\"http:\/\/www.porlalibreedomex.com\/wp-content\/uploads\/2017\/05\/lucha-universitaria.jpg\" alt=\"\" width=\"1280\" height=\"853\" srcset=\"https:\/\/www.porlalibreedomex.com\/wp-content\/uploads\/2017\/05\/lucha-universitaria.jpg 1280w, https:\/\/www.porlalibreedomex.com\/wp-content\/uploads\/2017\/05\/lucha-universitaria-300x200.jpg 300w, https:\/\/www.porlalibreedomex.com\/wp-content\/uploads\/2017\/05\/lucha-universitaria-768x512.jpg 768w, https:\/\/www.porlalibreedomex.com\/wp-content\/uploads\/2017\/05\/lucha-universitaria-1024x682.jpg 1024w\" sizes=\"auto, (max-width: 1280px) 100vw, 1280px\" \/><\/a>Otro buen d\u00eda para el representativo de la Universidad Aut\u00f3noma del Estado de M\u00e9xico, en la Universiada Nacional UANL 2017, toda vez que Lucha Universitaria obtuvo \u00a0tres preseas una de plata y dos de bronce.<\/span><\/div>\n<div id=\"x_yui_3_16_0_ym19_1_1494452984364_10524\"><span id=\"x_yui_3_16_0_ym19_1_1494452984364_10525\">Patricia Olvera Gonz\u00e1lez, estudiante de la Facultad de Ciencias Agricolas, se adjudic\u00f3 el segundo lugar en Lucha Universitaria, dentro de los 63 kg.<\/span><\/div>\n<div id=\"x_yui_3_16_0_ym19_1_1494452984364_10527\"><span id=\"x_yui_3_16_0_ym19_1_1494452984364_10528\">Adem\u00e1s el deportista universitario Fernando Gir\u00f3n B\u00e1rcenas, estudiante de la Facultad de Lengua, obtuvo el tercer lugar dentro de los 125 kg.<\/span><\/div>\n<div id=\"x_yui_3_16_0_ym19_1_1494452984364_10530\"><span id=\"x_yui_3_16_0_ym19_1_1494452984364_10531\">Luis Vald\u00e9s Cienfuegos, estudiante de la Facultad de Contadur\u00eda y Administraci\u00f3n, obtuvo la presea de bronce en esta justa deportiva universitaria, dentro de los 74 kg.<\/span><\/div>\n<div id=\"x_yui_3_16_0_ym19_1_1494452984364_10533\"><span id=\"x_yui_3_16_0_ym19_1_1494452984364_10534\">As\u00ed que un buen trabajo de los entrenadores Alejandro Retureta\u00a0 y H\u00e9ctor Gaona, para tener estos buenos resultados de Lucha Universitaria de la Universiada Nacional.<\/span><\/div>\n","protected":false},"excerpt":{"rendered":"<p>Otro buen d\u00eda para el representativo de la Universidad Aut\u00f3noma del Estado de M\u00e9xico, en la Universiada Nacional UANL 2017, toda vez que Lucha Universitaria obtuvo \u00a0tres preseas una de plata y dos de bronce. Patricia Olvera Gonz\u00e1lez, estudiante de la Facultad de Ciencias Agricolas, se adjudic\u00f3 el segundo lugar en Lucha Universitaria, dentro de [&hellip;]<\/p>\n","protected":false},"author":3,"featured_media":17491,"comment_status":"open","ping_status":"open","sticky":false,"template":"","format":"standard","meta":{"footnotes":""},"categories":[2481,16,5],"tags":[1224,642,3356,9105,13,9104],"class_list":{"0":"post-17447","1":"post","2":"type-post","3":"status-publish","4":"format-standard","5":"has-post-thumbnail","7":"category-deportes","8":"category-foto","9":"category-nota-informativa","10":"tag-facultad-de-ciencias-agricolas","11":"tag-facultad-de-contaduria-y-administracion","12":"tag-facultad-de-lenguas","13":"tag-lucha-universitaria","14":"tag-uaem","15":"tag-uanl"},"wps_subtitle":"","_links":{"self":[{"href":"https:\/\/www.porlalibreedomex.com\/index.php?rest_route=\/wp\/v2\/posts\/17447","targetHints":{"allow":["GET"]}}],"collection":[{"href":"https:\/\/www.porlalibreedomex.com\/index.php?rest_route=\/wp\/v2\/posts"}],"about":[{"href":"https:\/\/www.porlalibreedomex.com\/index.php?rest_route=\/wp\/v2\/types\/post"}],"author":[{"embeddable":true,"href":"https:\/\/www.porlalibreedomex.com\/index.php?rest_route=\/wp\/v2\/users\/3"}],"replies":[{"embeddable":true,"href":"https:\/\/www.porlalibreedomex.com\/index.php?rest_route=%2Fwp%2Fv2%2Fcomments&post=17447"}],"version-history":[{"count":1,"href":"https:\/\/www.porlalibreedomex.com\/index.php?rest_route=\/wp\/v2\/posts\/17447\/revisions"}],"predecessor-version":[{"id":17492,"href":"https:\/\/www.porlalibreedomex.com\/index.php?rest_route=\/wp\/v2\/posts\/17447\/revisions\/17492"}],"wp:featuredmedia":[{"embeddable":true,"href":"https:\/\/www.porlalibreedomex.com\/index.php?rest_route=\/wp\/v2\/media\/17491"}],"wp:attachment":[{"href":"https:\/\/www.porlalibreedomex.com\/index.php?rest_route=%2Fwp%2Fv2%2Fmedia&parent=17447"}],"wp:term":[{"taxonomy":"category","embeddable":true,"href":"https:\/\/www.porlalibreedomex.com\/index.php?rest_route=%2Fwp%2Fv2%2Fcategories&post=17447"},{"taxonomy":"post_tag","embeddable":true,"href":"https:\/\/www.porlalibreedomex.com\/index.php?rest_route=%2Fwp%2Fv2%2Ftags&post=17447"}],"curies":[{"name":"wp","href":"https:\/\/api.w.org\/{rel}","templated":true}]}}