{"id":17414,"date":"2017-05-14T17:57:20","date_gmt":"2017-05-14T22:57:20","guid":{"rendered":"http:\/\/www.porlalibreedomex.com\/?p=17414"},"modified":"2017-05-14T18:26:18","modified_gmt":"2017-05-14T23:26:18","slug":"rinde-protesta-alfredo-barrera-baca-como-nuevo-rector-de-la-universidad-autonoma-del-estado-de-mexico","status":"publish","type":"post","link":"https:\/\/www.porlalibreedomex.com\/?p=17414","title":{"rendered":"Rinde protesta Alfredo Barrera Baca como nuevo rector de la  Universidad Aut\u00f3noma del Estado de M\u00e9xico"},"content":{"rendered":"<p>&nbsp;<\/p>\n<p>&nbsp;<\/p>\n<figure id=\"attachment_17415\" aria-describedby=\"caption-attachment-17415\" style=\"width: 960px\" class=\"wp-caption aligncenter\"><a href=\"http:\/\/www.porlalibreedomex.com\/wp-content\/uploads\/2017\/05\/RINDE-PROTESTA-EL-NUEVO-RECTOR-DE-LA-UAEM-aLFREDO-BARRERA-BACA.jpg\"><img loading=\"lazy\" decoding=\"async\" class=\"size-full wp-image-17415\" src=\"http:\/\/www.porlalibreedomex.com\/wp-content\/uploads\/2017\/05\/RINDE-PROTESTA-EL-NUEVO-RECTOR-DE-LA-UAEM-aLFREDO-BARRERA-BACA.jpg\" alt=\"\" width=\"960\" height=\"636\" srcset=\"https:\/\/www.porlalibreedomex.com\/wp-content\/uploads\/2017\/05\/RINDE-PROTESTA-EL-NUEVO-RECTOR-DE-LA-UAEM-aLFREDO-BARRERA-BACA.jpg 960w, https:\/\/www.porlalibreedomex.com\/wp-content\/uploads\/2017\/05\/RINDE-PROTESTA-EL-NUEVO-RECTOR-DE-LA-UAEM-aLFREDO-BARRERA-BACA-300x199.jpg 300w, https:\/\/www.porlalibreedomex.com\/wp-content\/uploads\/2017\/05\/RINDE-PROTESTA-EL-NUEVO-RECTOR-DE-LA-UAEM-aLFREDO-BARRERA-BACA-768x509.jpg 768w\" sizes=\"auto, (max-width: 960px) 100vw, 960px\" \/><\/a><figcaption id=\"caption-attachment-17415\" class=\"wp-caption-text\">NUEVO RECTOR.- Rindi\u00f3 protesta como nuevo rector de la UAEM, el doctor en Educaci\u00f3n y Filosof\u00eda Alfredo Barrera Baca ante el Consejo Universitario. Se la tom\u00f3 el rector saliente, Jorge Olvera Garc\u00eda<\/figcaption><\/figure>\n<ul>\n<li><strong>\u00a0<\/strong><em>No habr\u00e1 aumento de cuotas en la UAEM para el pr\u00f3ximo ciclo escolar, adelant\u00f3.<\/em><\/li>\n<li><em>Ser\u00e1 la Universidad un espacio para valorar y reforzar el sentido de identidad, pertenencia y transcendencia hist\u00f3rica entre la poblaci\u00f3n.<\/em><\/li>\n<\/ul>\n<p><em>\u00a0<\/em><\/p>\n<div id='gallery-1' class='gallery galleryid-17414 gallery-columns-3 gallery-size-medium'><figure class='gallery-item'>\n\t\t\t<div class='gallery-icon landscape'>\n\t\t\t\t<a href='https:\/\/www.porlalibreedomex.com\/?attachment_id=17420'><img loading=\"lazy\" decoding=\"async\" width=\"300\" height=\"200\" src=\"https:\/\/www.porlalibreedomex.com\/wp-content\/uploads\/2017\/05\/MG_9596-300x200.jpg\" class=\"attachment-medium size-medium\" alt=\"\" aria-describedby=\"gallery-1-17420\" srcset=\"https:\/\/www.porlalibreedomex.com\/wp-content\/uploads\/2017\/05\/MG_9596-300x200.jpg 300w, https:\/\/www.porlalibreedomex.com\/wp-content\/uploads\/2017\/05\/MG_9596-768x512.jpg 768w, https:\/\/www.porlalibreedomex.com\/wp-content\/uploads\/2017\/05\/MG_9596-1024x683.jpg 1024w, https:\/\/www.porlalibreedomex.com\/wp-content\/uploads\/2017\/05\/MG_9596.jpg 1382w\" sizes=\"auto, (max-width: 300px) 100vw, 300px\" \/><\/a>\n\t\t\t<\/div>\n\t\t\t\t<figcaption class='wp-caption-text gallery-caption' id='gallery-1-17420'>\n\t\t\t\tTransici\u00f3n institucional, para seguir impulsando el desarrollo de la Universidad Aut\u00f3noma del Estado de M\u00e9xico\n\t\t\t\t<\/figcaption><\/figure><figure class='gallery-item'>\n\t\t\t<div class='gallery-icon landscape'>\n\t\t\t\t<a href='https:\/\/www.porlalibreedomex.com\/?attachment_id=17421'><img loading=\"lazy\" decoding=\"async\" width=\"300\" height=\"200\" src=\"https:\/\/www.porlalibreedomex.com\/wp-content\/uploads\/2017\/05\/MG_9640-300x200.jpg\" class=\"attachment-medium size-medium\" alt=\"\" aria-describedby=\"gallery-1-17421\" srcset=\"https:\/\/www.porlalibreedomex.com\/wp-content\/uploads\/2017\/05\/MG_9640-300x200.jpg 300w, https:\/\/www.porlalibreedomex.com\/wp-content\/uploads\/2017\/05\/MG_9640-768x512.jpg 768w, https:\/\/www.porlalibreedomex.com\/wp-content\/uploads\/2017\/05\/MG_9640-1024x683.jpg 1024w\" sizes=\"auto, (max-width: 300px) 100vw, 300px\" \/><\/a>\n\t\t\t<\/div>\n\t\t\t\t<figcaption class='wp-caption-text gallery-caption' id='gallery-1-17421'>\n\t\t\t\tAtaviado con la vestimenta que indica le legislaci\u00f3n universitaria, el Doctor Alfredo Barrera Baca concluye la sesi\u00f3n\n\t\t\t\t<\/figcaption><\/figure><figure class='gallery-item'>\n\t\t\t<div class='gallery-icon landscape'>\n\t\t\t\t<a href='https:\/\/www.porlalibreedomex.com\/?attachment_id=17422'><img loading=\"lazy\" decoding=\"async\" width=\"300\" height=\"200\" src=\"https:\/\/www.porlalibreedomex.com\/wp-content\/uploads\/2017\/05\/MG_9609-300x200.jpg\" class=\"attachment-medium size-medium\" alt=\"\" aria-describedby=\"gallery-1-17422\" srcset=\"https:\/\/www.porlalibreedomex.com\/wp-content\/uploads\/2017\/05\/MG_9609-300x200.jpg 300w, https:\/\/www.porlalibreedomex.com\/wp-content\/uploads\/2017\/05\/MG_9609-768x512.jpg 768w, https:\/\/www.porlalibreedomex.com\/wp-content\/uploads\/2017\/05\/MG_9609-1024x682.jpg 1024w, https:\/\/www.porlalibreedomex.com\/wp-content\/uploads\/2017\/05\/MG_9609.jpg 1826w\" sizes=\"auto, (max-width: 300px) 100vw, 300px\" \/><\/a>\n\t\t\t<\/div>\n\t\t\t\t<figcaption class='wp-caption-text gallery-caption' id='gallery-1-17422'>\n\t\t\t\tEl Rector saliente, Jorge Olvera Garc\u00eda impone la venera, muceta, toga y birrete a su relevo (FOTOS Dar\u00edo Priego)\n\t\t\t\t<\/figcaption><\/figure>\n\t\t<\/div>\n\n<p><strong>Toluca, M\u00e9x. \u2013 14 de mayo de 2017.<\/strong> Despu\u00e9s de rendir protesta ante el pleno del H. Consejo Universitario, como rector de la Universidad Aut\u00f3noma del Estado de M\u00e9xico, el Doctor en Filosof\u00eda y Ciencias de la Educaci\u00f3n Alfredo Barrera Baca sostuvo que la Administraci\u00f3n 2017-2021 de esta casa de estudios asume el compromiso local, sin evadir la competencia global y confirmar la pertinencia hist\u00f3rica de esta casa de estudios.<\/p>\n<p>Al presentar ante los medios de comunicaci\u00f3n a su equipo de trabajo, de cuyos integrantes subray\u00f3 \u201cse trata de hombres y mujeres que se destacan por su preparaci\u00f3n acad\u00e9mica\u00a0 y una experiencia profesional promedio superior a los 20 a\u00f1os dentro de la UAEM\u201d, asever\u00f3 que conf\u00eda plenamente en el equilibrio entre experiencia y juventud del equipo integrado casi por partes iguales por mujeres y hombres; \u201cconf\u00edo en que su actuar ser\u00e1 ejemplo de principios y valores, y estar\u00e1n sujetos a las leyes y reglamentos de la UAEM\u201d.<\/p>\n<p>Antes, al dirigirse por primera ocasi\u00f3n a los miembros del M\u00e1ximo \u00d3rgano Colegiado de la Aut\u00f3noma mexiquense, manifest\u00f3 que hoy inicia un nuevo ciclo de di\u00e1logo acad\u00e9mico y enfatiz\u00f3 que uno de los compromisos de esta administraci\u00f3n es enfatizar la vocaci\u00f3n humanista de la universidad p\u00fablica, mediante la formaci\u00f3n de profesionales \u00edntegros y ciudadanos capaces de promover la transformaci\u00f3n social.<\/p>\n<p>Reiter\u00f3 el compromiso que adquiri\u00f3 con la comunidad universitaria para consolidar\u00a0 el crecimiento de la M\u00e1xima Casa de Estudios mexiquense, a partir de los siguientes puntos: educar con\u00a0 mayor calidad a m\u00e1s personas; comprometer a la ciencia con la dignificaci\u00f3n humana, la productividad y el desarrollo sostenible;\u00a0 difundir la cultura para una ciudadan\u00eda universal, as\u00ed como retribuir a la sociedad con la generosidad y el profesionalismo de los universitarios y administrar la universidad con el incremento de sus capacidades y privilegiando la raz\u00f3n.<\/p>\n<p>El acad\u00e9mico, con una trayectoria profesional de 25 a\u00f1os en la instituci\u00f3n, cuyo trabajo se distingue por su compromiso con la educaci\u00f3n superior, habl\u00f3 de la necesidad de \u201cfortalecernos en la transparencia y consolidar el m\u00e9todo\u00a0 que distingue a los universitarios, basado en la reflexi\u00f3n serena, la cr\u00edtica\u00a0 propositiva\u00a0 y el debate comprometido\u201d.<\/p>\n<p>Alfredo Barrera Baca, quien en las recientes dos d\u00e9cadas particip\u00f3 en la creaci\u00f3n de 14 centros universitarios de la instituci\u00f3n en diversos municipios mexiquenses, dijo que partir de hoy la UAEM ser\u00e1 el espacio donde se diverge y converge; puntualiz\u00f3 que empe\u00f1a todas sus capacidades para que en conjunto con alumnos, acad\u00e9micos y personal administrativo, consoliden a \u00e9sta como una instituci\u00f3n que atesora la patria, genera ciencia y cultiva el trabajo.<\/p>\n<p>Ante los medios de comunicaci\u00f3n, Alfredo Barrera Baca coment\u00f3 que en los pr\u00f3ximos d\u00edas se presentar\u00e1 el Programa de Trabajo de los primeros 100 D\u00edas de la Administraci\u00f3n 2017-2021, que se enfocar\u00e1 en satisfacer las inquietudes expresadas por la comunidad universitaria durante el per\u00edodo de comparecencias en los diversos espacios universitarios.<\/p>\n<p>Reiter\u00f3 que no habr\u00e1 aumento de colegiaturas y que uno de los grandes retos de la UAEM es consolidar el crecimiento que ha tenido en los a\u00f1os recientes, buscando con firmeza el incremento de su presupuesto, a fin de que est\u00e9 acorde a su crecimiento.<\/p>\n","protected":false},"excerpt":{"rendered":"<p>&nbsp; &nbsp; \u00a0No habr\u00e1 aumento de cuotas en la UAEM para el pr\u00f3ximo ciclo escolar, adelant\u00f3. Ser\u00e1 la Universidad un espacio para valorar y reforzar el sentido de identidad, pertenencia y transcendencia hist\u00f3rica entre la poblaci\u00f3n. \u00a0 Toluca, M\u00e9x. \u2013 14 de mayo de 2017. Despu\u00e9s de rendir protesta ante el pleno del H. Consejo [&hellip;]<\/p>\n","protected":false},"author":3,"featured_media":17415,"comment_status":"open","ping_status":"open","sticky":false,"template":"","format":"standard","meta":{"footnotes":""},"categories":[16,5],"tags":[488,9067,9066],"class_list":{"0":"post-17414","1":"post","2":"type-post","3":"status-publish","4":"format-standard","5":"has-post-thumbnail","7":"category-foto","8":"category-nota-informativa","9":"tag-jorge-olvera-garcia","10":"tag-nuevo-rector-de-la-uaemex","11":"tag-rinde-protesta-alfredo-barrera-baca-como-nuevo-rector"},"wps_subtitle":"","_links":{"self":[{"href":"https:\/\/www.porlalibreedomex.com\/index.php?rest_route=\/wp\/v2\/posts\/17414","targetHints":{"allow":["GET"]}}],"collection":[{"href":"https:\/\/www.porlalibreedomex.com\/index.php?rest_route=\/wp\/v2\/posts"}],"about":[{"href":"https:\/\/www.porlalibreedomex.com\/index.php?rest_route=\/wp\/v2\/types\/post"}],"author":[{"embeddable":true,"href":"https:\/\/www.porlalibreedomex.com\/index.php?rest_route=\/wp\/v2\/users\/3"}],"replies":[{"embeddable":true,"href":"https:\/\/www.porlalibreedomex.com\/index.php?rest_route=%2Fwp%2Fv2%2Fcomments&post=17414"}],"version-history":[{"count":4,"href":"https:\/\/www.porlalibreedomex.com\/index.php?rest_route=\/wp\/v2\/posts\/17414\/revisions"}],"predecessor-version":[{"id":17426,"href":"https:\/\/www.porlalibreedomex.com\/index.php?rest_route=\/wp\/v2\/posts\/17414\/revisions\/17426"}],"wp:featuredmedia":[{"embeddable":true,"href":"https:\/\/www.porlalibreedomex.com\/index.php?rest_route=\/wp\/v2\/media\/17415"}],"wp:attachment":[{"href":"https:\/\/www.porlalibreedomex.com\/index.php?rest_route=%2Fwp%2Fv2%2Fmedia&parent=17414"}],"wp:term":[{"taxonomy":"category","embeddable":true,"href":"https:\/\/www.porlalibreedomex.com\/index.php?rest_route=%2Fwp%2Fv2%2Fcategories&post=17414"},{"taxonomy":"post_tag","embeddable":true,"href":"https:\/\/www.porlalibreedomex.com\/index.php?rest_route=%2Fwp%2Fv2%2Ftags&post=17414"}],"curies":[{"name":"wp","href":"https:\/\/api.w.org\/{rel}","templated":true}]}}