{"id":17408,"date":"2017-05-12T22:55:07","date_gmt":"2017-05-13T03:55:07","guid":{"rendered":"http:\/\/www.porlalibreedomex.com\/?p=17408"},"modified":"2017-05-13T22:55:23","modified_gmt":"2017-05-14T03:55:23","slug":"una-cronista-de-la-uaem-obtuvo-segundo-lugar-en-congreso-internacional-de-la-cronica-texcoco-2017","status":"publish","type":"post","link":"https:\/\/www.porlalibreedomex.com\/?p=17408","title":{"rendered":"Una Cronista de la UAEM obtuvo segundo lugar en  Congreso Internacional de la Cr\u00f3nica Texcoco 2017"},"content":{"rendered":"<ul>\n<li><strong>\u00a0<\/strong><em>En este evento, que se llev\u00f3 a cabo con motivo del 150\u00ba Aniversario de la Restauraci\u00f3n de la Rep\u00fablica 1867-2017, participaron varios integrantes del Colegio de Cronistas de la M\u00e1xima Casa de Estudios mexiquense, quienes tuvieron destacadas participaciones.<\/em><\/li>\n<\/ul>\n<p><em>\u00a0<\/em><\/p>\n<p>Maricela del Carmen Osorio Garc\u00eda, cronista del Plantel \u201cIgnacio Ram\u00edrez Calzada\u201d de la Escuela Preparatoria de la Universidad Aut\u00f3noma del Estado de M\u00e9xico, obtuvo el segundo lugar en el 25\u00ba Congreso Internacional de la Cr\u00f3nica Texcoco 2017.<\/p>\n<p>En este evento, que se llev\u00f3 a cabo con motivo del 150\u00ba Aniversario de la Restauraci\u00f3n de la Rep\u00fablica 1867-2017, teniendo como tema central \u201cLa Intervenci\u00f3n Francesa y la Rep\u00fablica Restaurada\u201d, participaron varios integrantes del Colegio de Cronistas de la M\u00e1xima Casa de Estudios mexiquense, quienes tuvieron destacadas participaciones.<\/p>\n<p>En este ejercicio, convocado por el H. Ayuntamiento de Texcoco, los universitarios participaron con m\u00e1s de 70 cronistas de todo el pa\u00eds y el extranjero, que se dieron cita para presentar sus trabajos en tres mesas de trabajo: Batallas y Guerra de Guerrillas: 1862-1867, Sucesos o An\u00e9cdotas de la Presencia de Francia del 1862 a 1867 y Fundaci\u00f3n de las Colonias Extranjeras de 1850 a 1900 en M\u00e9xico.<\/p>\n<p>Adem\u00e1s de la cronista del Plantel \u201cIgnacio Ram\u00edrez Calzada\u201d, Ang\u00e9lica Hern\u00e1ndez Leal, de la Unidad Acad\u00e9mica Profesional UAEM Nezahualc\u00f3yotl, y Carlos Chimal Cardoso, del Centro Universitario UAEM Atlacomulco, obtuvieron menciones honor\u00edficas.<\/p>\n<p>Cabe destacar tambi\u00e9n la participaci\u00f3n de Elena Gonz\u00e1lez Vargas, cronista Facultad de Qu\u00edmica; Alfredo D\u00edaz y Serna, de la Facultad Ciencias de la Conducta; Jes\u00fas Casta\u00f1eda Arratia, de la Facultad de Arquitectura y Dise\u00f1o, y Norma Gonz\u00e1lez Paredes, del Centro Universitario UAEM Texcoco.<\/p>\n","protected":false},"excerpt":{"rendered":"<p>\u00a0En este evento, que se llev\u00f3 a cabo con motivo del 150\u00ba Aniversario de la Restauraci\u00f3n de la Rep\u00fablica 1867-2017, participaron varios integrantes del Colegio de Cronistas de la M\u00e1xima Casa de Estudios mexiquense, quienes tuvieron destacadas participaciones. \u00a0 Maricela del Carmen Osorio Garc\u00eda, cronista del Plantel \u201cIgnacio Ram\u00edrez Calzada\u201d de la Escuela Preparatoria de [&hellip;]<\/p>\n","protected":false},"author":3,"featured_media":0,"comment_status":"open","ping_status":"open","sticky":false,"template":"","format":"standard","meta":{"footnotes":""},"categories":[16,5],"tags":[9060,9061,9062],"class_list":{"0":"post-17408","1":"post","2":"type-post","3":"status-publish","4":"format-standard","6":"category-foto","7":"category-nota-informativa","8":"tag-maricela-del-carmen-osorio-garcia","9":"tag-plantel-ignacio-ramirez-calzada-uaem","10":"tag-premian-a-cronista-de-la-uaem"},"wps_subtitle":"","_links":{"self":[{"href":"https:\/\/www.porlalibreedomex.com\/index.php?rest_route=\/wp\/v2\/posts\/17408","targetHints":{"allow":["GET"]}}],"collection":[{"href":"https:\/\/www.porlalibreedomex.com\/index.php?rest_route=\/wp\/v2\/posts"}],"about":[{"href":"https:\/\/www.porlalibreedomex.com\/index.php?rest_route=\/wp\/v2\/types\/post"}],"author":[{"embeddable":true,"href":"https:\/\/www.porlalibreedomex.com\/index.php?rest_route=\/wp\/v2\/users\/3"}],"replies":[{"embeddable":true,"href":"https:\/\/www.porlalibreedomex.com\/index.php?rest_route=%2Fwp%2Fv2%2Fcomments&post=17408"}],"version-history":[{"count":2,"href":"https:\/\/www.porlalibreedomex.com\/index.php?rest_route=\/wp\/v2\/posts\/17408\/revisions"}],"predecessor-version":[{"id":17410,"href":"https:\/\/www.porlalibreedomex.com\/index.php?rest_route=\/wp\/v2\/posts\/17408\/revisions\/17410"}],"wp:attachment":[{"href":"https:\/\/www.porlalibreedomex.com\/index.php?rest_route=%2Fwp%2Fv2%2Fmedia&parent=17408"}],"wp:term":[{"taxonomy":"category","embeddable":true,"href":"https:\/\/www.porlalibreedomex.com\/index.php?rest_route=%2Fwp%2Fv2%2Fcategories&post=17408"},{"taxonomy":"post_tag","embeddable":true,"href":"https:\/\/www.porlalibreedomex.com\/index.php?rest_route=%2Fwp%2Fv2%2Ftags&post=17408"}],"curies":[{"name":"wp","href":"https:\/\/api.w.org\/{rel}","templated":true}]}}