{"id":17386,"date":"2017-05-12T16:02:57","date_gmt":"2017-05-12T21:02:57","guid":{"rendered":"http:\/\/www.porlalibreedomex.com\/?p=17386"},"modified":"2017-05-12T16:02:57","modified_gmt":"2017-05-12T21:02:57","slug":"se-compromete-teresa-castell-a-que-se-establezcan-penas-severas-para-quienes-demandan-la-trata-de-personas","status":"publish","type":"post","link":"https:\/\/www.porlalibreedomex.com\/?p=17386","title":{"rendered":"SE COMPROMETE TERESA CASTELL A QUE SE ESTABLEZCAN PENAS SEVERAS \u00abPARA QUIENES DEMANDAN\u00bb LA TRATA DE PERSONAS"},"content":{"rendered":"<figure id=\"attachment_17387\" aria-describedby=\"caption-attachment-17387\" style=\"width: 700px\" class=\"wp-caption aligncenter\"><a href=\"http:\/\/www.porlalibreedomex.com\/wp-content\/uploads\/2017\/05\/20170512_110907.jpg\"><img loading=\"lazy\" decoding=\"async\" class=\"size-large wp-image-17387\" src=\"http:\/\/www.porlalibreedomex.com\/wp-content\/uploads\/2017\/05\/20170512_110907-1024x576.jpg\" alt=\"\" width=\"700\" height=\"394\" srcset=\"https:\/\/www.porlalibreedomex.com\/wp-content\/uploads\/2017\/05\/20170512_110907-1024x576.jpg 1024w, https:\/\/www.porlalibreedomex.com\/wp-content\/uploads\/2017\/05\/20170512_110907-300x169.jpg 300w, https:\/\/www.porlalibreedomex.com\/wp-content\/uploads\/2017\/05\/20170512_110907-768x432.jpg 768w, https:\/\/www.porlalibreedomex.com\/wp-content\/uploads\/2017\/05\/20170512_110907-460x260.jpg 460w\" sizes=\"auto, (max-width: 700px) 100vw, 700px\" \/><\/a><figcaption id=\"caption-attachment-17387\" class=\"wp-caption-text\">Teresa Castell, candidata independiente, y Rosi Orozco, contra la trata de personas<\/figcaption><\/figure>\n<p><strong>\u00a0<\/strong><\/p>\n<ul>\n<li><em>La candidata independiente inform\u00f3 que se duplicar\u00e1n los esfuerzos para combatir la trata de personas, a trav\u00e9s del desarrollo integral de las personas, con educaci\u00f3n, capacitaci\u00f3n y empleo.<\/em><\/li>\n<\/ul>\n<p><em>\u00a0<\/em><em>La presidenta de Unidos contra la Trata, Rosi Orozco, reconoci\u00f3 la propuesta de la candidata independiente, pues, de aprobarse, el Estado de M\u00e9xico se convertir\u00eda en el primer lugar de Am\u00e9rica Latina que cumplir\u00eda con lo establecido en el Protocolo de Palermo.<\/em><\/p>\n<p><strong>Toluca, Estado de M\u00e9xico, mayo 12 de 2017.- <\/strong>Al firmar los Compromisos de Colaboraci\u00f3n para la Erradicaci\u00f3n de la Trata de Personas, junto con la presidenta de la asociaci\u00f3n Unidos contra la Trata, Rosi Orozco, la candidata independiente a la gubernatura del Estado de M\u00e9xico, Mar\u00eda Teresa Castell de Oro Palacios, se comprometi\u00f3 a enviar una iniciativa de ley al Congreso local, para que se le impongan penas severas a los demandantes de esta actividad, pues indic\u00f3 que no solo se debe de castigar a quien la ofrece sino a quien la contrata.<\/p>\n<p>\u201cEstamos trabajando ambas por las mujeres y porque la comisi\u00f3n de este delito se termine, la lucha parece incansable, es muy fuerte, pero mientras estemos mujeres como nosotras y luchadoras como Rosi, lo podemos lograr. Yo me comprometo a que se establezcan penas severas a los demandantes de la trata, porque no solamente es quien ofrece a las personas como si fueran una mercanc\u00eda, tambi\u00e9n se trata de castigar a quien demanda, pues si esa demanda sigue, tenemos grandes problemas\u201d, asever\u00f3.<\/p>\n<p>Teresa Castell asegur\u00f3 que los mexiquenses no pueden seguir permitiendo que existan m\u00e1s casos donde las mujeres sean violentadas o sean v\u00edctimas de trata, sin que se investigue y se castigue a los responsables, por lo que es urgente que los gobiernos locales y la sociedad trabajen en la prevenci\u00f3n de estos actos.<\/p>\n<p>Por ello, explic\u00f3 que, al obtener el triunfo el pr\u00f3ximo 4 de junio, se duplicar\u00e1n los esfuerzos que actualmente se realizan para combatir este il\u00edcito, por lo que se impulsar\u00e1 el desarrollo integral de las personas, a trav\u00e9s de la educaci\u00f3n, la capacitaci\u00f3n y el empleo.<\/p>\n<p>\u201cComo gobernadora empezar\u00e9 a garantizar que todas las mujeres vivamos en un ambiente libre de violencia y me comprometo a castigar a quien est\u00e1 haciendo la parte m\u00e1s grave: la demanda. Si hay demanda, esto dif\u00edcilmente se va a terminar, con esto se va a cerrar un c\u00edrculo para impedir que se sigan cometiendo estos actos\u201d, sostuvo.<\/p>\n<p>La candidata independiente a la gubernatura del Estado de M\u00e9xico asever\u00f3 que, ante la indiferencia de los gobiernos que encabezan los partidos pol\u00edticos, las organizaciones civiles, como la que encabeza Rosi Orozco, est\u00e1n trascendiendo, porque est\u00e1n haciendo que sus propuestas incidan en la pol\u00edtica p\u00fablica.<\/p>\n<p>Por lo anterior, reiter\u00f3 que en su gobierno ciudadano las organizaciones civiles tendr\u00e1n participaci\u00f3n en las pol\u00edticas p\u00fablicas, por lo que se crear\u00e1 un Consejo en el que participen estos organismos en la toma de decisiones.<\/p>\n<p>Mencion\u00f3 que esto solo ser\u00e1 posible si los ciudadanos hacen una alianza entre s\u00ed en este proceso electoral y salen a votar por la candidatura independiente, con la intenci\u00f3n de generar un gobierno que haga las cosas como las har\u00eda la poblaci\u00f3n, pues los partidos pol\u00edticos han defraudado la confianza de los mexiquenses.<\/p>\n<p>\u201cDe nada sirve que nos quejemos todos los d\u00edas, todo el tiempo de la situaci\u00f3n que vive nuestro pa\u00eds y nuestro estado, si no somos capaces de abandonar nuestra zona de confort y no nos atrevemos a decir: \u00a1Basta! El hecho de no salir a votar tambi\u00e9n nos deja incapaces de quejarnos cuando suceda algo que no nos guste, por eso, yo los invito a que si quieren que las cosas cambien, lo hagan por la v\u00eda electoral y ese momento es el 4 de junio\u201d, afirm\u00f3.<\/p>\n<p>Por su parte, la presidenta de Unidos contra la Trata, Rosi Orozco, destac\u00f3 que, tras enviar la convocatoria a cada uno de los candidatos que participan en esta contienda electoral, para que se sumaran a combatir la trata de personas, la primera en atender el llamado fue la candidata independiente Teresa Castell.<\/p>\n<p>\u201cEsta firma es muy importante para nosotros, pues Teresa Castell es una mujer que ha salido adelante, ha brindado trabajo digno y queremos eso, que crezca el compromiso de los candidatos, para que, una vez que lleguen a la gubernatura o a otras posiciones, tengan en cuenta que el ser humano es lo m\u00e1s valioso en el Estado de M\u00e9xico (\u2026) Quien no se comprometa a primeramente ver a los mexiquenses como seres valiosos, con derechos, no es digno de nuestro voto\u201d, dijo.<\/p>\n<p>La activista reconoci\u00f3 tambi\u00e9n la propuesta que hizo la candidata independiente acerca de castigar a quien demanda la trata, pues, de aprobarse esta iniciativa, el Estado de M\u00e9xico se convertir\u00eda en el primer lugar de Am\u00e9rica Latina que cumplir\u00eda con lo establecido en el Art\u00edculo 9, inciso 5, del Protocolo de Palermo, en donde M\u00e9xico se comprometi\u00f3 a desalentar la demanda.<\/p>\n<p>Entre los compromisos asumidos con la firma de este documento, se encuentra velar por la prevenci\u00f3n de la trata de personas, a trav\u00e9s del respeto a los derechos humanos y a la sensibilidad hacia las cuestiones de g\u00e9nero y de la infancia; asegurar la protecci\u00f3n de los derechos humanos de las v\u00edctimas, y dar continuidad y brindar apoyo al establecimiento de sistemas de protecci\u00f3n y asistencia que ofrezcan ayuda m\u00e9dica, psicol\u00f3gica y social, as\u00ed como jur\u00eddica y de reinserci\u00f3n que trabajen de la mano con la sociedad civil.<\/p>\n<p>Adem\u00e1s de fortalecer los sistemas y mecanismos de denuncia, alerta temprana y movilizaci\u00f3n ciudadana en contra de este delito, priorizar el enfoque centralizado en la v\u00edctima y asegurar el respeto a sus derechos humanos, su seguridad y su bienestar, incluyendo la evaluaci\u00f3n de riesgo, y ofrecer apoyo activo y determinante a investigaciones judiciales dirigidas a establecer sentencias condenatorias a los tratantes de personas, as\u00ed como pesquisas para desarticular dichas redes, entre otros.<\/p>\n","protected":false},"excerpt":{"rendered":"<p>\u00a0 La candidata independiente inform\u00f3 que se duplicar\u00e1n los esfuerzos para combatir la trata de personas, a trav\u00e9s del desarrollo integral de las personas, con educaci\u00f3n, capacitaci\u00f3n y empleo. \u00a0La presidenta de Unidos contra la Trata, Rosi Orozco, reconoci\u00f3 la propuesta de la candidata independiente, pues, de aprobarse, el Estado de M\u00e9xico se convertir\u00eda en [&hellip;]<\/p>\n","protected":false},"author":3,"featured_media":17387,"comment_status":"open","ping_status":"open","sticky":false,"template":"","format":"standard","meta":{"footnotes":""},"categories":[16,5],"tags":[9045,8913,3308],"class_list":{"0":"post-17386","1":"post","2":"type-post","3":"status-publish","4":"format-standard","5":"has-post-thumbnail","7":"category-foto","8":"category-nota-informativa","9":"tag-rosi-orozco","10":"tag-teresa-castell","11":"tag-trata-de-personas"},"wps_subtitle":"","_links":{"self":[{"href":"https:\/\/www.porlalibreedomex.com\/index.php?rest_route=\/wp\/v2\/posts\/17386","targetHints":{"allow":["GET"]}}],"collection":[{"href":"https:\/\/www.porlalibreedomex.com\/index.php?rest_route=\/wp\/v2\/posts"}],"about":[{"href":"https:\/\/www.porlalibreedomex.com\/index.php?rest_route=\/wp\/v2\/types\/post"}],"author":[{"embeddable":true,"href":"https:\/\/www.porlalibreedomex.com\/index.php?rest_route=\/wp\/v2\/users\/3"}],"replies":[{"embeddable":true,"href":"https:\/\/www.porlalibreedomex.com\/index.php?rest_route=%2Fwp%2Fv2%2Fcomments&post=17386"}],"version-history":[{"count":1,"href":"https:\/\/www.porlalibreedomex.com\/index.php?rest_route=\/wp\/v2\/posts\/17386\/revisions"}],"predecessor-version":[{"id":17388,"href":"https:\/\/www.porlalibreedomex.com\/index.php?rest_route=\/wp\/v2\/posts\/17386\/revisions\/17388"}],"wp:featuredmedia":[{"embeddable":true,"href":"https:\/\/www.porlalibreedomex.com\/index.php?rest_route=\/wp\/v2\/media\/17387"}],"wp:attachment":[{"href":"https:\/\/www.porlalibreedomex.com\/index.php?rest_route=%2Fwp%2Fv2%2Fmedia&parent=17386"}],"wp:term":[{"taxonomy":"category","embeddable":true,"href":"https:\/\/www.porlalibreedomex.com\/index.php?rest_route=%2Fwp%2Fv2%2Fcategories&post=17386"},{"taxonomy":"post_tag","embeddable":true,"href":"https:\/\/www.porlalibreedomex.com\/index.php?rest_route=%2Fwp%2Fv2%2Ftags&post=17386"}],"curies":[{"name":"wp","href":"https:\/\/api.w.org\/{rel}","templated":true}]}}