{"id":17380,"date":"2017-05-11T15:15:40","date_gmt":"2017-05-11T20:15:40","guid":{"rendered":"http:\/\/www.porlalibreedomex.com\/?p=17380"},"modified":"2017-05-12T15:16:04","modified_gmt":"2017-05-12T20:16:04","slug":"compromete-alfredo-del-mazo-acciones-para-crecer-al-5-por-ciento-anual-en-edomex","status":"publish","type":"post","link":"https:\/\/www.porlalibreedomex.com\/?p=17380","title":{"rendered":"COMPROMETE ALFREDO DEL MAZO ACCIONES PARA CRECER AL 5 POR CIENTO ANUAL EN EDOM\u00c9X"},"content":{"rendered":"<figure id=\"attachment_17382\" aria-describedby=\"caption-attachment-17382\" style=\"width: 700px\" class=\"wp-caption aligncenter\"><a href=\"http:\/\/www.porlalibreedomex.com\/wp-content\/uploads\/2017\/05\/IMG_7256.jpg\"><img loading=\"lazy\" decoding=\"async\" class=\"size-large wp-image-17382\" src=\"http:\/\/www.porlalibreedomex.com\/wp-content\/uploads\/2017\/05\/IMG_7256-1024x683.jpg\" alt=\"\" width=\"700\" height=\"467\" srcset=\"https:\/\/www.porlalibreedomex.com\/wp-content\/uploads\/2017\/05\/IMG_7256-1024x683.jpg 1024w, https:\/\/www.porlalibreedomex.com\/wp-content\/uploads\/2017\/05\/IMG_7256-300x200.jpg 300w, https:\/\/www.porlalibreedomex.com\/wp-content\/uploads\/2017\/05\/IMG_7256-768x512.jpg 768w, https:\/\/www.porlalibreedomex.com\/wp-content\/uploads\/2017\/05\/IMG_7256.jpg 1920w\" sizes=\"auto, (max-width: 700px) 100vw, 700px\" \/><\/a><figcaption id=\"caption-attachment-17382\" class=\"wp-caption-text\">En el foro econ\u00f3mico realizado en Naucalpan, Alfredo del Mazo, candidato de coalici\u00f3n a gobernador, ofreci\u00f3 hacer lo necesario para elevar el crecimiento econ\u00f3mico de la entidad<\/figcaption><\/figure>\n<p><strong>Naucalpan, Estado de M\u00e9xico, a 11 de mayo de 2017.-<\/strong> Alfredo Del Mazo, candidato de la coalici\u00f3n PRI, PVEM, Nueva Alianza y Encuentro Social a la gubernatura de la entidad, anunci\u00f3 que en su gobierno impulsar\u00e1 acciones para que la econom\u00eda del Estado de M\u00e9xico tenga un crecimiento anual del 5 por ciento.<\/p>\n<audio class=\"wp-audio-shortcode\" id=\"audio-17380-1\" preload=\"none\" style=\"width: 100%;\" controls=\"controls\"><source type=\"audio\/mpeg\" src=\"http:\/\/www.porlalibreedomex.com\/wp-content\/uploads\/2017\/05\/ADMM_110517-1-1.mp3?_=1\" \/><a href=\"http:\/\/www.porlalibreedomex.com\/wp-content\/uploads\/2017\/05\/ADMM_110517-1-1.mp3\">http:\/\/www.porlalibreedomex.com\/wp-content\/uploads\/2017\/05\/ADMM_110517-1-1.mp3<\/a><\/audio>\n<p>En su participaci\u00f3n en el Foro Econ\u00f3mico, realizado en este municipio, Del Mazo destac\u00f3 que actualmente el crecimiento es del 3.5 por ciento al a\u00f1o, pero se cuenta con la capacidad y los actores que ayudar\u00e1n a potenciar la econom\u00eda mexiquense a trav\u00e9s del impulso al desarrollo comercial, tur\u00edstico, del campo, la ciencia y la tecnolog\u00eda.<\/p>\n<p>Un eje importante para combatir la inseguridad y la pobreza, se\u00f1al\u00f3 Del Mazo, ser\u00e1 la generaci\u00f3n de fuentes de trabajo, por ello se comprometi\u00f3 a que en su mandato crear\u00e1 un mill\u00f3n 200 mil nuevos empleos y promover\u00e1 que estas plazas laborales se encuentren cerca de los hogares de los trabajadores para que disminuyan los tiempos y costos de traslados.<\/p>\n<figure id=\"attachment_17381\" aria-describedby=\"caption-attachment-17381\" style=\"width: 300px\" class=\"wp-caption alignright\"><a href=\"http:\/\/www.porlalibreedomex.com\/wp-content\/uploads\/2017\/05\/IMG_7268.jpg\"><img loading=\"lazy\" decoding=\"async\" class=\"size-medium wp-image-17381\" src=\"http:\/\/www.porlalibreedomex.com\/wp-content\/uploads\/2017\/05\/IMG_7268-300x200.jpg\" alt=\"\" width=\"300\" height=\"200\" srcset=\"https:\/\/www.porlalibreedomex.com\/wp-content\/uploads\/2017\/05\/IMG_7268-300x200.jpg 300w, https:\/\/www.porlalibreedomex.com\/wp-content\/uploads\/2017\/05\/IMG_7268-768x512.jpg 768w, https:\/\/www.porlalibreedomex.com\/wp-content\/uploads\/2017\/05\/IMG_7268-1024x683.jpg 1024w, https:\/\/www.porlalibreedomex.com\/wp-content\/uploads\/2017\/05\/IMG_7268.jpg 1920w\" sizes=\"auto, (max-width: 300px) 100vw, 300px\" \/><\/a><figcaption id=\"caption-attachment-17381\" class=\"wp-caption-text\">Intercambia ideas el candidato con los empresarios<\/figcaption><\/figure>\n<p>El Estado de M\u00e9xico, explic\u00f3, tiene grandes ventajas en cuanto a ubicaci\u00f3n geogr\u00e1fica, log\u00edstica, infraestructura y riqueza, tanto en vocaciones productivas que seg\u00fan la regi\u00f3n\u00a0van desde la industrial, agropecuaria, tur\u00edstica o de comercio.<\/p>\n<p>Por ello, el abanderado de la coalici\u00f3n ofreci\u00f3 un gobierno cercano y aliado de los empresarios para que juntos, construyan mejores oportunidades para todas las familias mexiquenses.<\/p>\n<p>Estamos en un proceso electoral complejo, el Estado de M\u00e9xico creci\u00f3 de la mano de ustedes, con su esfuerzo y confianza para invertir, por eso los invit\u00f3 a evaluar qui\u00e9n tiene la capacidad y experiencia para tomar el rumbo del estado que aporta el 9.5 por ciento del Producto Interno Bruto del pa\u00eds, puntualiz\u00f3.<\/p>\n","protected":false},"excerpt":{"rendered":"<p>Naucalpan, Estado de M\u00e9xico, a 11 de mayo de 2017.- Alfredo Del Mazo, candidato de la coalici\u00f3n PRI, PVEM, Nueva Alianza y Encuentro Social a la gubernatura de la entidad, anunci\u00f3 que en su gobierno impulsar\u00e1 acciones para que la econom\u00eda del Estado de M\u00e9xico tenga un crecimiento anual del 5 por ciento. En su [&hellip;]<\/p>\n","protected":false},"author":3,"featured_media":17381,"comment_status":"open","ping_status":"open","sticky":false,"template":"","format":"standard","meta":{"footnotes":""},"categories":[8741,16,5],"tags":[6232,2019,9044],"class_list":{"0":"post-17380","1":"post","2":"type-post","3":"status-publish","4":"format-standard","5":"has-post-thumbnail","7":"category-audio","8":"category-foto","9":"category-nota-informativa","10":"tag-alfredo-del-mazo","11":"tag-crecimiento-economico","12":"tag-foro-economico-naucalpan"},"wps_subtitle":"","_links":{"self":[{"href":"https:\/\/www.porlalibreedomex.com\/index.php?rest_route=\/wp\/v2\/posts\/17380","targetHints":{"allow":["GET"]}}],"collection":[{"href":"https:\/\/www.porlalibreedomex.com\/index.php?rest_route=\/wp\/v2\/posts"}],"about":[{"href":"https:\/\/www.porlalibreedomex.com\/index.php?rest_route=\/wp\/v2\/types\/post"}],"author":[{"embeddable":true,"href":"https:\/\/www.porlalibreedomex.com\/index.php?rest_route=\/wp\/v2\/users\/3"}],"replies":[{"embeddable":true,"href":"https:\/\/www.porlalibreedomex.com\/index.php?rest_route=%2Fwp%2Fv2%2Fcomments&post=17380"}],"version-history":[{"count":2,"href":"https:\/\/www.porlalibreedomex.com\/index.php?rest_route=\/wp\/v2\/posts\/17380\/revisions"}],"predecessor-version":[{"id":17385,"href":"https:\/\/www.porlalibreedomex.com\/index.php?rest_route=\/wp\/v2\/posts\/17380\/revisions\/17385"}],"wp:featuredmedia":[{"embeddable":true,"href":"https:\/\/www.porlalibreedomex.com\/index.php?rest_route=\/wp\/v2\/media\/17381"}],"wp:attachment":[{"href":"https:\/\/www.porlalibreedomex.com\/index.php?rest_route=%2Fwp%2Fv2%2Fmedia&parent=17380"}],"wp:term":[{"taxonomy":"category","embeddable":true,"href":"https:\/\/www.porlalibreedomex.com\/index.php?rest_route=%2Fwp%2Fv2%2Fcategories&post=17380"},{"taxonomy":"post_tag","embeddable":true,"href":"https:\/\/www.porlalibreedomex.com\/index.php?rest_route=%2Fwp%2Fv2%2Ftags&post=17380"}],"curies":[{"name":"wp","href":"https:\/\/api.w.org\/{rel}","templated":true}]}}