{"id":17373,"date":"2017-05-11T21:50:25","date_gmt":"2017-05-12T02:50:25","guid":{"rendered":"http:\/\/www.porlalibreedomex.com\/?p=17373"},"modified":"2017-05-12T14:54:21","modified_gmt":"2017-05-12T19:54:21","slug":"del-mazoque-las-mujeres-mexiquenses-vivan-seguras-y-con-oportunidades-de-desarrollo","status":"publish","type":"post","link":"https:\/\/www.porlalibreedomex.com\/?p=17373","title":{"rendered":"DEL MAZO:QUE LAS MUJERES MEXIQUENSES VIVAN SEGURAS Y CON OPORTUNIDADES DE DESARROLLO"},"content":{"rendered":"<p><strong>\u00a0<\/strong><\/p>\n<figure id=\"attachment_17375\" aria-describedby=\"caption-attachment-17375\" style=\"width: 700px\" class=\"wp-caption aligncenter\"><a href=\"http:\/\/www.porlalibreedomex.com\/wp-content\/uploads\/2017\/05\/LGS_0228-Copy.jpg\"><img loading=\"lazy\" decoding=\"async\" class=\"size-large wp-image-17375\" src=\"http:\/\/www.porlalibreedomex.com\/wp-content\/uploads\/2017\/05\/LGS_0228-Copy-1024x681.jpg\" alt=\"\" width=\"700\" height=\"466\" srcset=\"https:\/\/www.porlalibreedomex.com\/wp-content\/uploads\/2017\/05\/LGS_0228-Copy-1024x681.jpg 1024w, https:\/\/www.porlalibreedomex.com\/wp-content\/uploads\/2017\/05\/LGS_0228-Copy-300x200.jpg 300w, https:\/\/www.porlalibreedomex.com\/wp-content\/uploads\/2017\/05\/LGS_0228-Copy-768x511.jpg 768w\" sizes=\"auto, (max-width: 700px) 100vw, 700px\" \/><\/a><figcaption id=\"caption-attachment-17375\" class=\"wp-caption-text\">Alfredo del Mazo reitera realizar programas para seguridad y desarrollo de las mujeres. Aqu\u00ed, acompa\u00f1ado por el presidente nacional del PRI, Enrique Ochoa.<\/figcaption><\/figure>\n<ul>\n<li><em><strong>Anuncia Enrique Ochoa Reza, dirigente nacional del PRI, que el partido firm\u00f3 la iniciativa de las Naciones Unidas que est\u00e1\u00a0a favor de la igualdad de oportunidades entre mujeres y hombres.<\/strong><\/em><\/li>\n<\/ul>\n<p>&nbsp;<\/p>\n<p><strong>Naucalpan, M\u00e9xico, 11 de mayo de 2017.-<\/strong> Alfredo Del Mazo, candidato de la coalici\u00f3n PRI, PVEM, Nueva Alianza y Encuentro Social, anunci\u00f3 que ser\u00e1 el gobernador m\u00e1s aliado, cercano y solidario con las mujeres mexiquenses y garantizar\u00e1 que vivan seguras y tengan las oportunidades de desarrollo que requieren y merecen.<\/p>\n<p>Al reunirse con mujeres de distintos municipios de la entidad, en el Parque Naucalli, Alfredo Del Mazo reiter\u00f3 su respaldo a las mujeres para que vivan libres de violencia dentro y fuera de sus casas con acciones como la implementaci\u00f3n de transporte rosa, exclusivo para ellas, y la puesta en marcha de Ministerios P\u00fablicos m\u00f3viles para facilitar la denuncia en caso de maltrato o acoso.<\/p>\n<p><a href=\"http:\/\/www.porlalibreedomex.com\/wp-content\/uploads\/2017\/05\/LGS_0556-Copy.jpg\"><img loading=\"lazy\" decoding=\"async\" class=\"aligncenter size-large wp-image-17376\" src=\"http:\/\/www.porlalibreedomex.com\/wp-content\/uploads\/2017\/05\/LGS_0556-Copy-1024x681.jpg\" alt=\"\" width=\"700\" height=\"466\" srcset=\"https:\/\/www.porlalibreedomex.com\/wp-content\/uploads\/2017\/05\/LGS_0556-Copy-1024x681.jpg 1024w, https:\/\/www.porlalibreedomex.com\/wp-content\/uploads\/2017\/05\/LGS_0556-Copy-300x200.jpg 300w, https:\/\/www.porlalibreedomex.com\/wp-content\/uploads\/2017\/05\/LGS_0556-Copy-768x511.jpg 768w\" sizes=\"auto, (max-width: 700px) 100vw, 700px\" \/><\/a>Del Mazo record\u00f3 que otra de sus propuestas para apoyar a este sector en su crecimiento acad\u00e9mico ser\u00e1 la puesta en operaci\u00f3n de la Universidad Rosa, para que las mexiquenses tengan facilidades de horario, guarder\u00eda para sus hijos y espacios para amamantar a sus beb\u00e9s.<\/p>\n<p>Adem\u00e1s, reiter\u00f3 su inter\u00e9s de impulsar beneficios fiscales para empresas que contraten a mujeres mayores de cincuenta a\u00f1os, adem\u00e1s de reconocer econ\u00f3micamente el trabajo que miles de amas de casa realizan a trav\u00e9s del Salario Rosa.<\/p>\n<p>En materia de salud, el abanderado de la coalici\u00f3n adelant\u00f3 que durante su gobierno se incrementar\u00e1n los programas de prevenci\u00f3n, detecci\u00f3n y atenci\u00f3n de c\u00e1ncer en las mujeres, que hasta el momento han permitido realizar 10 millones de ex\u00e1menes de detecci\u00f3n en beneficio de las mexiquenses.<\/p>\n<p>Acompa\u00f1ado de Enrique Ochoa Reza, presidente del PRI nacional y de Alejandra Del Moral Vela, presidenta del Comit\u00e9 Directivo Estatal del PRI en la entidad, Del Mazo resalt\u00f3 que promover\u00e1 la participaci\u00f3n de las mujeres en la vida pol\u00edtica y laboral del estado porque se lo han ganado y merecen tener m\u00e1s espacios en los puestos p\u00fablicos y fuentes de empleo.<\/p>\n<p>En su oportunidad, Enrique Ochoa Reza, dirigente nacional del Partido Revolucionario Institucional, se\u00f1al\u00f3 que no van a permitir que Morena y Andr\u00e9s Manuel L\u00f3pez Obrador cancelen el Aeropuerto de Texcoco, pues con ello, se perder\u00edan 450 mil empleos y \u00aben el Estado de M\u00e9xico los priistas estamos a favor de m\u00e1s empleos para hombres y mujeres mexiquenses\u00bb.<\/p>\n<p>Tambi\u00e9n el presidente del priismo nacional anunci\u00f3 que este instituto pol\u00edtico se convirti\u00f3 en el primero en firmar la iniciativa de las Naciones Unidas,\u00a0<em>He for she<\/em>, con la cual este instituto pol\u00edtico se pronuncia a favor de la igualdad de oportunidades a mujeres y hombres.<\/p>\n","protected":false},"excerpt":{"rendered":"<p>\u00a0 Anuncia Enrique Ochoa Reza, dirigente nacional del PRI, que el partido firm\u00f3 la iniciativa de las Naciones Unidas que est\u00e1\u00a0a favor de la igualdad de oportunidades entre mujeres y hombres. &nbsp; Naucalpan, M\u00e9xico, 11 de mayo de 2017.- Alfredo Del Mazo, candidato de la coalici\u00f3n PRI, PVEM, Nueva Alianza y Encuentro Social, anunci\u00f3 que [&hellip;]<\/p>\n","protected":false},"author":3,"featured_media":17376,"comment_status":"open","ping_status":"open","sticky":false,"template":"","format":"standard","meta":{"footnotes":""},"categories":[16,5],"tags":[8885,9043,9042],"class_list":{"0":"post-17373","1":"post","2":"type-post","3":"status-publish","4":"format-standard","5":"has-post-thumbnail","7":"category-foto","8":"category-nota-informativa","9":"tag-alfredo-del-mazo-en-naucalpan","10":"tag-enrique-ochoa-reza-cen","11":"tag-vivir-seguras"},"wps_subtitle":"","_links":{"self":[{"href":"https:\/\/www.porlalibreedomex.com\/index.php?rest_route=\/wp\/v2\/posts\/17373","targetHints":{"allow":["GET"]}}],"collection":[{"href":"https:\/\/www.porlalibreedomex.com\/index.php?rest_route=\/wp\/v2\/posts"}],"about":[{"href":"https:\/\/www.porlalibreedomex.com\/index.php?rest_route=\/wp\/v2\/types\/post"}],"author":[{"embeddable":true,"href":"https:\/\/www.porlalibreedomex.com\/index.php?rest_route=\/wp\/v2\/users\/3"}],"replies":[{"embeddable":true,"href":"https:\/\/www.porlalibreedomex.com\/index.php?rest_route=%2Fwp%2Fv2%2Fcomments&post=17373"}],"version-history":[{"count":2,"href":"https:\/\/www.porlalibreedomex.com\/index.php?rest_route=\/wp\/v2\/posts\/17373\/revisions"}],"predecessor-version":[{"id":17377,"href":"https:\/\/www.porlalibreedomex.com\/index.php?rest_route=\/wp\/v2\/posts\/17373\/revisions\/17377"}],"wp:featuredmedia":[{"embeddable":true,"href":"https:\/\/www.porlalibreedomex.com\/index.php?rest_route=\/wp\/v2\/media\/17376"}],"wp:attachment":[{"href":"https:\/\/www.porlalibreedomex.com\/index.php?rest_route=%2Fwp%2Fv2%2Fmedia&parent=17373"}],"wp:term":[{"taxonomy":"category","embeddable":true,"href":"https:\/\/www.porlalibreedomex.com\/index.php?rest_route=%2Fwp%2Fv2%2Fcategories&post=17373"},{"taxonomy":"post_tag","embeddable":true,"href":"https:\/\/www.porlalibreedomex.com\/index.php?rest_route=%2Fwp%2Fv2%2Ftags&post=17373"}],"curies":[{"name":"wp","href":"https:\/\/api.w.org\/{rel}","templated":true}]}}