{"id":17361,"date":"2017-05-11T19:20:27","date_gmt":"2017-05-12T00:20:27","guid":{"rendered":"http:\/\/www.porlalibreedomex.com\/?p=17361"},"modified":"2017-05-11T19:20:27","modified_gmt":"2017-05-12T00:20:27","slug":"pide-teresa-castell-hacer-una-alianza-para-sacar-a-los-partidos-politicos-del-poder","status":"publish","type":"post","link":"https:\/\/www.porlalibreedomex.com\/?p=17361","title":{"rendered":"PIDE TERESA CASTELL HACER UNA ALIANZA PARA SACAR A LOS PARTIDOS POL\u00cdTICOS DEL PODER"},"content":{"rendered":"<figure id=\"attachment_17362\" aria-describedby=\"caption-attachment-17362\" style=\"width: 700px\" class=\"wp-caption aligncenter\"><a href=\"http:\/\/www.porlalibreedomex.com\/wp-content\/uploads\/2017\/05\/20170511_134816.jpg\"><img loading=\"lazy\" decoding=\"async\" class=\"size-large wp-image-17362\" src=\"http:\/\/www.porlalibreedomex.com\/wp-content\/uploads\/2017\/05\/20170511_134816-1024x576.jpg\" alt=\"\" width=\"700\" height=\"394\" srcset=\"https:\/\/www.porlalibreedomex.com\/wp-content\/uploads\/2017\/05\/20170511_134816-1024x576.jpg 1024w, https:\/\/www.porlalibreedomex.com\/wp-content\/uploads\/2017\/05\/20170511_134816-300x169.jpg 300w, https:\/\/www.porlalibreedomex.com\/wp-content\/uploads\/2017\/05\/20170511_134816-768x432.jpg 768w, https:\/\/www.porlalibreedomex.com\/wp-content\/uploads\/2017\/05\/20170511_134816-460x260.jpg 460w\" sizes=\"auto, (max-width: 700px) 100vw, 700px\" \/><\/a><figcaption id=\"caption-attachment-17362\" class=\"wp-caption-text\">La candidata independiente, Teresa Castell, insiste en su discurso de hacer a un lado a los partidos pol\u00edticos<\/figcaption><\/figure>\n<ul>\n<li><em>La candidata independiente asever\u00f3 que conoce los problemas de los mexiquenses y que tiene las soluciones para resolverlos, por lo que el mayor porcentaje del presupuesto \u00abser\u00e1 destinado\u00bb al empleo, educaci\u00f3n, seguridad y salud.<\/em><\/li>\n<li><em>En la zona Oriente del Estado de M\u00e9xico, se comprometi\u00f3 a construir dos nuevas l\u00edneas del Mexib\u00fas y gestionar la asignaci\u00f3n de recursos para la ampliaci\u00f3n de la l\u00ednea A del Metro<\/em><\/li>\n<li><em>Anunci\u00f3 que se crear\u00e1 el sistema de recolecci\u00f3n y reciclaje de basura m\u00e1s ambicioso del pa\u00eds.<\/em><\/li>\n<\/ul>\n<p><strong>La Paz, M\u00e9xico, mayo 11 de 2017.- <\/strong>La candidata independiente a la gubernatura del Estado de M\u00e9xico, Mar\u00eda Teresa Castell de Oro Palacios, hizo un llamado para que, por primera vez en la historia, los mexiquenses hagan una alianza ciudadana y voten por su candidatura, para evitar que los partidos pol\u00edticos sigan gobernando a costa del bienestar de la poblaci\u00f3n, pues es hora de que el poder regrese nuevamente a la gente, para conformar un gobierno ciudadano.<\/p>\n<p>\u201cHago un llamado a la alianza, un llamado a que estemos juntos y podamos hacer el cambio, es la \u00fanica manera de mejorar nuestra calidad de vida. Hace m\u00e1s de 88 a\u00f1os que no suced\u00eda esto y no puede ser que hoy estemos separados por diversos partidos que nos tienen en la miseria. Votar por un partido nos divide como ciudadanos, hoy m\u00e1s que nunca podemos lograrlo, y estar unidos nos va a permitir que esta gente salga y nosotros seamos quienes tengamos el poder, cosa que jam\u00e1s se ha dado\u201d, indic\u00f3.<\/p>\n<p>En conferencia de prensa, Teresa Castell destac\u00f3 que, con esta alianza con la ciudadan\u00eda y no con los partidos, la candidatura independiente podr\u00eda alcanzar una votaci\u00f3n de m\u00e1s de 20 por ciento en los pr\u00f3ximos comicios del 4 de junio, cifra que podr\u00eda superior a la de los institutos pol\u00edticos, lo cual es posible debido a que, en las \u00faltimas encuestas, uno de cada dos mexiquenses se han manifestado a favor de los proyectos independientes.<\/p>\n<p>Se\u00f1al\u00f3 que el crecimiento de la candidatura independiente es importante, pues actualmente se tiene un porcentaje en las preferencias electorales mayor que el de los partidos pol\u00edticos peque\u00f1os, con una tendencia a la alza.<\/p>\n<p>\u201cSi los ciudadanos nos ponemos de acuerdo y decidimos que es el momento perfecto para echar a la calle a los pol\u00edticos y que se pongan a buscar un trabajo, porque ya nos cansamos de eso, podemos lograrlo, pero eso depende de todos y de que la gente salga a votar, porque no quiere salir a hacerlo porque ya no cree en los partidos, porque se ha hecho un mal trabajo\u201d, agreg\u00f3.<\/p>\n<p>La candidata independiente asever\u00f3 que conoce los problemas de los mexiquenses y tiene las soluciones para resolverlos, pues su experiencia dentro de las organizaciones civiles y tras recorrer el Estado de M\u00e9xico con el proyecto de emprendedurismo que puso en marcha como empresaria y ahora en campa\u00f1a, le han permitido conocer cu\u00e1les son las necesidades m\u00e1s sentidas de la poblaci\u00f3n, por lo que, en su gobierno, a los rubros de empleo, educaci\u00f3n, seguridad y salud, se les destinar\u00e1 la mayor cantidad del presupuesto.<\/p>\n<p>En este sentido, explic\u00f3 que, en el tema de seguridad, se homologar\u00e1n los salarios de los polic\u00edas estatales y municipales con los de los federales, pues arriesgan su vida de la misma manera, y se contratar\u00e1 a militares retirados para que capaciten a los elementos en las academias, con la finalidad de tener cuerpos de seguridad m\u00e1s preparados y efectivos.<\/p>\n<p>Mencion\u00f3 que tambi\u00e9n se pondr\u00e1 en marcha el Registro Estatal para Personas con Problemas de Violencia y se construir\u00e1n los Centros de Atenci\u00f3n a la Salud Mental, para erradicar la violencia entre la poblaci\u00f3n y para atender a aquellos que cometen estos actos.<\/p>\n<p>Teresa Castell coment\u00f3 que, para mejorar la movilidad de quienes viven en la Zona Oriente del Estado de M\u00e9xico, se construir\u00e1n dos nuevas l\u00edneas del sistema de transporte articulado Mexib\u00fas y se gestionar\u00e1 con el gobierno federal$ la asignaci\u00f3n de recursos para que la ampliaci\u00f3n de la L\u00ednea A del Sistema de Transporte Colectivo Metro, se convierta en una realidad para los mexiquenses.<\/p>\n<p>Adem\u00e1s, explic\u00f3 que se pondr\u00e1 en funcionamiento el programa de separaci\u00f3n y reciclaje de basura m\u00e1s ambicioso de todo el pa\u00eds, en el que la gente recibir\u00e1 dinero en vales cuando separe los desechos org\u00e1nicos, el cual podr\u00e1 ser usado en Peque\u00f1as y Medianas Empresas (PyMEs), como tiendas de abarrotes, tintorer\u00edas y otros negocios, que ser\u00e1n apoyados a su vez por el gobierno estatal, con lo que tambi\u00e9n se detonar\u00e1 el desarrollo econ\u00f3mico de las regiones.<\/p>\n<p>Para subsanar el problema del agua que enfrenta esta regi\u00f3n, la candidata independiente anunci\u00f3 que se gestionar\u00e1, ante las instancias federales, la construcci\u00f3n de una presa en Amecameca -proyecto que est\u00e1 estancado-, con la intenci\u00f3n de hacer un proyecto sostenible como ocurre en Valle de Bravo y de donde se pueda dotar del recurso a los municipios de esta regi\u00f3n, y se edificar\u00e1n plantas para el tratamiento de las aguas residuales.<\/p>\n<p>Asimismo, se pronunci\u00f3 a favor del desarrollo social productivo, por lo que se otorgar\u00e1n microcr\u00e9ditos a j\u00f3venes y mujeres, sin aval e historial crediticio, para que puedan emprender un negocio, y se entregar\u00e1n apoyos a adultos mayores que participen en la capacitaci\u00f3n para el impulso de proyectos productivos, aprovechando la experiencia que la vida laboral les ha dado durante mucho tiempo.<\/p>\n<p>M\u00e1s tarde, la candidata independiente a la gubernatura del Estado de M\u00e9xico recorri\u00f3 la explanada y el mercado municipal de La Paz, donde escuch\u00f3 las preocupaciones de los ciudadanos y les present\u00f3 sus propuestas para generar un gobierno ciudadano.<\/p>\n","protected":false},"excerpt":{"rendered":"<p>La candidata independiente asever\u00f3 que conoce los problemas de los mexiquenses y que tiene las soluciones para resolverlos, por lo que el mayor porcentaje del presupuesto \u00abser\u00e1 destinado\u00bb al empleo, educaci\u00f3n, seguridad y salud. En la zona Oriente del Estado de M\u00e9xico, se comprometi\u00f3 a construir dos nuevas l\u00edneas del Mexib\u00fas y gestionar la asignaci\u00f3n [&hellip;]<\/p>\n","protected":false},"author":3,"featured_media":17362,"comment_status":"open","ping_status":"open","sticky":false,"template":"","format":"standard","meta":{"footnotes":""},"categories":[16,5],"tags":[9006,9041,7006],"class_list":{"0":"post-17361","1":"post","2":"type-post","3":"status-publish","4":"format-standard","5":"has-post-thumbnail","7":"category-foto","8":"category-nota-informativa","9":"tag-candidata-independiente-teresa-castell","10":"tag-partidos","11":"tag-recoleccion-de-basura"},"wps_subtitle":"","_links":{"self":[{"href":"https:\/\/www.porlalibreedomex.com\/index.php?rest_route=\/wp\/v2\/posts\/17361","targetHints":{"allow":["GET"]}}],"collection":[{"href":"https:\/\/www.porlalibreedomex.com\/index.php?rest_route=\/wp\/v2\/posts"}],"about":[{"href":"https:\/\/www.porlalibreedomex.com\/index.php?rest_route=\/wp\/v2\/types\/post"}],"author":[{"embeddable":true,"href":"https:\/\/www.porlalibreedomex.com\/index.php?rest_route=\/wp\/v2\/users\/3"}],"replies":[{"embeddable":true,"href":"https:\/\/www.porlalibreedomex.com\/index.php?rest_route=%2Fwp%2Fv2%2Fcomments&post=17361"}],"version-history":[{"count":2,"href":"https:\/\/www.porlalibreedomex.com\/index.php?rest_route=\/wp\/v2\/posts\/17361\/revisions"}],"predecessor-version":[{"id":17364,"href":"https:\/\/www.porlalibreedomex.com\/index.php?rest_route=\/wp\/v2\/posts\/17361\/revisions\/17364"}],"wp:featuredmedia":[{"embeddable":true,"href":"https:\/\/www.porlalibreedomex.com\/index.php?rest_route=\/wp\/v2\/media\/17362"}],"wp:attachment":[{"href":"https:\/\/www.porlalibreedomex.com\/index.php?rest_route=%2Fwp%2Fv2%2Fmedia&parent=17361"}],"wp:term":[{"taxonomy":"category","embeddable":true,"href":"https:\/\/www.porlalibreedomex.com\/index.php?rest_route=%2Fwp%2Fv2%2Fcategories&post=17361"},{"taxonomy":"post_tag","embeddable":true,"href":"https:\/\/www.porlalibreedomex.com\/index.php?rest_route=%2Fwp%2Fv2%2Ftags&post=17361"}],"curies":[{"name":"wp","href":"https:\/\/api.w.org\/{rel}","templated":true}]}}