{"id":17342,"date":"2017-05-11T13:56:43","date_gmt":"2017-05-11T18:56:43","guid":{"rendered":"http:\/\/www.porlalibreedomex.com\/?p=17342"},"modified":"2017-05-11T14:01:43","modified_gmt":"2017-05-11T19:01:43","slug":"entre-diputados-te-veas-juan-miguel-benitez-m","status":"publish","type":"post","link":"https:\/\/www.porlalibreedomex.com\/?p=17342","title":{"rendered":"ENTRE DIPUTADOS TE VEAS\/ Juan Miguel Ben\u00edtez M."},"content":{"rendered":"<p><time class=\"_5w-5\"><span class=\"_5w-6\">Punto de vista del autor; periodista con casi 60 a\u00f1os de ejercicio profesional, sobre lo que acontece en el Poder Legislativo Mexiquense<br \/>\n<\/span><\/time><\/p>\n<div class=\"_4tdt _ua1\">\n<div class=\"_31o4 _3njy\"><a class=\"_4tdw\" href=\"https:\/\/www.facebook.com\/benitezmelendez\" data-hover=\"tooltip\" data-tooltip-content=\"Juan Miguel Ben\u00edtez Mel\u00e9ndez 13:17\" data-tooltip-position=\"left\"><img decoding=\"async\" class=\"img\" src=\"https:\/\/scontent.fmex6-1.fna.fbcdn.net\/v\/t1.0-1\/c0.3.32.32\/p32x32\/1979532_3985027561514_548390438_n.jpg?oh=d195c6be8ae7a06297c1c82d2649e112&amp;oe=59BA83E9\" alt=\"\" \/><\/a><\/div>\n<div class=\"_ua2\">\n<div class=\"_4tdv\">\n<div class=\"_5wd4 _1nc7 direction_ltr\">\n<div class=\"_h8t\">\n<div class=\"_5wd9\">\n<div class=\"_5wde _n4o\">\n<div class=\"_5w1r _3_om _5wdf\">\n<div class=\"_4gx_\">\n<div class=\"_d97\"><span class=\"_5yl5\">Entre Diputados te Veas&#8230; Dif\u00edcil, la Tarea de Legislar, Para \u201cToda\u201d la Ciudadan\u00eda Por Juan Miguel Ben\u00edtez Mel\u00e9ndez TOLUCA DE LERDO, M\u00e9xico. Definitivamente, no hay adjetivo para calificar la \u201ccarga laboral\u201d de las diputadas y los diputados integrantes la LIX Legislatura Mexiquense&#8230; Por un lado, est\u00e1n los ordenamientos Constitucionales, las normas de la Ley Org\u00e1nica del Poder Legislativo y las responsabilidades que de tales reglamentos emanan&#8230; Por el otro, los compromisos con los patrocinadores, las obligaciones con la \u201chermandad partidista\u201d, la \u201cfidelidad\u201d al gobernador del Estado y los intereses que deben \u201cproteger\u201d de sus respectivos \u201cclanes\u201d que en lugar de producir votos, les redit\u00faan ganancias&#8230; En \u00e9ste esquema, las mayor\u00edas ciudadanas, pasan a segundo t\u00e9rmino, las carencias de la colectividad a tercero y las tareas legislativas que beneficien a todos los habitantes de la entidad, al cuarto. Se ocupan, &#8212; y se preocupan,&#8212; m\u00e1s por atender ingentes asuntos del Ejecutivo Estatal, aunque con ello comprometan, &#8212; con sus anuencias, &#8212; el futuro de los mexiquenses, en todos los \u00e1mbitos sociales, econ\u00f3micos, pol\u00edticos, legales, territoriales y productivos&#8230; Como mera referencia : la \u201cautorizaci\u00f3n\u201d de concertar cr\u00e9ditos a los Ayuntamientos, hasta por 30 a\u00f1os, derivada de la iniciativa del Ejecutivo Estatal, con lo que se abri\u00f3 la puerta para que los alcaldes se \u201colvidaran\u201d de las travesuras de sus antecesores y se tendiera un manto de impunidad a los ex ediles, que hace 18 meses entregaron sus \u201cadministraciones\u201d municipales. \u201cFertilizando\u201d de paso el \u201cprado legislativo\u201d, donde tranquilamente veranea el OSFEM, organismo que seg\u00fan el cap\u00edtulo del Poder Legislativo, en la Constituci\u00f3n Estatal, tiene muy claras sus atribuciones, &#8212; \u201cobligaciones\u201d&#8212; en tan sensible \u00e1rea de la Administraci\u00f3n P\u00fablica Mexiquense&#8230; Continuar\u00e1&#8230;<\/span><\/div>\n<\/div>\n<\/div>\n<\/div>\n<\/div>\n<\/div>\n<\/div>\n<\/div>\n<\/div>\n<\/div>\n","protected":false},"excerpt":{"rendered":"<p>Punto de vista del autor; periodista con casi 60 a\u00f1os de ejercicio profesional, sobre lo que acontece en el Poder Legislativo Mexiquense Entre Diputados te Veas&#8230; Dif\u00edcil, la Tarea de Legislar, Para \u201cToda\u201d la Ciudadan\u00eda Por Juan Miguel Ben\u00edtez Mel\u00e9ndez TOLUCA DE LERDO, M\u00e9xico. Definitivamente, no hay adjetivo para calificar la \u201ccarga laboral\u201d de las [&hellip;]<\/p>\n","protected":false},"author":3,"featured_media":0,"comment_status":"open","ping_status":"open","sticky":false,"template":"","format":"standard","meta":{"footnotes":""},"categories":[1107],"tags":[8527,8528,2562],"class_list":{"0":"post-17342","1":"post","2":"type-post","3":"status-publish","4":"format-standard","6":"category-articulo","7":"tag-entre-diputados-te-veas","8":"tag-juan-miguel-benitez-melendez","9":"tag-legislatura-mexiquense"},"wps_subtitle":"","_links":{"self":[{"href":"https:\/\/www.porlalibreedomex.com\/index.php?rest_route=\/wp\/v2\/posts\/17342","targetHints":{"allow":["GET"]}}],"collection":[{"href":"https:\/\/www.porlalibreedomex.com\/index.php?rest_route=\/wp\/v2\/posts"}],"about":[{"href":"https:\/\/www.porlalibreedomex.com\/index.php?rest_route=\/wp\/v2\/types\/post"}],"author":[{"embeddable":true,"href":"https:\/\/www.porlalibreedomex.com\/index.php?rest_route=\/wp\/v2\/users\/3"}],"replies":[{"embeddable":true,"href":"https:\/\/www.porlalibreedomex.com\/index.php?rest_route=%2Fwp%2Fv2%2Fcomments&post=17342"}],"version-history":[{"count":3,"href":"https:\/\/www.porlalibreedomex.com\/index.php?rest_route=\/wp\/v2\/posts\/17342\/revisions"}],"predecessor-version":[{"id":17346,"href":"https:\/\/www.porlalibreedomex.com\/index.php?rest_route=\/wp\/v2\/posts\/17342\/revisions\/17346"}],"wp:attachment":[{"href":"https:\/\/www.porlalibreedomex.com\/index.php?rest_route=%2Fwp%2Fv2%2Fmedia&parent=17342"}],"wp:term":[{"taxonomy":"category","embeddable":true,"href":"https:\/\/www.porlalibreedomex.com\/index.php?rest_route=%2Fwp%2Fv2%2Fcategories&post=17342"},{"taxonomy":"post_tag","embeddable":true,"href":"https:\/\/www.porlalibreedomex.com\/index.php?rest_route=%2Fwp%2Fv2%2Ftags&post=17342"}],"curies":[{"name":"wp","href":"https:\/\/api.w.org\/{rel}","templated":true}]}}