{"id":17059,"date":"2017-04-21T00:19:40","date_gmt":"2017-04-21T05:19:40","guid":{"rendered":"http:\/\/www.porlalibreedomex.com\/?p=17059"},"modified":"2017-04-21T00:19:40","modified_gmt":"2017-04-21T05:19:40","slug":"propone-teresa-castell-la-ventanilla-unica-para-alentar-la-llegada-de-inversiones-al-edomex","status":"publish","type":"post","link":"https:\/\/www.porlalibreedomex.com\/?p=17059","title":{"rendered":"PROPONE TERESA CASTELL LA VENTANILLA \u00daNICA, PARA ALENTAR LA LLEGADA DE INVERSIONES AL EDOM\u00c9X"},"content":{"rendered":"<figure id=\"attachment_17060\" aria-describedby=\"caption-attachment-17060\" style=\"width: 700px\" class=\"wp-caption aligncenter\"><a href=\"http:\/\/www.porlalibreedomex.com\/wp-content\/uploads\/2017\/04\/20170420_125154.jpg\"><img loading=\"lazy\" decoding=\"async\" class=\"size-large wp-image-17060\" src=\"http:\/\/www.porlalibreedomex.com\/wp-content\/uploads\/2017\/04\/20170420_125154-1024x576.jpg\" alt=\"\" width=\"700\" height=\"394\" srcset=\"https:\/\/www.porlalibreedomex.com\/wp-content\/uploads\/2017\/04\/20170420_125154-1024x576.jpg 1024w, https:\/\/www.porlalibreedomex.com\/wp-content\/uploads\/2017\/04\/20170420_125154-300x169.jpg 300w, https:\/\/www.porlalibreedomex.com\/wp-content\/uploads\/2017\/04\/20170420_125154-768x432.jpg 768w, https:\/\/www.porlalibreedomex.com\/wp-content\/uploads\/2017\/04\/20170420_125154-460x260.jpg 460w\" sizes=\"auto, (max-width: 700px) 100vw, 700px\" \/><\/a><figcaption id=\"caption-attachment-17060\" class=\"wp-caption-text\">TERESA CASTELL, candidata independiente a la gubernatura, dijo que abrir\u00e1 la Ventanilla \u00danica, para concentrar en un solo lugar los programas y proyectos del gobierno estatal, federal y privados.<\/figcaption><\/figure>\n<ul>\n<li><em>La candidata independiente a la gubernatura del Estado de M\u00e9xico se reuni\u00f3 con estudiantes del Tecnol\u00f3gico de Monterrey, a quienes les present\u00f3 sus propuestas en materia de desarrollo econ\u00f3mico.<\/em><\/li>\n<li><em>\u00a0<\/em><em>Se\u00f1al\u00f3 que, al obtener el triunfo el 4 de junio, se har\u00e1 una revisi\u00f3n de los programas sociales, para que lleguen a quien verdaderamente los necesita.<\/em><\/li>\n<\/ul>\n<p><strong>Atizap\u00e1n de Zaragoza, Estado de M\u00e9xico, abril 20 de 2017.-<\/strong> Al sostener un encuentro con j\u00f3venes del Instituto Tecnol\u00f3gico y de Estudios Superiores de Monterrey (ITESM), campus Estado de M\u00e9xico, en el marco del D\u00eda de la Ciudadan\u00eda, la candidata independiente a la gubernatura del Estado de M\u00e9xico, Mar\u00eda Teresa Castell de Oro Palacios, inform\u00f3 que, al obtener el triunfo el pr\u00f3ximo 4 de junio, crear\u00e1 la Ventanilla \u00danica, para concentrar en un solo lugar los programas y proyectos del gobierno estatal, federal y privados, con el objetivo de alentar la inversi\u00f3n en el territorio mexiquense.<\/p>\n<p>Ante estudiantes de esta comunidad universitaria, la candidata independiente asegur\u00f3 que en esta Ventanilla se concentrar\u00edan todos los servicios y los tr\u00e1mites para la apertura de una empresa, con la intenci\u00f3n de que los emprendedores o empresarios no tengan que ir de un lugar a otro para abrir un negocio, lo que generar\u00e1 que el tr\u00e1mite sea m\u00e1s f\u00e1cil y r\u00e1pido, y que no haya fuga de capital.<\/p>\n<p>Se\u00f1al\u00f3 que su administraci\u00f3n apoyar\u00e1 a productores y comerciantes de municipios como San Mateo Atenco, Lerma o Xonacatl\u00e1n, con el acercamiento a tecnolog\u00eda de punta para que elaboren sus productos como zapatos, muebles o peluches con mayor calidad y que \u00e9stos compitan con los que se fabrican en otras partes del mundo, lo que detonar\u00e1 el crecimiento local y beneficiar\u00e1 a las familias que dependen de sus ventas.<\/p>\n<p>Indic\u00f3 que se trabajar\u00e1 para lograr una verdadera mejora regulatoria, con la que se puedan abrir empresas en un plazo menor a 72 horas, principalmente peque\u00f1as y medianas empresas (PyMEs), pues actualmente este tipo de negocios generan 72 por ciento de los empleos en M\u00e9xico. A la par, se apoyar\u00eda a las existentes, para que puedan crecer, al evitar actos de corrupci\u00f3n que comenten los gobiernos locales, con la solicitud de d\u00e1divas u otros apoyos, para agilizar tr\u00e1mites o permitir su funcionamiento.<\/p>\n<p>Teresa Castell asever\u00f3 que, para detonar el crecimiento econ\u00f3mico de la entidad desde las aulas, a los j\u00f3venes de 16 a\u00f1os en adelante se les instruir\u00e1 en cuanto a metodolog\u00eda emprendedora, con el fin de que \u00e9stos puedan perder el miedo a emprender un negocio y sean sus propios jefes.<\/p>\n<p>\u201cQueremos que los muchachos despierten, pues son la maquinaria m\u00e1s fuerte y efectiva para crear emprendedores y empresarios, las empresas no pueden darle empleos a todos, por eso es importante el desarrollo de nuevos negocios, ustedes, incluso, antes de salir de la universidad, ya tienen un negocio, lo ideal es que, de manera natural, todos estuvieran aplicando en su vida la idea de generar su propio empleo o que ustedes pudieran decidir si quieren ser empleados o empleadores\u201d, sostuvo.<\/p>\n<p>Tambi\u00e9n se comprometi\u00f3 a crear tres Ciudades del Conocimiento y el Deporte en la entidad, con el objetivo de generar cadenas productivas y de desarrollo en esas zonas, a trav\u00e9s de la instalaci\u00f3n de escuelas y empresas, las cuales permitir\u00e1n que se asienten, a su vez, otros negocios como restaurantes, cl\u00ednicas u otros negocios; propuesta que ya fue probada en otros pa\u00edses, pero que en M\u00e9xico no se ha tra\u00eddo para detonar el desarrollo econ\u00f3mico.<\/p>\n<p>En este marco, Teresa Castell record\u00f3 que, cuando ella ten\u00eda la edad de los j\u00f3venes con los que se reuni\u00f3 este jueves, la falta de recursos en su familia, la llevaron a estudiar en el Colegio Nacional de Educaci\u00f3n Profesional T\u00e9cnica (Conalep), en donde solo hab\u00eda tres carreras t\u00e9cnicas: mec\u00e1nica, electr\u00f3nica y contadur\u00eda fiscal, \u00e9sta \u00faltima fue su opci\u00f3n y con cuyos conocimientos pudo emprender un negocio exitoso, por lo que cree que al brindarles oportunidades a los mexiquenses, pueden salir adelante.<\/p>\n<p>Respecto a la entrega de apoyos sociales, Castell de Oro afirm\u00f3 que, al obtener el triunfo, se realizar\u00e1 una revisi\u00f3n a cada uno de los programas que hoy se destinan a la poblaci\u00f3n, con la intenci\u00f3n de que \u00e9stos lleguen a quien verdaderamente lo requiera y no solo se conviertan en una \u201cf\u00e1brica de pobres\u201d, pues la gente lo que pide es que se les brinden oportunidades para desarrollar proyectos productivos con los que puedan vivir y no que les est\u00e9n entregando un apoyo de dos mil 500 pesos cada mes.<\/p>\n<p>Record\u00f3 sus propuestas de crear un Registro Estatal para Personas con Problemas de Violencia y los observatorios ciudadanos que vigilar\u00e1n el actuar de la administraci\u00f3n p\u00fablica estatal, as\u00ed como la conformaci\u00f3n de un gabinete sombra, para evitar actos de corrupci\u00f3n por parte de los integrantes del gabinete.<\/p>\n<p>Mencion\u00f3 que, de esta forma, se evitar\u00e1n actos como los cometidos por la candidata de Morena a la gubernatura mexiquense, Delfina G\u00f3mez \u00c1lvarez, quien se pag\u00f3 una auto liquidaci\u00f3n de 400 mil pesos cuando era alcaldesa, \u201cpara m\u00ed eso es un robo, robar es robar, no robas poquito, ni te embarazas poquito\u201d.<\/p>\n<p>Invit\u00f3 a los j\u00f3venes a decidir correctamente el pr\u00f3ximo 4 de junio, para cambiar la historia juntos, pues \u201cbasta ya de partidos pol\u00edticos, basta ya de enga\u00f1os, basta de ya de que seamos indolentes sobre lo que nos est\u00e1 pasando a los ciudadanos, hag\u00e1moslo juntos\u201d, dijo.<\/p>\n","protected":false},"excerpt":{"rendered":"<p>La candidata independiente a la gubernatura del Estado de M\u00e9xico se reuni\u00f3 con estudiantes del Tecnol\u00f3gico de Monterrey, a quienes les present\u00f3 sus propuestas en materia de desarrollo econ\u00f3mico. \u00a0Se\u00f1al\u00f3 que, al obtener el triunfo el 4 de junio, se har\u00e1 una revisi\u00f3n de los programas sociales, para que lleguen a quien verdaderamente los necesita. [&hellip;]<\/p>\n","protected":false},"author":3,"featured_media":17060,"comment_status":"open","ping_status":"open","sticky":false,"template":"","format":"standard","meta":{"footnotes":""},"categories":[16,5],"tags":[8947,8948,8883],"class_list":{"0":"post-17059","1":"post","2":"type-post","3":"status-publish","4":"format-standard","5":"has-post-thumbnail","7":"category-foto","8":"category-nota-informativa","9":"tag-abrir-la-ventanilla-unica","10":"tag-atraer-inversiones","11":"tag-teresa-castell-candidata-independiente"},"wps_subtitle":"","_links":{"self":[{"href":"https:\/\/www.porlalibreedomex.com\/index.php?rest_route=\/wp\/v2\/posts\/17059","targetHints":{"allow":["GET"]}}],"collection":[{"href":"https:\/\/www.porlalibreedomex.com\/index.php?rest_route=\/wp\/v2\/posts"}],"about":[{"href":"https:\/\/www.porlalibreedomex.com\/index.php?rest_route=\/wp\/v2\/types\/post"}],"author":[{"embeddable":true,"href":"https:\/\/www.porlalibreedomex.com\/index.php?rest_route=\/wp\/v2\/users\/3"}],"replies":[{"embeddable":true,"href":"https:\/\/www.porlalibreedomex.com\/index.php?rest_route=%2Fwp%2Fv2%2Fcomments&post=17059"}],"version-history":[{"count":1,"href":"https:\/\/www.porlalibreedomex.com\/index.php?rest_route=\/wp\/v2\/posts\/17059\/revisions"}],"predecessor-version":[{"id":17061,"href":"https:\/\/www.porlalibreedomex.com\/index.php?rest_route=\/wp\/v2\/posts\/17059\/revisions\/17061"}],"wp:featuredmedia":[{"embeddable":true,"href":"https:\/\/www.porlalibreedomex.com\/index.php?rest_route=\/wp\/v2\/media\/17060"}],"wp:attachment":[{"href":"https:\/\/www.porlalibreedomex.com\/index.php?rest_route=%2Fwp%2Fv2%2Fmedia&parent=17059"}],"wp:term":[{"taxonomy":"category","embeddable":true,"href":"https:\/\/www.porlalibreedomex.com\/index.php?rest_route=%2Fwp%2Fv2%2Fcategories&post=17059"},{"taxonomy":"post_tag","embeddable":true,"href":"https:\/\/www.porlalibreedomex.com\/index.php?rest_route=%2Fwp%2Fv2%2Ftags&post=17059"}],"curies":[{"name":"wp","href":"https:\/\/api.w.org\/{rel}","templated":true}]}}