{"id":16946,"date":"2017-04-12T00:03:46","date_gmt":"2017-04-12T05:03:46","guid":{"rendered":"http:\/\/www.porlalibreedomex.com\/?p=16946"},"modified":"2017-04-12T00:03:46","modified_gmt":"2017-04-12T05:03:46","slug":"que-los-corruptos-devuelvan-el-dinero-y-terminen-en-la-carcel-plantea-presidente-del-cen-del-pri","status":"publish","type":"post","link":"https:\/\/www.porlalibreedomex.com\/?p=16946","title":{"rendered":"QUE LOS CORRUPTOS DEVUELVAN EL DINERO Y TERMINEN EN LA C\u00c1RCEL, PLANTEA PRESIDENTE DEL CEN DEL PRI"},"content":{"rendered":"<div dir=\"auto\"><\/div>\n<div dir=\"auto\">El presidente del CEN del PRI, Enrique Ochoa reza, se pronunci\u00f3 porque los corruptos terminen en la c\u00e1rcel, sean del partido que sean, y que devuelvan el dinero que se llevaron il\u00edcitamente; tambi\u00e9n dijo en entrevista realizada en Axapusco, Estado de M\u00e9xico, que el Revolucionario Institucional seguir\u00e1 adelante con su estrateghia de campa\u00f1a, y \u00e9l no dejar\u00e1 de visitar la entidade para apoyar a Alfredo del Mazo, candidato a la gubernatura.<\/div>\n<div dir=\"auto\"><\/div>\n<p>Se\u00f1al\u00f3 que\u00a0Alfredo Del Mazo va adelante en las encuestas. \u00abAs\u00ed se ha registrado hoy en un importante medio de comunicaci\u00f3n, y tambi\u00e9n se registr\u00f3 as\u00ed la semana pasada y la antepasada\u00bb.<\/p>\n<div dir=\"auto\">Alfredo del Mazo va a la cabeza, y las candidatas Delfina y Josefina cada vez caen y caen en las encuestas.<\/div>\n<div dir=\"auto\"><\/div>\n<div dir=\"auto\">Por esa raz\u00f3n, porque est\u00e1n ellas cayendo en las encuestas, es que quieren hacer de esta campa\u00f1a pol\u00edtica un lodazal, y no se los vamos a permitir, dijo el presidente priista, quien estuvo acompa\u00f1ado por la Secretaria General Claudia Ruiz Massieu, y asegur\u00f3 que seguir\u00e1n<\/div>\n<div dir=\"auto\">acompa\u00f1ando a Del Mazo<\/div>\n<div dir=\"auto\"><\/div>\n<div dir=\"auto\">Lo que estamos encabezando en el PRI en el Estado de M\u00e9xico es que Del Mazo sea el candidato de las propuestas, y \u00abante los ataques que vienen de nuestras adversarias, Alfredo Del Mazo har\u00e1 tres propuestas\u00bb.<\/div>\n<div dir=\"auto\"><\/div>\n<div dir=\"auto\">Y por esa raz\u00f3n acompa\u00f1amos a Alfredo Del Mazo en este importante encuentro con el sector campesino del Estado de M\u00e9xico, y lo acompa\u00f1amos el d\u00eda de ayer tambi\u00e9n, en un encuentro con las mujeres.<\/div>\n<div dir=\"auto\"><\/div>\n<div dir=\"auto\">Y seguiremos acompa\u00f1\u00e1ndolo en la medida en que tambi\u00e9n acompa\u00f1aremos a los otros candidatos del PRI en Coahuila, y tambi\u00e9n en Nayarit. De hecho, ma\u00f1ana estaremos presentes en Nayarit, se\u00f1al\u00f3.<\/div>\n<div dir=\"auto\"><\/div>\n<div dir=\"auto\"><\/div>\n<div dir=\"auto\">Por otro lado, en cuanto a la detenci\u00f3n de Tom\u00e1s Y\u00e1rrington en Italia, dijo, reconocemos ampliamente el trabajo de la Procuradur\u00eda General de la Rep\u00fablica, que en coordinaci\u00f3n con los \u00f3rganos de procuraci\u00f3n e impartici\u00f3n de justicia de Italia, hayan detenido a ese exgobernador para que se haga justicia.<\/div>\n<div dir=\"auto\"><\/div>\n<div dir=\"auto\">\u00abLo hemos se\u00f1alado fuerte y claro: en el PRI estamos a favor de que los corruptos terminen en la c\u00e1rcel y se recupere el dinero que se llevaron.\u00bb<\/div>\n<div dir=\"auto\">En ese sentido, el PRI, en sesi\u00f3n del mes de diciembre, expuls\u00f3 a Tom\u00e1s Yarrington del partido, sujeto que ya hab\u00eda sido suspendido del PRI en 2012, a partir de las diversas acusaciones que versaban en su contra.<\/div>\n<div dir=\"auto\"><\/div>\n<div dir=\"auto\">Se le pregunt\u00f3 si hay una doble moral en la candidata de Morena; ella se hizo un auto pago, dicen, de m\u00e1s de 440 mil pesos. \u00bfTendr\u00eda que explicar ella esa doble moral de su partido y ,no se comete violencia de g\u00e9nero contra Delfina ?<\/div>\n<div dir=\"auto\"><\/div>\n<div dir=\"auto\">rRespondi\u00f3 que Delfina G\u00f3mez debe explicar con toda puntualidad la auto liquidaci\u00f3n que se asign\u00f3, porque violenta la normatividad jur\u00eddica en el Estado de M\u00e9xico; claramente tiene que se\u00f1alar de manera transparente y p\u00fablica esa irregularidad.<\/div>\n<div dir=\"auto\"><\/div>\n<div dir=\"auto\">Delfina G\u00f3mez &#8211;y atendiendo una pregunta que se hizo anteriormente&#8211; cuando se le se\u00f1alan de manera cr\u00edtica sus antecedentes como presidenta municipal, donde entreg\u00f3 un municipio con mayor violencia de la que recibi\u00f3; cuando se le se\u00f1alan actos como el de auto liquidarse por una cantidad superior a los 400 mil pesos; o bien, cuando no hace campa\u00f1a ella por propia voz, sino que su dirigente habla por ella; cuando recibe esos se\u00f1alamientos y esas cr\u00edticas, siente que se le est\u00e1 haciendo una violencia de g\u00e9nero, la cual ampliamente rechazamos y no aceptamos, porque claramente estamos en el contraste pol\u00edtico en la contienda electoral y respetuosamente se le se\u00f1alan sus antecedentes como funcionaria p\u00fablica, las fallas que tuvo como presidenta municipal, y ese es precisamente el orden democr\u00e1tico de contraste: debate, cr\u00edtica y autocr\u00edtica, que es fundamental en la democracia mexicana.<\/div>\n<div dir=\"auto\"><\/div>\n<div dir=\"auto\">\u2003Ciertamente, L\u00f3pez Obrador es de esa escuela, ellos s\u00ed pueden criticar, pero no aceptan la cr\u00edtica. Ellos s\u00ed pueden se\u00f1alar, pero cuando se les se\u00f1alan hechos concretos, acusan fraude y no se vale, no se vale ser hip\u00f3critas.<\/div>\n<div dir=\"auto\"><\/div>\n<div dir=\"auto\">Se le cuestion\u00f3 que el candidato -Alfredo del Mazo- \u00a0ha prometido que a cambio de que ya no venga L\u00f3pez Obrador al estado o Ricardo Anaya, bueno pues que no vendr\u00e1n m\u00e1s los secretarios de Estado; sin embargo, no es ning\u00fan delito que usted est\u00e9 aqu\u00ed, ning\u00fan delito electoral que venga un dirigente de un partido, pero s\u00ed lo es que vengan y que hagan campa\u00f1a pues secretarios de Estado o incluso el propio gobernador Eruviel \u00c1vila. Entonces, preguntarle al respecto, es un cambio un poco extra\u00f1o por ese sentido.<\/div>\n<div dir=\"auto\"><\/div>\n<div dir=\"auto\">Y tambi\u00e9n sobre Tomas Yarrington, preguntarle, \u00bfpor qu\u00e9 tardaron tanto en expulsarlo del partido?, fue hasta 2016 cuando usted ya coment\u00f3 que en 2012 pesaban acusaciones muy graves en su contra: lavado de dinero, nexos con el crimen organizado. Y, \u00bfc\u00f3mo va la cosa con C\u00e9sar Duarte?, porque bueno, \u00e9l tambi\u00e9n est\u00e1 en el proceso de ser expulsado.<\/div>\n<div dir=\"auto\"><\/div>\n<div dir=\"auto\">\u00bfEn el marco de la ley, no se suspender\u00e1 entrega de programas sociales?<\/div>\n<div dir=\"auto\"><\/div>\n<div dir=\"auto\">Contest\u00f3 que por un lado, la legislaci\u00f3n electoral claramente permite que se contin\u00fae con la entrega de programas sociales \u00aby lo hemos dicho fuerte y claro: no se le va a suspender ninguna entrega social a las mujeres y a los hombres del Estado de M\u00e9xico, siguiendo paso a paso lo que marca la ley.\u00bb<\/div>\n<div dir=\"auto\">Respetuosos de la ley, el Gobierno Federal, el gobierno estatal y el Partido Revolucionario Institucional participar\u00e1n en el contexto legal, transparente y p\u00fablico, durante las jornadas electorales.<\/div>\n<div dir=\"auto\"><\/div>\n<div dir=\"auto\">Ahora bien, cuando la ley se\u00f1ala con toda puntualidad que no se puede participar en la contienda electoral, lo cumpliremos con toda puntualidad.<\/div>\n<div dir=\"auto\">Continuaremos con nuestra estrategia de campa\u00f1a, cumpliendo el marco jur\u00eddico democr\u00e1tico<\/div>\n<div dir=\"auto\">Lo que parece contradictorio es que ante el hecho de que Delfina y Josefina est\u00e1n cayendo en las encuestas, se\u00f1alen que nosotros dejemos de hacer campa\u00f1a, mientras ellas contin\u00faan en su trayecto proselitista. Tampoco lo vamos a permitir.<\/div>\n<div dir=\"auto\"><\/div>\n<div dir=\"auto\">Si Delfina no quiere que est\u00e9 yo en el Estado de M\u00e9xico, que no venga Andr\u00e9s Manuel L\u00f3pez Obrador; pero ella, en repetidas ocasiones en los medios de comunicaci\u00f3n, ha dicho que continuar\u00e1 su estrategia de campa\u00f1a; por lo tanto, nosotros continuaremos con nuestra estrategia de campa\u00f1a, cumpliendo perfectamente el marco jur\u00eddico democr\u00e1tico que tienen los mexiquenses y que tenemos los mexicanos.<\/div>\n<div dir=\"auto\"><\/div>\n<div dir=\"auto\">La Comisi\u00f3n Nacional de Justicia Partidaria es el \u00f3rgano que encabeza al PRI \u00a0para rendir cuentas en un proceso democr\u00e1tico y moderno hacia sus militantes y dirigentes.<\/div>\n<div dir=\"auto\"><\/div>\n<div dir=\"auto\">En diciembre de 2016 se expuls\u00f3 del PRI a Tom\u00e1s Yarrington, reiter\u00f3, y dijo que por esa raz\u00f3n, la Comisi\u00f3n Nacional de Justicia Partidaria continu\u00f3 la investigaci\u00f3n y revisi\u00f3n del caso de Tom\u00e1s Yarrington y decidi\u00f3, a mediados de diciembre del a\u00f1o pasado, su expulsi\u00f3n, como se hizo del conocimiento p\u00fablico.<\/div>\n<div dir=\"auto\"><\/div>\n<div dir=\"auto\">En esa misma oportunidad suspendi\u00f3 los derechos pol\u00edticos del ex gobernador de Quintana Roo y la Comisi\u00f3n Nacional de Justicia<\/div>\n<div dir=\"auto\">Partidaria contin\u00faa analizando los casos que se presentan, y cuando tenga las resoluciones la propia Comisi\u00f3n, se har\u00e1n de conocimiento p\u00fablico a trav\u00e9s de los medios de comunicaci\u00f3n.<\/div>\n<div dir=\"auto\">Ese ser\u00e1 el caso de los dem\u00e1s estados de la Rep\u00fablica que est\u00e1n se\u00f1alados ante la Comisi\u00f3n, y que la Comisi\u00f3n cada vez que analiza un caso, lo anuncia, lo presenta con puntual transparencia y toda la informaci\u00f3n se presenta a los medios de comunicaci\u00f3n.<\/div>\n<div dir=\"auto\">Seguir\u00e1n analiz\u00e1ndose cada uno de los casos<\/div>\n<div dir=\"auto\"><\/div>\n<div dir=\"auto\">No podr\u00eda yo, como presidente nacional del PRI, predecir qu\u00e9 debe de decidir la Comisi\u00f3n Nacional de Justicia Partidaria, pero s\u00ed el compromiso muy puntual de que se seguir\u00e1 estudiando y analizando cada uno de los casos, y una vez que se llegue a una conclusi\u00f3n, como han sido los casos anteriores en Veracruz, en Quintana Roo y en Tamaulipas, se har\u00e1n de conocimiento p\u00fablico.<\/div>\n","protected":false},"excerpt":{"rendered":"<p>El presidente del CEN del PRI, Enrique Ochoa reza, se pronunci\u00f3 porque los corruptos terminen en la c\u00e1rcel, sean del partido que sean, y que devuelvan el dinero que se llevaron il\u00edcitamente; tambi\u00e9n dijo en entrevista realizada en Axapusco, Estado de M\u00e9xico, que el Revolucionario Institucional seguir\u00e1 adelante con su estrateghia de campa\u00f1a, y \u00e9l [&hellip;]<\/p>\n","protected":false},"author":3,"featured_media":0,"comment_status":"open","ping_status":"open","sticky":false,"template":"","format":"standard","meta":{"footnotes":""},"categories":[5],"tags":[6232,4869,8845],"class_list":{"0":"post-16946","1":"post","2":"type-post","3":"status-publish","4":"format-standard","6":"category-nota-informativa","7":"tag-alfredo-del-mazo","8":"tag-cen-del-pri","9":"tag-enrique-ochoa-reza"},"wps_subtitle":"","_links":{"self":[{"href":"https:\/\/www.porlalibreedomex.com\/index.php?rest_route=\/wp\/v2\/posts\/16946","targetHints":{"allow":["GET"]}}],"collection":[{"href":"https:\/\/www.porlalibreedomex.com\/index.php?rest_route=\/wp\/v2\/posts"}],"about":[{"href":"https:\/\/www.porlalibreedomex.com\/index.php?rest_route=\/wp\/v2\/types\/post"}],"author":[{"embeddable":true,"href":"https:\/\/www.porlalibreedomex.com\/index.php?rest_route=\/wp\/v2\/users\/3"}],"replies":[{"embeddable":true,"href":"https:\/\/www.porlalibreedomex.com\/index.php?rest_route=%2Fwp%2Fv2%2Fcomments&post=16946"}],"version-history":[{"count":2,"href":"https:\/\/www.porlalibreedomex.com\/index.php?rest_route=\/wp\/v2\/posts\/16946\/revisions"}],"predecessor-version":[{"id":16948,"href":"https:\/\/www.porlalibreedomex.com\/index.php?rest_route=\/wp\/v2\/posts\/16946\/revisions\/16948"}],"wp:attachment":[{"href":"https:\/\/www.porlalibreedomex.com\/index.php?rest_route=%2Fwp%2Fv2%2Fmedia&parent=16946"}],"wp:term":[{"taxonomy":"category","embeddable":true,"href":"https:\/\/www.porlalibreedomex.com\/index.php?rest_route=%2Fwp%2Fv2%2Fcategories&post=16946"},{"taxonomy":"post_tag","embeddable":true,"href":"https:\/\/www.porlalibreedomex.com\/index.php?rest_route=%2Fwp%2Fv2%2Ftags&post=16946"}],"curies":[{"name":"wp","href":"https:\/\/api.w.org\/{rel}","templated":true}]}}