{"id":16936,"date":"2017-04-09T22:53:24","date_gmt":"2017-04-10T03:53:24","guid":{"rendered":"http:\/\/www.porlalibreedomex.com\/?p=16936"},"modified":"2017-04-11T22:41:50","modified_gmt":"2017-04-12T03:41:50","slug":"condena-pri-mexiquense-violencia-en-campanas-politicas","status":"publish","type":"post","link":"https:\/\/www.porlalibreedomex.com\/?p=16936","title":{"rendered":"Condena PRI mexiquense violencia en campa\u00f1as pol\u00edticas"},"content":{"rendered":"<p>&nbsp;<\/p>\n<figure id=\"attachment_16934\" aria-describedby=\"caption-attachment-16934\" style=\"width: 700px\" class=\"wp-caption aligncenter\"><a href=\"http:\/\/www.porlalibreedomex.com\/wp-content\/uploads\/2017\/04\/IMG_5357-1.jpg\"><img loading=\"lazy\" decoding=\"async\" class=\"size-large wp-image-16934\" src=\"http:\/\/www.porlalibreedomex.com\/wp-content\/uploads\/2017\/04\/IMG_5357-1-1024x682.jpg\" alt=\"\" width=\"700\" height=\"466\" srcset=\"https:\/\/www.porlalibreedomex.com\/wp-content\/uploads\/2017\/04\/IMG_5357-1-1024x682.jpg 1024w, https:\/\/www.porlalibreedomex.com\/wp-content\/uploads\/2017\/04\/IMG_5357-1-300x200.jpg 300w, https:\/\/www.porlalibreedomex.com\/wp-content\/uploads\/2017\/04\/IMG_5357-1-768x512.jpg 768w, https:\/\/www.porlalibreedomex.com\/wp-content\/uploads\/2017\/04\/IMG_5357-1.jpg 1798w\" sizes=\"auto, (max-width: 700px) 100vw, 700px\" \/><\/a><figcaption id=\"caption-attachment-16934\" class=\"wp-caption-text\">Alfredo del Mazo, compromisos claros; problem\u00e1tica identificada. Foto: Jos\u00e9 Rocha<\/figcaption><\/figure>\n<p><strong>Toluca, M\u00e9xico, 9 de abril de 2017.<\/strong>&#8211; El Comit\u00e9 Directivo Estatal del PRI en el Estado de M\u00e9xico condena la agresi\u00f3n que este d\u00eda sufri\u00f3 la delegada capitalina de Miguel Hidalgo, en un tianguis de Tlalnepantla.<\/p>\n<p>Como instituto pol\u00edtico somos los primeros interesados en que \u00e9sta sea una campa\u00f1a de propuestas, como lo demandan los mexiquenses, raz\u00f3n por la cual el PRI se deslinda de dichos actos.<\/p>\n<p>En lo referente a la presunta agresi\u00f3n de polic\u00edas municipales de Tultitl\u00e1n a miembros de la campa\u00f1a de la se\u00f1ora V\u00e1zquez Mota, el Ayuntamiento emiti\u00f3 un comunicado en el que aclara que, como lo muestra el mismo video que difundi\u00f3 el PAN, no ocurri\u00f3 tal agresi\u00f3n y que el actuar de los funcionarios se dio conforme a derecho, en virtud de que no se contaba con la autorizaci\u00f3n correspondiente de uso de la plaza.<\/p>\n<p>En las im\u00e1genes difundidas, se puede observar que el supuesto permiso, es una hoja membretada del Partido Acci\u00f3n Nacional y no de la autoridad municipal, quien s\u00ed difundi\u00f3 copia del oficio donde se les comunica el 06 de abril, la imposibilidad de llevar a cabo su acto proselitista debido a una solicitud previa de uso de la plaza por parte de terceros.<\/p>\n<p>&nbsp;<\/p>\n","protected":false},"excerpt":{"rendered":"<p>&nbsp; Toluca, M\u00e9xico, 9 de abril de 2017.&#8211; El Comit\u00e9 Directivo Estatal del PRI en el Estado de M\u00e9xico condena la agresi\u00f3n que este d\u00eda sufri\u00f3 la delegada capitalina de Miguel Hidalgo, en un tianguis de Tlalnepantla. Como instituto pol\u00edtico somos los primeros interesados en que \u00e9sta sea una campa\u00f1a de propuestas, como lo demandan [&hellip;]<\/p>\n","protected":false},"author":3,"featured_media":0,"comment_status":"open","ping_status":"open","sticky":false,"template":"","format":"standard","meta":{"footnotes":""},"categories":[16,5],"tags":[],"class_list":{"0":"post-16936","1":"post","2":"type-post","3":"status-publish","4":"format-standard","6":"category-foto","7":"category-nota-informativa"},"wps_subtitle":"","_links":{"self":[{"href":"https:\/\/www.porlalibreedomex.com\/index.php?rest_route=\/wp\/v2\/posts\/16936","targetHints":{"allow":["GET"]}}],"collection":[{"href":"https:\/\/www.porlalibreedomex.com\/index.php?rest_route=\/wp\/v2\/posts"}],"about":[{"href":"https:\/\/www.porlalibreedomex.com\/index.php?rest_route=\/wp\/v2\/types\/post"}],"author":[{"embeddable":true,"href":"https:\/\/www.porlalibreedomex.com\/index.php?rest_route=\/wp\/v2\/users\/3"}],"replies":[{"embeddable":true,"href":"https:\/\/www.porlalibreedomex.com\/index.php?rest_route=%2Fwp%2Fv2%2Fcomments&post=16936"}],"version-history":[{"count":3,"href":"https:\/\/www.porlalibreedomex.com\/index.php?rest_route=\/wp\/v2\/posts\/16936\/revisions"}],"predecessor-version":[{"id":16941,"href":"https:\/\/www.porlalibreedomex.com\/index.php?rest_route=\/wp\/v2\/posts\/16936\/revisions\/16941"}],"wp:attachment":[{"href":"https:\/\/www.porlalibreedomex.com\/index.php?rest_route=%2Fwp%2Fv2%2Fmedia&parent=16936"}],"wp:term":[{"taxonomy":"category","embeddable":true,"href":"https:\/\/www.porlalibreedomex.com\/index.php?rest_route=%2Fwp%2Fv2%2Fcategories&post=16936"},{"taxonomy":"post_tag","embeddable":true,"href":"https:\/\/www.porlalibreedomex.com\/index.php?rest_route=%2Fwp%2Fv2%2Ftags&post=16936"}],"curies":[{"name":"wp","href":"https:\/\/api.w.org\/{rel}","templated":true}]}}