{"id":16758,"date":"2017-04-05T19:56:37","date_gmt":"2017-04-06T04:56:37","guid":{"rendered":"http:\/\/porlalibre.info\/?p=16758"},"modified":"2017-04-06T20:05:16","modified_gmt":"2017-04-07T01:05:16","slug":"que-hagan-campana-los-candidatos-no-los-dirigentes-alfredo-del-mazo","status":"publish","type":"post","link":"https:\/\/www.porlalibreedomex.com\/?p=16758","title":{"rendered":"QUE HAGAN CAMPA\u00d1A LOS CANDIDATOS, NO LOS DIRIGENTES: ALFREDO DEL MAZO"},"content":{"rendered":"<div dir=\"auto\">\n<figure id=\"attachment_16761\" aria-describedby=\"caption-attachment-16761\" style=\"width: 700px\" class=\"wp-caption aligncenter\"><a href=\"http:\/\/porlalibre.info\/wp-content\/uploads\/2017\/04\/DSC_0658-e1491454514604.jpg\"><img loading=\"lazy\" decoding=\"async\" class=\"size-large wp-image-16761\" src=\"http:\/\/porlalibre.info\/wp-content\/uploads\/2017\/04\/DSC_0658-e1491454514604-1024x504.jpg\" alt=\"\" width=\"700\" height=\"345\" \/><\/a><figcaption id=\"caption-attachment-16761\" class=\"wp-caption-text\">ALFREDO DEL MAZO MAZA, candidato del PRI a Gobernador del Estado de M\u00e9xico<\/figcaption><\/figure>\n<\/div>\n<div dir=\"auto\"><\/div>\n<div dir=\"auto\"><\/div>\n<div dir=\"auto\">Toluca, Estado de M\u00e9xico, a 05 de abril de 2017. Al participar en el debate que organiz\u00f3 esta ma\u00f1ana el periodista Carlos Loret de Mola en Televisa, Alfredo Del Mazo, candidato de la coalici\u00f3n PRI, Partido Verde, Nueva Alianza y Encuentro Social, hizo un llamado al resto de los aspirantes al gobierno del estado, para que sean ellos mismos y no sus dirigentes nacionales, quienes hagan campa\u00f1a.<\/div>\n<div dir=\"auto\"><\/div>\n<div dir=\"auto\">\u00a0\u201cSomos nosotros los que debemos hacer campa\u00f1a\u201d, dijo tras referir que la sociedad debe percibir a ellos como los \u00fanicos protagonistas de la contienda y que los mexiquenses merecen conocer las propuestas de quienes quieren gobernarlos.<\/div>\n<div dir=\"auto\"><\/div>\n<div dir=\"auto\">En sus intervenciones, Alfredo Del Mazo present\u00f3 propuestas relacionadas con seguridad, combate a la corrupci\u00f3n y econom\u00eda, adem\u00e1s destac\u00f3 la oportunidad del espacio que les ofreci\u00f3 la televisora para debatir ideas y propuestas con sus contrincantes, pues dijo que \u00e9l aspira a que la campa\u00f1a sea de propuestas y no de descalificaciones.<\/div>\n<div dir=\"auto\"><\/div>\n<div dir=\"auto\"><strong>Convoca Del Mazo a los j\u00f3venes a construir<\/strong><\/div>\n<div dir=\"auto\"><strong>juntos el futuro del Edom\u00e9x<\/strong><\/div>\n<div dir=\"auto\"><\/div>\n<div dir=\"auto\">\n<figure id=\"attachment_16762\" aria-describedby=\"caption-attachment-16762\" style=\"width: 700px\" class=\"wp-caption aligncenter\"><a href=\"http:\/\/porlalibre.info\/wp-content\/uploads\/2017\/04\/DSC_0645.jpg\"><img loading=\"lazy\" decoding=\"async\" class=\"size-large wp-image-16762\" src=\"http:\/\/porlalibre.info\/wp-content\/uploads\/2017\/04\/DSC_0645-1024x683.jpg\" alt=\"\" width=\"700\" height=\"467\" \/><\/a><figcaption id=\"caption-attachment-16762\" class=\"wp-caption-text\">Alfredo del Mazo Maza en di\u00e1logo con alumnos y profesores del Tecnol\u00f3gico de Monterrey Campus Toluca<\/figcaption><\/figure>\n<\/div>\n<div dir=\"auto\">\n<audio class=\"wp-audio-shortcode\" id=\"audio-16758-1\" preload=\"none\" style=\"width: 100%;\" controls=\"controls\"><source type=\"audio\/mpeg\" src=\"http:\/\/porlalibre.info\/wp-content\/uploads\/2017\/04\/170405_001.mp3?_=1\" \/><a href=\"http:\/\/porlalibre.info\/wp-content\/uploads\/2017\/04\/170405_001.mp3\">http:\/\/porlalibre.info\/wp-content\/uploads\/2017\/04\/170405_001.mp3<\/a><\/audio>\n<\/div>\n<div dir=\"auto\"><\/div>\n<div dir=\"auto\">Por otro lado, al participar en el encuentro del \u201cD\u00eda de la Ciudadan\u00eda\u201d, convocado por el Instituto Tecnol\u00f3gico y de Estudios Superiores de Monterrey, campus Toluca, Alfredo Del Mazo reconoci\u00f3 que sus propuestas nacen de la gente, por lo que dijo estar emocionado de encontrarse con j\u00f3venes y escucharlos para que puedan construir juntos el futuro del Estado de M\u00e9xico.<\/div>\n<div dir=\"auto\"><\/div>\n<div dir=\"auto\">\u00a0Ante cientos de estudiantes de esta universidad, Del Mazo resalt\u00f3 la importancia de escuchar a este sector social para integrar pol\u00edticas de gobierno que permitan resolver los grandes retos que tiene el Estado de M\u00e9xico.<\/div>\n<div dir=\"auto\"><\/div>\n<div dir=\"auto\">\u00a0Tenemos tres millones de j\u00f3venes que van a votar el 4 de junio y son los que con su voto van a decidir el rumbo del Estado de M\u00e9xico, afirm\u00f3 y se\u00f1al\u00f3 que la pr\u00f3xima elecci\u00f3n, definir\u00e1 el futuro de 17 millones de mexiquenses y \u201custedes van a decidir en manos de qui\u00e9n quieren dejar a una entidad, que cada a\u00f1o crece 350 mil habitantes, por nacimiento o porque la gente viene a vivir aqu\u00ed; de ese tama\u00f1o es el reto y la responsabilidad de gobernar un estado as\u00ed\u201d.<\/div>\n<div dir=\"auto\"><\/div>\n<div dir=\"auto\">\u00a0Por ello, afirm\u00f3 que su gobierno habr\u00e1 de respaldar el desarrollo integral de los j\u00f3venes y de las universidades, trabajando de la mano con ellos para impulsar pol\u00edticas que permitan generar m\u00e1s emprendedores, y que vinculen la oferta laboral con los planes educativos de las escuelas para que quienes terminen sus estudios universitarios tengan acceso a la vida productiva.<\/div>\n","protected":false},"excerpt":{"rendered":"<p>Toluca, Estado de M\u00e9xico, a 05 de abril de 2017. Al participar en el debate que organiz\u00f3 esta ma\u00f1ana el periodista Carlos Loret de Mola en Televisa, Alfredo Del Mazo, candidato de la coalici\u00f3n PRI, Partido Verde, Nueva Alianza y Encuentro Social, hizo un llamado al resto de los aspirantes al gobierno del estado, para [&hellip;]<\/p>\n","protected":false},"author":2,"featured_media":16882,"comment_status":"open","ping_status":"open","sticky":false,"template":"","format":"standard","meta":{"footnotes":""},"categories":[16,5,1,7549],"tags":[8898,8899,8900,8901],"class_list":{"0":"post-16758","1":"post","2":"type-post","3":"status-publish","4":"format-standard","5":"has-post-thumbnail","7":"category-foto","8":"category-nota-informativa","9":"category-uncategorized","10":"category-video","11":"tag-alfredo-del-mazo-maza-en-el-tec-de-monterrey","12":"tag-desarrollo-integral-de-los-jovenes","13":"tag-expone-su-programa-de-trabajo-alfredo-del-mazo-ante-jovenes","14":"tag-hacer-un-estado-de-mexico-seguro"},"wps_subtitle":"","_links":{"self":[{"href":"https:\/\/www.porlalibreedomex.com\/index.php?rest_route=\/wp\/v2\/posts\/16758","targetHints":{"allow":["GET"]}}],"collection":[{"href":"https:\/\/www.porlalibreedomex.com\/index.php?rest_route=\/wp\/v2\/posts"}],"about":[{"href":"https:\/\/www.porlalibreedomex.com\/index.php?rest_route=\/wp\/v2\/types\/post"}],"author":[{"embeddable":true,"href":"https:\/\/www.porlalibreedomex.com\/index.php?rest_route=\/wp\/v2\/users\/2"}],"replies":[{"embeddable":true,"href":"https:\/\/www.porlalibreedomex.com\/index.php?rest_route=%2Fwp%2Fv2%2Fcomments&post=16758"}],"version-history":[{"count":1,"href":"https:\/\/www.porlalibreedomex.com\/index.php?rest_route=\/wp\/v2\/posts\/16758\/revisions"}],"predecessor-version":[{"id":16884,"href":"https:\/\/www.porlalibreedomex.com\/index.php?rest_route=\/wp\/v2\/posts\/16758\/revisions\/16884"}],"wp:featuredmedia":[{"embeddable":true,"href":"https:\/\/www.porlalibreedomex.com\/index.php?rest_route=\/wp\/v2\/media\/16882"}],"wp:attachment":[{"href":"https:\/\/www.porlalibreedomex.com\/index.php?rest_route=%2Fwp%2Fv2%2Fmedia&parent=16758"}],"wp:term":[{"taxonomy":"category","embeddable":true,"href":"https:\/\/www.porlalibreedomex.com\/index.php?rest_route=%2Fwp%2Fv2%2Fcategories&post=16758"},{"taxonomy":"post_tag","embeddable":true,"href":"https:\/\/www.porlalibreedomex.com\/index.php?rest_route=%2Fwp%2Fv2%2Ftags&post=16758"}],"curies":[{"name":"wp","href":"https:\/\/api.w.org\/{rel}","templated":true}]}}