{"id":16735,"date":"2017-04-03T19:12:15","date_gmt":"2017-04-04T04:12:15","guid":{"rendered":"http:\/\/porlalibre.info\/?p=16735"},"modified":"2017-04-07T10:56:34","modified_gmt":"2017-04-07T15:56:34","slug":"publica-las-plataformas-de-los-candidatos-el-instituto-electoral-del-estado-de-mexico","status":"publish","type":"post","link":"https:\/\/www.porlalibreedomex.com\/?p=16735","title":{"rendered":"PUBLICA LAS PLATAFORMAS DE LOS CANDIDATOS EL INSTITUTO ELECTORAL DEL ESTADO DE M\u00c9XICO"},"content":{"rendered":"<figure id=\"attachment_16672\" aria-describedby=\"caption-attachment-16672\" style=\"width: 700px\" class=\"wp-caption aligncenter\"><a href=\"http:\/\/porlalibre.info\/wp-content\/uploads\/2017\/04\/IMG_2045.jpg\"><img loading=\"lazy\" decoding=\"async\" class=\"size-large wp-image-16672\" src=\"http:\/\/porlalibre.info\/wp-content\/uploads\/2017\/04\/IMG_2045-1024x625.jpg\" alt=\"\" width=\"700\" height=\"427\" \/><\/a><figcaption id=\"caption-attachment-16672\" class=\"wp-caption-text\">Aprobadas y publicadas las plataformas para el Proceso Electoral Ordinario del Estado de M\u00e9xico<\/figcaption><\/figure>\n<p><strong>\u00a0<\/strong><\/p>\n<ul>\n<li><strong>\u00a0<\/strong><strong><em>Han sido publicadas las candidaturas que fueron aprobadas, adem\u00e1s de las plataformas electorales que postulan, con la idea de que la ciudadan\u00eda las conozca y emita su voto el pr\u00f3ximo 4 de junio de manera informada.<\/em><\/strong><\/li>\n<\/ul>\n<p><strong>\u00a0<\/strong><\/p>\n<p>Una vez que el Instituto Electoral del Estado de M\u00e9xico aprob\u00f3 el registro de tres candidatas y cuatro candidatos a la Gubernatura para el periodo constitucional 2017-2023, tambi\u00e9n inici\u00f3 el lunes 3 de abril el periodo para realizar campa\u00f1as electorales, el cual concluir\u00e1 el 31 de mayo del a\u00f1o en curso; por ello, las autoridades estatales y municipales, as\u00ed como los legisladores locales, deber\u00e1n suspender la difusi\u00f3n en los medios de comunicaci\u00f3n social de toda propaganda gubernamental.<\/p>\n<p>En el Art\u00edculo 263 del C\u00f3digo Electoral del Estado de M\u00e9xico se especifica que las campa\u00f1as electorales iniciar\u00e1n a partir del d\u00eda siguiente al de la fecha de registro de candidaturas que apruebe el \u00f3rgano electoral correspondiente para la elecci\u00f3n respectiva y concluir\u00e1n tres d\u00edas antes de la jornada electoral, por lo que en esta ocasi\u00f3n durar\u00e1n 59 d\u00edas.<\/p>\n<p>En la p\u00e1gina electr\u00f3nica del IEEM (<a href=\"http:\/\/www.ieem.org.mx\">www.ieem.org.mx<\/a>) han sido publicadas las candidaturas que fueron aprobadas, adem\u00e1s de las plataformas electorales que postulan, con la idea de que la ciudadan\u00eda las consulte y tenga m\u00e1s elementos al emitir su voto el pr\u00f3ximo 4 de junio.<\/p>\n","protected":false},"excerpt":{"rendered":"<p>\u00a0 \u00a0Han sido publicadas las candidaturas que fueron aprobadas, adem\u00e1s de las plataformas electorales que postulan, con la idea de que la ciudadan\u00eda las conozca y emita su voto el pr\u00f3ximo 4 de junio de manera informada. \u00a0 Una vez que el Instituto Electoral del Estado de M\u00e9xico aprob\u00f3 el registro de tres candidatas y [&hellip;]<\/p>\n","protected":false},"author":2,"featured_media":16912,"comment_status":"open","ping_status":"open","sticky":false,"template":"","format":"standard","meta":{"footnotes":""},"categories":[16,5,1],"tags":[2615,8379,8884],"class_list":{"0":"post-16735","1":"post","2":"type-post","3":"status-publish","4":"format-standard","5":"has-post-thumbnail","7":"category-foto","8":"category-nota-informativa","9":"category-uncategorized","10":"tag-ieem","11":"tag-instituto-electoral","12":"tag-publican-plataformas-electorales"},"wps_subtitle":"","_links":{"self":[{"href":"https:\/\/www.porlalibreedomex.com\/index.php?rest_route=\/wp\/v2\/posts\/16735","targetHints":{"allow":["GET"]}}],"collection":[{"href":"https:\/\/www.porlalibreedomex.com\/index.php?rest_route=\/wp\/v2\/posts"}],"about":[{"href":"https:\/\/www.porlalibreedomex.com\/index.php?rest_route=\/wp\/v2\/types\/post"}],"author":[{"embeddable":true,"href":"https:\/\/www.porlalibreedomex.com\/index.php?rest_route=\/wp\/v2\/users\/2"}],"replies":[{"embeddable":true,"href":"https:\/\/www.porlalibreedomex.com\/index.php?rest_route=%2Fwp%2Fv2%2Fcomments&post=16735"}],"version-history":[{"count":1,"href":"https:\/\/www.porlalibreedomex.com\/index.php?rest_route=\/wp\/v2\/posts\/16735\/revisions"}],"predecessor-version":[{"id":16917,"href":"https:\/\/www.porlalibreedomex.com\/index.php?rest_route=\/wp\/v2\/posts\/16735\/revisions\/16917"}],"wp:featuredmedia":[{"embeddable":true,"href":"https:\/\/www.porlalibreedomex.com\/index.php?rest_route=\/wp\/v2\/media\/16912"}],"wp:attachment":[{"href":"https:\/\/www.porlalibreedomex.com\/index.php?rest_route=%2Fwp%2Fv2%2Fmedia&parent=16735"}],"wp:term":[{"taxonomy":"category","embeddable":true,"href":"https:\/\/www.porlalibreedomex.com\/index.php?rest_route=%2Fwp%2Fv2%2Fcategories&post=16735"},{"taxonomy":"post_tag","embeddable":true,"href":"https:\/\/www.porlalibreedomex.com\/index.php?rest_route=%2Fwp%2Fv2%2Ftags&post=16735"}],"curies":[{"name":"wp","href":"https:\/\/api.w.org\/{rel}","templated":true}]}}