{"id":16728,"date":"2017-04-04T12:55:49","date_gmt":"2017-04-04T21:55:49","guid":{"rendered":"http:\/\/porlalibre.info\/?p=16728"},"modified":"2017-04-07T10:53:58","modified_gmt":"2017-04-07T15:53:58","slug":"los-restos-de-leopoldo-flores-depositados-ya-en-la-rotonda-de-las-personas-ilustres","status":"publish","type":"post","link":"https:\/\/www.porlalibreedomex.com\/?p=16728","title":{"rendered":"Los Restos de Leopoldo Flores, depositados ya en la Rotonda de las Personas Ilustres"},"content":{"rendered":"<p><strong>\u00a0<\/strong><\/p>\n<figure id=\"attachment_16714\" aria-describedby=\"caption-attachment-16714\" style=\"width: 690px\" class=\"wp-caption aligncenter\"><a href=\"http:\/\/porlalibre.info\/wp-content\/uploads\/2017\/04\/POLO-FLORES-COSMOVITRAL.png\"><img loading=\"lazy\" decoding=\"async\" class=\"size-full wp-image-16714\" src=\"http:\/\/porlalibre.info\/wp-content\/uploads\/2017\/04\/POLO-FLORES-COSMOVITRAL.png\" alt=\"\" width=\"690\" height=\"490\" \/><\/a><figcaption id=\"caption-attachment-16714\" class=\"wp-caption-text\">Los restos del artista pl\u00e1stico mexiquense y doctor Honoris Causa de la UAEM, Leopoldo Flores, fueron depositados en la Roronda de las Personas Ilustres en Toluca, en ceremonia encabezada por el rector Jorge Olvera<\/figcaption><\/figure>\n<ul>\n<li><em>Los universitarios y la sociedad mexiquense cumplen con el compromiso de rendirle tributo al artista pl\u00e1stico, se\u00f1al\u00f3 el rector de la UAEM, Jorge Olvera Garc\u00eda, durante la Ceremonia Solemne de Dep\u00f3sito de Cenizas de Leopoldo Flores en la Rotonda de las Personas Ilustres.<\/em><\/li>\n<li><em>Este acto, puntualiz\u00f3, honra la memoria de quien marc\u00f3 la historia del Estado de M\u00e9xico con sus trazos, dibujos y su muy particular forma de percibir la realidad.<\/em><\/li>\n<\/ul>\n<p><em>\u00a0<\/em><\/p>\n<p><a href=\"http:\/\/porlalibre.info\/wp-content\/uploads\/2017\/04\/comun275-4.jpg\"><img loading=\"lazy\" decoding=\"async\" class=\"alignright size-medium wp-image-16713\" src=\"http:\/\/porlalibre.info\/wp-content\/uploads\/2017\/04\/comun275-4-300x200.jpg\" alt=\"\" width=\"300\" height=\"200\" \/><\/a>En un acto de justicia, hoy se rinde homenaje a Leopoldo Flores, ejemplo de trabajo y cuya visi\u00f3n de justicia se aprecia en cada una de sus obras, se\u00f1al\u00f3 el rector de la Universidad Aut\u00f3noma del Estado de M\u00e9xico, Jorge Olvera Garc\u00eda.<\/p>\n<p>Lo anterior, durante la Ceremonia Solemne de Dep\u00f3sito de Cenizas del Doctor Honoris Causa por la UAEM en la Rotonda de las Personas Ilustres, a la que, en representaci\u00f3n del gobernador del Estado de M\u00e9xico, Eruviel \u00c1vila Villegas, asisti\u00f3 el secretario de Cultura y Deporte, Eduardo Gasca Pliego.<\/p>\n<p>Ante la viuda del artista originario del municipio de Tenancingo, Mar\u00eda Dolores Almada L\u00f3pez, y familiares, el rector destac\u00f3 que por decreto del jefe del ejecutivo de la entidad, se depositan las cenizas de Leopoldo Flores en la Rotonda de las Personas Ilustres, ubicada en el pante\u00f3n municipal de Toluca.<\/p>\n<p>Al cumplirse un a\u00f1o de la muerte del autor del Cosmovitral del Jard\u00edn Bot\u00e1nico de Toluca, Olvera Garc\u00eda refiri\u00f3 que de esta manera, los universitarios y la sociedad mexiquense cumplen con el compromiso de rendirle tributo al creador sin l\u00edmites, a quien el pueblo cobija y distingue por su conducta, trayectoria y ejemplo.<\/p>\n<p>Eduardo Gasca Pliego asegur\u00f3 que Leopoldo Flores contribuy\u00f3 de forma importante en la constituci\u00f3n de la identidad mexiquense, que se puede apreciar en sus diferentes murales y obra gr\u00e1fica; este acto, puntualiz\u00f3, honra la memoria de quien marc\u00f3 la historia del Estado de M\u00e9xico con sus trazos, dibujos y su muy particular forma de percibir la realidad.<\/p>\n<p>Destac\u00f3 que mediante este reconocimiento, que por decreto del gobernador Eruviel \u00c1vila Villegas se realiza a Leopoldo Flores, se da cuenta de la trayectoria y trascendencia de un mexiquense ejemplar, a quien los universitarios rendir\u00e1n tributo y reconocimiento siempre.<\/p>\n<p>En este solemne evento montaron guardia de honor Jorge Olvera Garc\u00eda, Eduardo Gasca Pliego y Mar\u00eda Dolores Almada L\u00f3pez; asistieron los ex rectores de la UAEM, Marco Antonio Morales G\u00f3mez, Jos\u00e9 Mart\u00ednez Vilchis, Jorge Guadarrama L\u00f3pez y Tom\u00e1s Ruiz P\u00e9rez, as\u00ed como los hijos del homenajeado, Oztoc y Deeni Flores Mondrag\u00f3n, adem\u00e1s de directores y servidores universitarios. Al final, el rector de la UAEM y el secretario de Cultura y Deporte entregaron la bandera universitaria a la viuda de Leopoldo Flores.<\/p>\n<p>Luego de esta solemne ceremonia, el rector Jorge Olvera Garc\u00eda inaugur\u00f3, en la Facultad de Ingenier\u00eda, el Vitral \u201cLos Elementos\u201d,\u00a0 legado del Doctor Honoris Causa Leopoldo Flores a la M\u00e1xima Casa de Estudios mexiquense.<\/p>\n<p>En vida, Leopoldo Flores Valdez fue reconocido con el Premio \u201cMeztli\u201d 1964 y el Premio de Adquisici\u00f3n en Pintura otorgado por el Instituto Nacional de Bellas; entre sus obras destacan los murales El Hombre Contempor\u00e1neo (Hotel Plaza Morelos, 1971), El Hombre Contemplando al Hombre (Palacio del Poder Legislativo, 1972-1983), El Hombre Universal (C\u00fapula del Centro de Investigaci\u00f3n en Ciencias Sociales y Humanidades de la UAEM), B\u00fasqueda de la Justicia (Edificio de la Procuradur\u00eda General de Justicia del Estado de M\u00e9xico), Justicia, Supremo Poder (Palacio de la Suprema Corte de Justicia de la Naci\u00f3n) y Aratm\u00f3sfera (en el Cerro de Coatepec de la Ciudad Universitaria de la Aut\u00f3noma mexiquense).<\/p>\n","protected":false},"excerpt":{"rendered":"<p>\u00a0 Los universitarios y la sociedad mexiquense cumplen con el compromiso de rendirle tributo al artista pl\u00e1stico, se\u00f1al\u00f3 el rector de la UAEM, Jorge Olvera Garc\u00eda, durante la Ceremonia Solemne de Dep\u00f3sito de Cenizas de Leopoldo Flores en la Rotonda de las Personas Ilustres. Este acto, puntualiz\u00f3, honra la memoria de quien marc\u00f3 la historia [&hellip;]<\/p>\n","protected":false},"author":2,"featured_media":16909,"comment_status":"open","ping_status":"open","sticky":false,"template":"","format":"standard","meta":{"footnotes":""},"categories":[16,5,1],"tags":[],"class_list":{"0":"post-16728","1":"post","2":"type-post","3":"status-publish","4":"format-standard","5":"has-post-thumbnail","7":"category-foto","8":"category-nota-informativa","9":"category-uncategorized"},"wps_subtitle":"","_links":{"self":[{"href":"https:\/\/www.porlalibreedomex.com\/index.php?rest_route=\/wp\/v2\/posts\/16728","targetHints":{"allow":["GET"]}}],"collection":[{"href":"https:\/\/www.porlalibreedomex.com\/index.php?rest_route=\/wp\/v2\/posts"}],"about":[{"href":"https:\/\/www.porlalibreedomex.com\/index.php?rest_route=\/wp\/v2\/types\/post"}],"author":[{"embeddable":true,"href":"https:\/\/www.porlalibreedomex.com\/index.php?rest_route=\/wp\/v2\/users\/2"}],"replies":[{"embeddable":true,"href":"https:\/\/www.porlalibreedomex.com\/index.php?rest_route=%2Fwp%2Fv2%2Fcomments&post=16728"}],"version-history":[{"count":1,"href":"https:\/\/www.porlalibreedomex.com\/index.php?rest_route=\/wp\/v2\/posts\/16728\/revisions"}],"predecessor-version":[{"id":16911,"href":"https:\/\/www.porlalibreedomex.com\/index.php?rest_route=\/wp\/v2\/posts\/16728\/revisions\/16911"}],"wp:featuredmedia":[{"embeddable":true,"href":"https:\/\/www.porlalibreedomex.com\/index.php?rest_route=\/wp\/v2\/media\/16909"}],"wp:attachment":[{"href":"https:\/\/www.porlalibreedomex.com\/index.php?rest_route=%2Fwp%2Fv2%2Fmedia&parent=16728"}],"wp:term":[{"taxonomy":"category","embeddable":true,"href":"https:\/\/www.porlalibreedomex.com\/index.php?rest_route=%2Fwp%2Fv2%2Fcategories&post=16728"},{"taxonomy":"post_tag","embeddable":true,"href":"https:\/\/www.porlalibreedomex.com\/index.php?rest_route=%2Fwp%2Fv2%2Ftags&post=16728"}],"curies":[{"name":"wp","href":"https:\/\/api.w.org\/{rel}","templated":true}]}}