{"id":16689,"date":"2017-04-02T08:55:52","date_gmt":"2017-04-02T17:55:52","guid":{"rendered":"http:\/\/porlalibre.info\/?p=16689"},"modified":"2017-04-02T08:55:52","modified_gmt":"2017-04-02T17:55:52","slug":"el-pri-defendera-con-propuestas-en-campana-los-logros-alcanzados-en-edomex-alejandra-del-moral","status":"publish","type":"post","link":"https:\/\/www.porlalibreedomex.com\/?p=16689","title":{"rendered":"El PRI defender\u00e1 con propuestas en campa\u00f1a los logros alcanzados en Edom\u00e9x: Alejandra Del Moral"},"content":{"rendered":"<p><strong>\u00a0<\/strong><\/p>\n<figure id=\"attachment_16690\" aria-describedby=\"caption-attachment-16690\" style=\"width: 1772px\" class=\"wp-caption aligncenter\"><a href=\"http:\/\/porlalibre.info\/wp-content\/uploads\/2017\/04\/IMG_6101.jpg\"><img loading=\"lazy\" decoding=\"async\" class=\"size-full wp-image-16690\" src=\"http:\/\/porlalibre.info\/wp-content\/uploads\/2017\/04\/IMG_6101.jpg\" alt=\"\" width=\"1772\" height=\"1181\" \/><\/a><figcaption id=\"caption-attachment-16690\" class=\"wp-caption-text\">Isidro Mu\u00f1oz Rivera rindi\u00f3 protesta como delegado especial del PRI en Toluca, ante la presidenta del CDE, Alejandra del Moral<\/figcaption><\/figure>\n<p>&nbsp;<\/p>\n<ul>\n<li><em>Trabajando en equipo los pri\u00edstas ser\u00e1n ejemplo de unidad, sostuvo la dirigente estatal de este instituto pol\u00edtico.\u00a0<\/em><\/li>\n<\/ul>\n<p><strong>Toluca, Estado de M\u00e9xico, a 1 de abril de 2017<\/strong>.- Los militantes del Partido Revolucionario Institucional est\u00e1n listos para salir en unidad, con convicci\u00f3n y sustentados en propuestas claras, al encuentro con los mexiquenses para refrendar su confianza y defender los logros que se han alcanzado en el Estado de M\u00e9xico.<\/p>\n<p>As\u00ed lo afirm\u00f3 Alejandra Del Moral Vela, presidenta de este instituto pol\u00edtico en la entidad, luego de tomar protesta a Isidro Mu\u00f1oz Rivera como delegado especial del PRI en la capital mexiquense, en donde sostuvo que Toluca ser\u00e1 un municipio que d\u00e9 ejemplo de unidad y de trabajo en equipo, que se reflejar\u00e1 en una victoria contundente de Alfredo Del Mazo Maza.<\/p>\n<figure id=\"attachment_16691\" aria-describedby=\"caption-attachment-16691\" style=\"width: 300px\" class=\"wp-caption alignleft\"><a href=\"http:\/\/porlalibre.info\/wp-content\/uploads\/2017\/04\/IMG_6174.jpg\"><img loading=\"lazy\" decoding=\"async\" class=\"size-medium wp-image-16691\" src=\"http:\/\/porlalibre.info\/wp-content\/uploads\/2017\/04\/IMG_6174-300x200.jpg\" alt=\"\" width=\"300\" height=\"200\" \/><\/a><figcaption id=\"caption-attachment-16691\" class=\"wp-caption-text\">Con propuestas, el PRI defender\u00e1 en campa\u00f1a los avances obtenidos en el Estado de M\u00e9xico, se\u00f1al\u00f3 Alejandra del Moral.<\/figcaption><\/figure>\n<p>La dirigente estatal del PRI asegur\u00f3 que \u00e9ste es el momento de defender los logros que los gobiernos priistas han alcanzado trabajando de la mano con la sociedad y que son el resultado de d\u00e9cadas de esfuerzo en la que la militancia priista tambi\u00e9n ha aportado con su esfuerzo y compromiso.<\/p>\n<p>Acompa\u00f1ada de Ismael Hern\u00e1ndez Deras, delegado del Comit\u00e9 Ejecutivo\u00a0 Nacional del PRI en la entidad, de Mar\u00eda Elena Barrera Tapia, senadora de la Rep\u00fablica por el Estado de M\u00e9xico, de Laura Mitzi Barrientos Cano y Martha Hilda Gonz\u00e1lez Calder\u00f3n, diputadas federales por los distritos 26 y 34, as\u00ed como del diputado local por el distrito II, Jorge Omar Vel\u00e1zquez Ru\u00edz, y Jos\u00e9 Francisco Ozuna Rodr\u00edguez, presidente del Comit\u00e9 Municipal del PRI en Toluca, la dirigente estatal, expres\u00f3 que el PRI es un partido de puertas abiertas que incluye todas las voces e inquietudes que fortalecen a este instituto pol\u00edtico ante uno de los procesos m\u00e1s retadores en la historia.<\/p>\n<p>En su oportunidad, el delegado del CEN del PRI en el Estado de M\u00e9xico, Ismael Hern\u00e1ndez Deras, confi\u00f3 en que los priistas aporten sus talentos en el proyecto que encabeza Alfredo Del Mazo Maza, porque a trav\u00e9s de sus voces es como el PRI mexiquense construy\u00f3 la plataforma pol\u00edtica que presentar\u00e1 en este proceso.<\/p>\n","protected":false},"excerpt":{"rendered":"<p>\u00a0 &nbsp; Trabajando en equipo los pri\u00edstas ser\u00e1n ejemplo de unidad, sostuvo la dirigente estatal de este instituto pol\u00edtico.\u00a0 Toluca, Estado de M\u00e9xico, a 1 de abril de 2017.- Los militantes del Partido Revolucionario Institucional est\u00e1n listos para salir en unidad, con convicci\u00f3n y sustentados en propuestas claras, al encuentro con los mexiquenses para refrendar [&hellip;]<\/p>\n","protected":false},"author":2,"featured_media":16690,"comment_status":"open","ping_status":"open","sticky":false,"template":"","format":"standard","meta":{"footnotes":""},"categories":[16,5,1],"tags":[8864,5443,8865,8866],"class_list":{"0":"post-16689","1":"post","2":"type-post","3":"status-publish","4":"format-standard","5":"has-post-thumbnail","7":"category-foto","8":"category-nota-informativa","9":"category-uncategorized","10":"tag-alejandra-del-moral-vela","11":"tag-alfredo-del-mazo-maza","12":"tag-delegado-especial-del-pri-en-toluca","13":"tag-isidro-munoz-rivera"},"wps_subtitle":"","_links":{"self":[{"href":"https:\/\/www.porlalibreedomex.com\/index.php?rest_route=\/wp\/v2\/posts\/16689","targetHints":{"allow":["GET"]}}],"collection":[{"href":"https:\/\/www.porlalibreedomex.com\/index.php?rest_route=\/wp\/v2\/posts"}],"about":[{"href":"https:\/\/www.porlalibreedomex.com\/index.php?rest_route=\/wp\/v2\/types\/post"}],"author":[{"embeddable":true,"href":"https:\/\/www.porlalibreedomex.com\/index.php?rest_route=\/wp\/v2\/users\/2"}],"replies":[{"embeddable":true,"href":"https:\/\/www.porlalibreedomex.com\/index.php?rest_route=%2Fwp%2Fv2%2Fcomments&post=16689"}],"version-history":[{"count":0,"href":"https:\/\/www.porlalibreedomex.com\/index.php?rest_route=\/wp\/v2\/posts\/16689\/revisions"}],"wp:featuredmedia":[{"embeddable":true,"href":"https:\/\/www.porlalibreedomex.com\/index.php?rest_route=\/"}],"wp:attachment":[{"href":"https:\/\/www.porlalibreedomex.com\/index.php?rest_route=%2Fwp%2Fv2%2Fmedia&parent=16689"}],"wp:term":[{"taxonomy":"category","embeddable":true,"href":"https:\/\/www.porlalibreedomex.com\/index.php?rest_route=%2Fwp%2Fv2%2Fcategories&post=16689"},{"taxonomy":"post_tag","embeddable":true,"href":"https:\/\/www.porlalibreedomex.com\/index.php?rest_route=%2Fwp%2Fv2%2Ftags&post=16689"}],"curies":[{"name":"wp","href":"https:\/\/api.w.org\/{rel}","templated":true}]}}