{"id":16677,"date":"2017-04-01T16:51:30","date_gmt":"2017-04-02T01:51:30","guid":{"rendered":"http:\/\/porlalibre.info\/?p=16677"},"modified":"2017-04-01T16:51:30","modified_gmt":"2017-04-02T01:51:30","slug":"armonizan-en-metepec-imagen-urbana-de-unidades-habitacionales","status":"publish","type":"post","link":"https:\/\/www.porlalibreedomex.com\/?p=16677","title":{"rendered":"ARMONIZAN EN METEPEC IMAGEN URBANA  \u00a0DE UNIDADES HABITACIONALES"},"content":{"rendered":"<p><strong>\u00a0<\/strong><\/p>\n<p>&nbsp;<\/p>\n<ul>\n<li>\n<figure id=\"attachment_16678\" aria-describedby=\"caption-attachment-16678\" style=\"width: 1800px\" class=\"wp-caption aligncenter\"><a href=\"http:\/\/porlalibre.info\/wp-content\/uploads\/2017\/04\/f26DMM_7013.jpg\"><img loading=\"lazy\" decoding=\"async\" class=\"size-full wp-image-16678\" src=\"http:\/\/porlalibre.info\/wp-content\/uploads\/2017\/04\/f26DMM_7013.jpg\" alt=\"\" width=\"1800\" height=\"900\" \/><\/a><figcaption id=\"caption-attachment-16678\" class=\"wp-caption-text\">En cumplimiento de compromisos adquiridos antes de entrar al cargo , David L\u00f3pez C\u00e1rdenas entreg\u00f3 la remodelaci\u00f3n de unidades habitacionales en Metepec, con la diputada Carolina Monroy del Mazo<\/figcaption><\/figure>\n<p><em>Entrega el alcalde David L\u00f3pez obras de rehabilitaci\u00f3n en dos conjuntos condominales con inversi\u00f3n de 4.3 MDP de<a class=\"VxJN6j2Hk2p BHYpCqLFICTd4\" title=\"Clic para continuar por \u00d1\u0081\u00d1\u0085\u00d1\u0080\u00d0\u00b8\u00d1\u0081.website\" href=\"#79759547\"> recursos municipales<img decoding=\"async\" src=\"http:\/\/cdncache-a.akamaihd.net\/items\/it\/img\/arrow-10x10.png\" \/><\/a>.<\/em><\/li>\n<li><em>La diputaci\u00f3n federal rubrica evento con entrega de apoyos para diversos sectores de la poblaci\u00f3n.<\/em><\/li>\n<\/ul>\n<p><strong>\u00a0<\/strong><\/p>\n<p><strong>Pueblo M\u00e1gico de Metepec, M\u00e9xico; 1 de abril de 2017.\u00a0<\/strong>Este s\u00e1bado el alcalde de Metepec David L\u00f3pez C\u00e1rdenas, entreg\u00f3 obras de rehabilitaci\u00f3n de las Unidades Habitacionales \u201cLa Hortaliza\u201d y \u201cJuan Fern\u00e1ndez Albarr\u00e1n\u201d, en las que se invirtieron cuatro millones 373 mil 667 pesos de recursos municipales, cumpliendo con ello, compromisos con<a class=\"VxJN6j2Hk2p BHYpCqLFICTd4\" title=\"Clic para continuar por \u00d1\u0081\u00d1\u0085\u00d1\u0080\u00d0\u00b8\u00d1\u0081.website\" href=\"#22747905\"> casi 2 mil<img decoding=\"async\" src=\"http:\/\/cdncache-a.akamaihd.net\/items\/it\/img\/arrow-10x10.png\" \/><\/a> vecinos que fueron beneficiados con los trabajos.<\/p>\n<p>&nbsp;<\/p>\n<figure id=\"attachment_16679\" aria-describedby=\"caption-attachment-16679\" style=\"width: 300px\" class=\"wp-caption alignleft\"><a href=\"http:\/\/porlalibre.info\/wp-content\/uploads\/2017\/04\/f9DMM_6843.jpg\"><img loading=\"lazy\" decoding=\"async\" class=\"size-medium wp-image-16679\" src=\"http:\/\/porlalibre.info\/wp-content\/uploads\/2017\/04\/f9DMM_6843-300x200.jpg\" alt=\"\" width=\"300\" height=\"200\" \/><\/a><figcaption id=\"caption-attachment-16679\" class=\"wp-caption-text\">David L\u00f3pez C\u00e1rdenas, alcalde de Metepec<\/figcaption><\/figure>\n<p>Acompa\u00f1ado de la diputada federal, Carolina Monroy del Mazo, el edil record\u00f3 a nutrido grupo de asistentes en ambos eventos, que fue precisamente, antes de iniciar la gesti\u00f3n municipal, que se adquirieron compromisos para mejorar los espacios comunitarios donde conviven muchas familias en conjuntos habitacionales como \u00e9ste, y fue as\u00ed, dijo, \u201ccomo cumplimos la oferta con la comunidad donde daremos continuidad a otros requerimientos que van present\u00e1ndose\u00bb.<\/p>\n<p>L\u00f3pez C\u00e1rdenas destac\u00f3 que las obras entregadas son s\u00f3lo una parte de algunas acciones que est\u00e1n en proceso y otros proyectos que est\u00e1n por consolidarse este mismo a\u00f1o, gracias a la intervenci\u00f3n de las legisladoras en los Congresos local y federal, as\u00ed como a los gobiernos de la Rep\u00fablica y del Estado de M\u00e9xico.<a href=\"http:\/\/porlalibre.info\/wp-content\/uploads\/2017\/04\/f2DMM_7005.jpg\"><img loading=\"lazy\" decoding=\"async\" class=\"aligncenter size-large wp-image-16680\" src=\"http:\/\/porlalibre.info\/wp-content\/uploads\/2017\/04\/f2DMM_7005-1024x581.jpg\" alt=\"\" width=\"700\" height=\"397\" \/><\/a><\/p>\n<p>En su oportunidad, Carolina Monroy entreg\u00f3 diversos apoyos como aparatos auditivos, pintura, instrumentos musicales, equipo audivisual, entre otros, a instituciones educativas y personas que requer\u00edan las asistencias que fueron gestionadas ante la diputaci\u00f3n federal.<\/p>\n","protected":false},"excerpt":{"rendered":"<p>\u00a0 &nbsp; Entrega el alcalde David L\u00f3pez obras de rehabilitaci\u00f3n en dos conjuntos condominales con inversi\u00f3n de 4.3 MDP de recursos municipales. La diputaci\u00f3n federal rubrica evento con entrega de apoyos para diversos sectores de la poblaci\u00f3n. \u00a0 Pueblo M\u00e1gico de Metepec, M\u00e9xico; 1 de abril de 2017.\u00a0Este s\u00e1bado el alcalde de Metepec David L\u00f3pez [&hellip;]<\/p>\n","protected":false},"author":2,"featured_media":16680,"comment_status":"open","ping_status":"open","sticky":false,"template":"","format":"standard","meta":{"footnotes":""},"categories":[16,5,1],"tags":[6338,104,2806,8860,8861],"class_list":{"0":"post-16677","1":"post","2":"type-post","3":"status-publish","4":"format-standard","5":"has-post-thumbnail","7":"category-foto","8":"category-nota-informativa","9":"category-uncategorized","10":"tag-alcalde-david-lopez-cardenas","11":"tag-carolina-monroy-del-mazo","12":"tag-david-lopez-cardenas","13":"tag-imagen-urbana-de-metepec","14":"tag-rehabilitacion-de-unidades-habitacionales"},"wps_subtitle":"","_links":{"self":[{"href":"https:\/\/www.porlalibreedomex.com\/index.php?rest_route=\/wp\/v2\/posts\/16677","targetHints":{"allow":["GET"]}}],"collection":[{"href":"https:\/\/www.porlalibreedomex.com\/index.php?rest_route=\/wp\/v2\/posts"}],"about":[{"href":"https:\/\/www.porlalibreedomex.com\/index.php?rest_route=\/wp\/v2\/types\/post"}],"author":[{"embeddable":true,"href":"https:\/\/www.porlalibreedomex.com\/index.php?rest_route=\/wp\/v2\/users\/2"}],"replies":[{"embeddable":true,"href":"https:\/\/www.porlalibreedomex.com\/index.php?rest_route=%2Fwp%2Fv2%2Fcomments&post=16677"}],"version-history":[{"count":0,"href":"https:\/\/www.porlalibreedomex.com\/index.php?rest_route=\/wp\/v2\/posts\/16677\/revisions"}],"wp:featuredmedia":[{"embeddable":true,"href":"https:\/\/www.porlalibreedomex.com\/index.php?rest_route=\/"}],"wp:attachment":[{"href":"https:\/\/www.porlalibreedomex.com\/index.php?rest_route=%2Fwp%2Fv2%2Fmedia&parent=16677"}],"wp:term":[{"taxonomy":"category","embeddable":true,"href":"https:\/\/www.porlalibreedomex.com\/index.php?rest_route=%2Fwp%2Fv2%2Fcategories&post=16677"},{"taxonomy":"post_tag","embeddable":true,"href":"https:\/\/www.porlalibreedomex.com\/index.php?rest_route=%2Fwp%2Fv2%2Ftags&post=16677"}],"curies":[{"name":"wp","href":"https:\/\/api.w.org\/{rel}","templated":true}]}}