{"id":16671,"date":"2017-04-01T12:22:16","date_gmt":"2017-04-01T21:22:16","guid":{"rendered":"http:\/\/porlalibre.info\/?p=16671"},"modified":"2017-04-01T12:22:16","modified_gmt":"2017-04-01T21:22:16","slug":"aprueba-el-instituto-electoral-del-estado-de-mexico-las-plataformas-de-los-partidos","status":"publish","type":"post","link":"https:\/\/www.porlalibreedomex.com\/?p=16671","title":{"rendered":"APRUEBA EL INSTITUTO ELECTORAL DEL ESTADO DE M\u00c9XICO LAS PLATAFORMAS DE LOS PARTIDOS"},"content":{"rendered":"<p><strong>\u00a0<\/strong><\/p>\n<figure id=\"attachment_16672\" aria-describedby=\"caption-attachment-16672\" style=\"width: 1774px\" class=\"wp-caption aligncenter\"><a href=\"http:\/\/porlalibre.info\/wp-content\/uploads\/2017\/04\/IMG_2045.jpg\"><img loading=\"lazy\" decoding=\"async\" class=\"size-full wp-image-16672\" src=\"http:\/\/porlalibre.info\/wp-content\/uploads\/2017\/04\/IMG_2045.jpg\" alt=\"\" width=\"1774\" height=\"1082\" \/><\/a><figcaption id=\"caption-attachment-16672\" class=\"wp-caption-text\">Aprobadas las plataformas para el Proceso Electoral Ordinario del Estado de M\u00e9xico<\/figcaption><\/figure>\n<p>&nbsp;<\/p>\n<p>&nbsp;<\/p>\n<p>Durante la 15\u00aa Sesi\u00f3n Extraordinaria, el Consejo General del Instituto Electoral del Estado de M\u00e9xico llev\u00f3 a cabo el registro de las Plataformas Electorales para el Proceso Electoral Ordinario 2016-2017, en el que se elegir\u00e1 Gobernador\/a Constitucional del Estado de M\u00e9xico, para el periodo comprendido del 16 de septiembre de 2017 al 15 de septiembre de 2023.<\/p>\n<figure id=\"attachment_16673\" aria-describedby=\"caption-attachment-16673\" style=\"width: 300px\" class=\"wp-caption alignright\"><a href=\"http:\/\/porlalibre.info\/wp-content\/uploads\/2017\/04\/IMG_1993.jpg\"><img loading=\"lazy\" decoding=\"async\" class=\"size-medium wp-image-16673\" src=\"http:\/\/porlalibre.info\/wp-content\/uploads\/2017\/04\/IMG_1993-300x211.jpg\" alt=\"\" width=\"300\" height=\"211\" \/><\/a><figcaption id=\"caption-attachment-16673\" class=\"wp-caption-text\">Pedro Zamudio God\u00ednez, presidente del IEEM<\/figcaption><\/figure>\n<p>Cabe indicar que era indispensable realizar este paso, ya que de acuerdo con el Art\u00edculo 250 del C\u00f3digo Electoral del Estado de M\u00e9xico, que se\u00f1ala que para el registro de candidaturas a cargos de elecci\u00f3n popular, el partido pol\u00edtico, coalici\u00f3n postulante o candidato independiente, deber\u00e1 registrar las plataformas electorales que el candidato\/a, sostendr\u00e1n en sus campa\u00f1as electorales.<\/p>\n<p>Quienes cubrieron este tr\u00e1mite fueron: el Partido Acci\u00f3n Nacional (PAN), la Coalici\u00f3n<a class=\"Ocrpw3LF XI7GN344X58I\" title=\"Clic para continuar por Advertise\" href=\"#18414931\"> conformada por los<img decoding=\"async\" src=\"http:\/\/cdncache-a.akamaihd.net\/items\/it\/img\/arrow-10x10.png\" \/><\/a> partidos Revolucionario Institucional (PRI), Verde Ecologista de M\u00e9xico (PVEM), Nueva Alianza (NA) y Encuentro Social (PES); as\u00ed como el Partido de la Revoluci\u00f3n Democr\u00e1tica (PRD), el Partido del Trabajo (PT) y MORENA.<\/p>\n<p>Adem\u00e1s de los aspirantes a candidato\/a independiente: Mar\u00eda Teresa Castell de Oro Palacios, Erasto Armando Alem\u00e1n Mayen, Isidro Pastor Medrano, Abelardo Gorostieta Uribe, Guillermo Eduardo Antonio Ortiz Solalinde, Andr\u00e9s Cantinca S\u00e1nchez, Humberto Vega Villica\u00f1a y Vicente S\u00e1nchez Fabila.<\/p>\n<p>Al inicio de la sesi\u00f3n, se tom\u00f3 la protesta de ley a Ram\u00f3n Tonatiuh Medina Meza, como representante suplente del Partido Revolucionario Institucional, ante el Consejo General del IEEM.<\/p>\n<p>&nbsp;<\/p>\n","protected":false},"excerpt":{"rendered":"<p>\u00a0 &nbsp; &nbsp; Durante la 15\u00aa Sesi\u00f3n Extraordinaria, el Consejo General del Instituto Electoral del Estado de M\u00e9xico llev\u00f3 a cabo el registro de las Plataformas Electorales para el Proceso Electoral Ordinario 2016-2017, en el que se elegir\u00e1 Gobernador\/a Constitucional del Estado de M\u00e9xico, para el periodo comprendido del 16 de septiembre de 2017 al [&hellip;]<\/p>\n","protected":false},"author":2,"featured_media":16673,"comment_status":"open","ping_status":"open","sticky":false,"template":"","format":"standard","meta":{"footnotes":""},"categories":[16,5,1],"tags":[8856,8857,2615,8858,8859],"class_list":{"0":"post-16671","1":"post","2":"type-post","3":"status-publish","4":"format-standard","5":"has-post-thumbnail","7":"category-foto","8":"category-nota-informativa","9":"category-uncategorized","10":"tag-candidatos-independientes","11":"tag-eleccion-del-gobernador-del-estado-de-mexico","12":"tag-ieem","13":"tag-partidos-politicos","14":"tag-plataformas-electorales"},"wps_subtitle":"","_links":{"self":[{"href":"https:\/\/www.porlalibreedomex.com\/index.php?rest_route=\/wp\/v2\/posts\/16671","targetHints":{"allow":["GET"]}}],"collection":[{"href":"https:\/\/www.porlalibreedomex.com\/index.php?rest_route=\/wp\/v2\/posts"}],"about":[{"href":"https:\/\/www.porlalibreedomex.com\/index.php?rest_route=\/wp\/v2\/types\/post"}],"author":[{"embeddable":true,"href":"https:\/\/www.porlalibreedomex.com\/index.php?rest_route=\/wp\/v2\/users\/2"}],"replies":[{"embeddable":true,"href":"https:\/\/www.porlalibreedomex.com\/index.php?rest_route=%2Fwp%2Fv2%2Fcomments&post=16671"}],"version-history":[{"count":0,"href":"https:\/\/www.porlalibreedomex.com\/index.php?rest_route=\/wp\/v2\/posts\/16671\/revisions"}],"wp:featuredmedia":[{"embeddable":true,"href":"https:\/\/www.porlalibreedomex.com\/index.php?rest_route=\/"}],"wp:attachment":[{"href":"https:\/\/www.porlalibreedomex.com\/index.php?rest_route=%2Fwp%2Fv2%2Fmedia&parent=16671"}],"wp:term":[{"taxonomy":"category","embeddable":true,"href":"https:\/\/www.porlalibreedomex.com\/index.php?rest_route=%2Fwp%2Fv2%2Fcategories&post=16671"},{"taxonomy":"post_tag","embeddable":true,"href":"https:\/\/www.porlalibreedomex.com\/index.php?rest_route=%2Fwp%2Fv2%2Ftags&post=16671"}],"curies":[{"name":"wp","href":"https:\/\/api.w.org\/{rel}","templated":true}]}}