{"id":16656,"date":"2017-03-29T14:41:11","date_gmt":"2017-03-29T23:41:11","guid":{"rendered":"http:\/\/porlalibre.info\/?p=16656"},"modified":"2017-03-29T14:41:11","modified_gmt":"2017-03-29T23:41:11","slug":"la-feria-de-san-isidro-en-metepec-se-consolida-como-una-de-las-mas-importantes-a-nivel-nacional","status":"publish","type":"post","link":"https:\/\/www.porlalibreedomex.com\/?p=16656","title":{"rendered":"LA FERIA DE SAN ISIDRO EN METEPEC,  SE CONSOLIDA COMO UNA DE LAS M\u00c1S IMPORTANTES A NIVEL NACIONAL"},"content":{"rendered":"<div id=\"metaslider-id-12303\" style=\"max-width: 450px;\" class=\"ml-slider-3-108-0 metaslider metaslider-flex metaslider-12303 ml-slider has-dots-nav ms-theme-default\" role=\"region\" aria-label=\"superior\" data-height=\"300\" data-width=\"450\">\n    <div id=\"metaslider_container_12303\">\n        <div id=\"metaslider_12303\">\n            <ul class='slides'>\n                <li style=\"display: block; width: 100%;\" class=\"slide-16899 ms-image \" aria-roledescription=\"slide\" data-date=\"2017-04-07 10:44:46\" data-filename=\"Banner-ISSEMYM-3-360x240-px.png\" data-slide-type=\"image\"><a href=\"http:\/\/www.porlalibreedomex.com\/?page_id=621\" target=\"_self\" aria-label=\"Ver detalles de la diapositiva\" class=\"metaslider_image_link\"><img loading=\"lazy\" decoding=\"async\" src=\"https:\/\/www.porlalibreedomex.com\/wp-content\/uploads\/2017\/04\/Banner-ISSEMYM-3-360x240-px.png\" height=\"300\" width=\"450\" alt=\"\" class=\"slider-12303 slide-16899 msDefaultImage\" \/><\/a><\/li>\n                <li style=\"display: none; width: 100%;\" class=\"slide-16900 ms-image \" aria-roledescription=\"slide\" data-date=\"2017-04-07 10:44:46\" data-filename=\"Banner-ISSEMYM-4-360x240-px.png\" data-slide-type=\"image\"><a href=\"http:\/\/www.porlalibreedomex.com\/?page_id=621\" target=\"_self\" aria-label=\"Ver detalles de la diapositiva\" class=\"metaslider_image_link\"><img loading=\"lazy\" decoding=\"async\" src=\"https:\/\/www.porlalibreedomex.com\/wp-content\/uploads\/2017\/04\/Banner-ISSEMYM-4-360x240-px.png\" height=\"300\" width=\"450\" alt=\"\" class=\"slider-12303 slide-16900 msDefaultImage\" \/><\/a><\/li>\n                <li style=\"display: none; width: 100%;\" class=\"slide-16901 ms-image \" aria-roledescription=\"slide\" data-date=\"2017-04-07 10:44:46\" data-filename=\"BANNER-ISSEMYM-5-360x240-px.png\" data-slide-type=\"image\"><a href=\"http:\/\/www.porlalibreedomex.com\/?page_id=621\" target=\"_self\" aria-label=\"Ver detalles de la diapositiva\" class=\"metaslider_image_link\"><img loading=\"lazy\" decoding=\"async\" src=\"https:\/\/www.porlalibreedomex.com\/wp-content\/uploads\/2017\/04\/BANNER-ISSEMYM-5-360x240-px.png\" height=\"300\" width=\"450\" alt=\"\" class=\"slider-12303 slide-16901 msDefaultImage\" \/><\/a><\/li>\n            <\/ul>\n        <\/div>\n        \n    <\/div>\n<\/div>\n<figure id=\"attachment_16666\" aria-describedby=\"caption-attachment-16666\" style=\"width: 3264px\" class=\"wp-caption aligncenter\"><a href=\"http:\/\/porlalibre.info\/wp-content\/uploads\/2017\/03\/20170327_100311.jpg\"><img loading=\"lazy\" decoding=\"async\" class=\"size-full wp-image-16666\" src=\"http:\/\/porlalibre.info\/wp-content\/uploads\/2017\/03\/20170327_100311.jpg\" alt=\"\" width=\"3264\" height=\"1836\" \/><\/a><figcaption id=\"caption-attachment-16666\" class=\"wp-caption-text\">La Feria San Isidro 2017 en Metepec, a nivel de las mejores del pa\u00eds<\/figcaption><\/figure>\n<p><strong>Pueblo M\u00e1gico de Metepec, M\u00e9xico.-<\/strong> El ayuntamiento que encabeza David L\u00f3pez C\u00e1rdenas, y los empresarios hidalguenses de \u00abHerca Producciones\u00bb presentaron el espl\u00e9ndido programa de la feria de San Isidro, a efectuarse del 28 de abril al 21 de mayo pr\u00f3ximos.<\/p>\n<figure id=\"attachment_16657\" aria-describedby=\"caption-attachment-16657\" style=\"width: 1836px\" class=\"wp-caption aligncenter\"><a href=\"http:\/\/porlalibre.info\/wp-content\/uploads\/2017\/03\/20170327_135152-e1490829437565.jpg\"><img loading=\"lazy\" decoding=\"async\" class=\"size-full wp-image-16657\" src=\"http:\/\/porlalibre.info\/wp-content\/uploads\/2017\/03\/20170327_135152-e1490829437565.jpg\" alt=\"\" width=\"1836\" height=\"2513\" \/><\/a><figcaption id=\"caption-attachment-16657\" class=\"wp-caption-text\">METEPEC, M\u00c9XICO.- PROGRAMA DE LA FERIA DE SAN ISIDRO EN EL TEATRO DEL PUEBLO, DEL 28 DE ABRIL, AL 21 DE MAYO<\/figcaption><\/figure>\n<p>Es una feria dirigida a la familia, pero tambi\u00e9n al p\u00fablico adulto, por lo que habr\u00e1 espect\u00e1culos y entretenimiento para todas las edades: en el Teatro del Pueblo, espect\u00e1culos y actividades de tipo familiar; \u00e1rea de restaurantes, juegos y entretenimientos infantiles,<\/p>\n<p>Por otra parte, habr\u00e1 una zona de bares y palenque con espect\u00e1culos ofrecidos por artistas de primer\u00edsimo nivel, que incluyen al \u00abPotrillo\u00bb Alejandro Fern\u00e1ndez, quien se presentar\u00e1 dos d\u00edas seguidos, por ejemplo, y al dueto dee Mijares y Emmanuel, as\u00ed como a los Angeles Azules&#8230;<\/p>\n<figure id=\"attachment_16658\" aria-describedby=\"caption-attachment-16658\" style=\"width: 1044px\" class=\"wp-caption aligncenter\"><a href=\"http:\/\/porlalibre.info\/wp-content\/uploads\/2017\/03\/20170327_135416-e1490829796269.jpg\"><img loading=\"lazy\" decoding=\"async\" class=\"size-full wp-image-16658\" src=\"http:\/\/porlalibre.info\/wp-content\/uploads\/2017\/03\/20170327_135416-e1490829796269.jpg\" alt=\"\" width=\"1044\" height=\"1664\" \/><\/a><figcaption id=\"caption-attachment-16658\" class=\"wp-caption-text\">PROGRAMA DEL PALENQUE, DEL 28 DE ABRIL AL 21 DE MAYO<\/figcaption><\/figure>\n<p>Los empresarios son Enrique y Fernando Hern\u00e1ndez Canales, (HERCA PRODUCCIONES), quienes hacen una inversi\u00f3n de 60 millones de pesos en esta ocasi\u00f3n. Esto incluye un mill\u00f3n en donativo para el sistema municipal del DIF Metepec, y tres millones en donativo para programas sosiales del ayuntamiento. Los empresarios ofrecieron una conferencia de prensa para dar a conocer los detalles de esta Feria de San Isidro, con Mar\u00eda Magdalena Guti\u00e9rrez Cort\u00e9s, directora de Desarrollo Econ\u00f3mico de Metepec, y el coordinador de Comunicaci\u00f3n Social del ayuntamiento, Jorge Puga, as\u00ed como con el Comisario de la polic\u00eda municipal, Jes\u00fas Alberto Ram\u00edrez Manzur, quien coment\u00f3 el operativo coordinado de seguridad, porque habr\u00e1 polic\u00eda municipal, estatal, federal, y hasta elementos de la Marina y la Sedena, as\u00ed como de la PGR.<\/p>\n<p>Las finalidades de la Feria San Isidro son fomentar la unidad familiar, la promoci\u00f3n de la cultura, pues habr\u00e1 una gran participaci\u00f3n de alfareros del propiuo Metepec, y de otras 10 entidades, donde el trabajo artesanal en esta l\u00ednea, alcanza la categor\u00eda de arte ;y el impulso tur\u00edstico con la derrama econ\u00f3mica que representa<\/p>\n<p>Se anexan los programas tanto del Teatro del Pueblo, como del Palenque.<\/p>\n","protected":false},"excerpt":{"rendered":"<p>Pueblo M\u00e1gico de Metepec, M\u00e9xico.- El ayuntamiento que encabeza David L\u00f3pez C\u00e1rdenas, y los empresarios hidalguenses de \u00abHerca Producciones\u00bb presentaron el espl\u00e9ndido programa de la feria de San Isidro, a efectuarse del 28 de abril al 21 de mayo pr\u00f3ximos. Es una feria dirigida a la familia, pero tambi\u00e9n al p\u00fablico adulto, por lo que [&hellip;]<\/p>\n","protected":false},"author":2,"featured_media":16666,"comment_status":"open","ping_status":"open","sticky":false,"template":"","format":"standard","meta":{"footnotes":""},"categories":[16,5,1],"tags":[8848,8849,8850,8851,8852,8853],"class_list":{"0":"post-16656","1":"post","2":"type-post","3":"status-publish","4":"format-standard","5":"has-post-thumbnail","7":"category-foto","8":"category-nota-informativa","9":"category-uncategorized","10":"tag-el-potrillo-alejandro-fernandez","11":"tag-emmanuel-y-mijares","12":"tag-feria-de-san-isidro-en-metepec","13":"tag-feria-de-san-isidro-metepec","14":"tag-herca-producciones","15":"tag-los-angeles-azules"},"wps_subtitle":"","_links":{"self":[{"href":"https:\/\/www.porlalibreedomex.com\/index.php?rest_route=\/wp\/v2\/posts\/16656","targetHints":{"allow":["GET"]}}],"collection":[{"href":"https:\/\/www.porlalibreedomex.com\/index.php?rest_route=\/wp\/v2\/posts"}],"about":[{"href":"https:\/\/www.porlalibreedomex.com\/index.php?rest_route=\/wp\/v2\/types\/post"}],"author":[{"embeddable":true,"href":"https:\/\/www.porlalibreedomex.com\/index.php?rest_route=\/wp\/v2\/users\/2"}],"replies":[{"embeddable":true,"href":"https:\/\/www.porlalibreedomex.com\/index.php?rest_route=%2Fwp%2Fv2%2Fcomments&post=16656"}],"version-history":[{"count":0,"href":"https:\/\/www.porlalibreedomex.com\/index.php?rest_route=\/wp\/v2\/posts\/16656\/revisions"}],"wp:featuredmedia":[{"embeddable":true,"href":"https:\/\/www.porlalibreedomex.com\/index.php?rest_route=\/"}],"wp:attachment":[{"href":"https:\/\/www.porlalibreedomex.com\/index.php?rest_route=%2Fwp%2Fv2%2Fmedia&parent=16656"}],"wp:term":[{"taxonomy":"category","embeddable":true,"href":"https:\/\/www.porlalibreedomex.com\/index.php?rest_route=%2Fwp%2Fv2%2Fcategories&post=16656"},{"taxonomy":"post_tag","embeddable":true,"href":"https:\/\/www.porlalibreedomex.com\/index.php?rest_route=%2Fwp%2Fv2%2Ftags&post=16656"}],"curies":[{"name":"wp","href":"https:\/\/api.w.org\/{rel}","templated":true}]}}