{"id":16639,"date":"2017-03-28T19:25:16","date_gmt":"2017-03-29T04:25:16","guid":{"rendered":"http:\/\/porlalibre.info\/?p=16639"},"modified":"2017-03-28T19:25:16","modified_gmt":"2017-03-29T04:25:16","slug":"consolidar-trabajo-de-investigadores-de-la-uaem-aplicado-para-el-desarrollo-de-la-entidad-alfredo-barrera","status":"publish","type":"post","link":"https:\/\/www.porlalibreedomex.com\/?p=16639","title":{"rendered":"Consolidar trabajo de investigadores de la UAEM aplicado  para el desarrollo de la entidad: Alfredo Barrera"},"content":{"rendered":"<p>&nbsp;<\/p>\n<p><strong>\u00a0<\/strong><\/p>\n<figure id=\"attachment_16640\" aria-describedby=\"caption-attachment-16640\" style=\"width: 4794px\" class=\"wp-caption aligncenter\"><a href=\"http:\/\/porlalibre.info\/wp-content\/uploads\/2017\/03\/Bole-027-4.jpg\"><img loading=\"lazy\" decoding=\"async\" class=\"size-full wp-image-16640\" src=\"http:\/\/porlalibre.info\/wp-content\/uploads\/2017\/03\/Bole-027-4.jpg\" alt=\"\" width=\"4794\" height=\"3197\" \/><\/a><figcaption id=\"caption-attachment-16640\" class=\"wp-caption-text\">El Proyecto Educativo \u201cUniversitarios con propuesta\u201d respaldar\u00e1 el trabajo de los investigadores, quienes se distinguen por su talento y cuyo trabajo abona al desarrollo de la entidad y el bienestar de los mexiquenses,, dijo Barrera Baca.<\/figcaption><\/figure>\n<ul>\n<li><audio class=\"wp-audio-shortcode\" id=\"audio-16639-1\" preload=\"none\" style=\"width: 100%;\" controls=\"controls\"><source type=\"audio\/mpeg\" src=\"http:\/\/porlalibre.info\/wp-content\/uploads\/2017\/03\/Audio-027-Qui\u0301mica.mp3?_=1\" \/><a href=\"http:\/\/porlalibre.info\/wp-content\/uploads\/2017\/03\/Audio-027-Qui\u0301mica.mp3\">http:\/\/porlalibre.info\/wp-content\/uploads\/2017\/03\/Audio-027-Qui\u0301mica.mp3<\/a><\/audio>\n<p><em>El aspirante a ocupar el cargo de Rector de la Universidad Aut\u00f3noma del Estado de M\u00e9xico para el periodo 2017-2021 sostuvo que respaldar\u00e1 el trabajo de los investigadores, quienes se distinguen por su talento y cuyo trabajo abona al desarrollo de la entidad y el bienestar de los mexiquenses.<\/em><\/li>\n<li><em> Al presentar el Proyecto Educativo \u201cUniversitarios con propuesta\u201d, Barrera Baca asever\u00f3 que trabajar\u00e1 para que m\u00e1s universitarios realicen estudios de posgrado, pero tambi\u00e9n para que se integren, permanezcan y avancen en su promoci\u00f3n en el Sistema Nacional de Investigadores (SNI).\u00a0\u00a0\u00a0\u00a0\u00a0\u00a0\u00a0\u00a0<\/em><\/li>\n<\/ul>\n<p>&nbsp;<\/p>\n<p>Para consolidar el quehacer de la Universidad Aut\u00f3noma del Estado de M\u00e9xico en los pr\u00f3ximos a\u00f1os, el Proyecto Educativo \u201cUniversitarios con propuesta\u201d respaldar\u00e1 el trabajo de los investigadores, quienes se distinguen por su talento y cuyo trabajo abona al desarrollo de la entidad y el bienestar de los mexiquenses, sostuvo el aspirante a la rector\u00eda de la UAEM, Alfredo Barrera Baca.<\/p>\n<p>En la Unidad \u201cEl Cerrillo\u201d de la Facultad de Qu\u00edmica, asever\u00f3 que trabajar\u00e1 para que m\u00e1s universitarios realicen estudios de posgrado, pero tambi\u00e9n para que se integren, permanezcan y avancen en su promoci\u00f3n en el Sistema Nacional de Investigadores (SNI), del cual en la actualidad forman parte 519 profesores de la Aut\u00f3noma mexiquense.<\/p>\n<p>Acompa\u00f1ado por el director de la Facultad de Qu\u00edmica, Carlos Barrera D\u00edaz, el Doctor en Filosof\u00eda y Ciencias de la Educaci\u00f3n puntualiz\u00f3 que en los pr\u00f3ximos cuatros a\u00f1os se fortalecer\u00e1 la investigaci\u00f3n enfocada a resolver problem\u00e1ticas sociales e incrementar la competitividad del sector productivo en la entidad, cuya industria manufacturera se caracteriza por ser la segunda a nivel nacional.<\/p>\n<p>Barrera Baca abund\u00f3 que durante el periodo 2017-2021 se dar\u00e1 continuidad a la firma de convenios interinstitucionales y la gesti\u00f3n de financiamiento conjunto, en beneficio de las capacidades de los sectores gubernamental, privado y social, con base en la investigaci\u00f3n universitaria, la cual ser\u00e1 difundida en escenarios internacionales y apoyada para su progresiva incorporaci\u00f3n en revistas cient\u00edficas indexadas.<\/p>\n<p>En presencia de la coordinadora de Jornadas de Promoci\u00f3n, Jannet Valero Vilchis, el aspirante a ocupar el cargo de Rector de la UAEM expres\u00f3 que \u201cUniversitarios con propuesta\u201d promover\u00e1 que m\u00e1s programas de estudios avanzados sean reconocidos en el Padr\u00f3n Nacional de Posgrados de Calidad (PNPC) del Consejo Nacional de Ciencia y Tecnolog\u00eda (CONACyT) y alcancen est\u00e1ndares internacionales.<\/p>\n<p>M\u00e1s tarde, en la Facultad de Ciencias Agr\u00edcolas, acompa\u00f1ado del director de este espacio acad\u00e9mico, Edgar Morales Rosales, Barrera Baca, quien dialog\u00f3 con estudiantes, profesores y personal administrativo, indic\u00f3 que con 22 centros y dos institutos de investigaci\u00f3n, la UAEM cuenta con la infraestructura y el capital humano id\u00f3neo para continuar su desarrollo en beneficio de la sociedad.<\/p>\n<p>Alfredo Barrera Baca invit\u00f3 a la comunidad de la Aut\u00f3noma mexiquense a consultar \u201cUniversitarios con propuesta\u201d a trav\u00e9s de la p\u00e1gina<a href=\"http:\/\/www.abarrerauaem.mx\/\" data-saferedirecturl=\"https:\/\/www.google.com\/url?hl=es&amp;q=http:\/\/www.abarrerauaem.mx\/&amp;source=gmail&amp;ust=1490847022850000&amp;usg=AFQjCNFQos5463DpEcewAldok7AhY9z4tA\">www.abarrerauaem.mx<\/a>\u00a0y en redes sociales.<\/p>\n","protected":false},"excerpt":{"rendered":"<p>&nbsp; \u00a0 El aspirante a ocupar el cargo de Rector de la Universidad Aut\u00f3noma del Estado de M\u00e9xico para el periodo 2017-2021 sostuvo que respaldar\u00e1 el trabajo de los investigadores, quienes se distinguen por su talento y cuyo trabajo abona al desarrollo de la entidad y el bienestar de los mexiquenses. Al presentar el Proyecto [&hellip;]<\/p>\n","protected":false},"author":2,"featured_media":16640,"comment_status":"open","ping_status":"open","sticky":false,"template":"","format":"standard","meta":{"footnotes":""},"categories":[8741,16,5,1],"tags":[389,8667,8843,8685],"class_list":{"0":"post-16639","1":"post","2":"type-post","3":"status-publish","4":"format-standard","5":"has-post-thumbnail","7":"category-audio","8":"category-foto","9":"category-nota-informativa","10":"category-uncategorized","11":"tag-alfredo-barrera-baca","12":"tag-alfredo-barrera-baca-aspirante-a-rector-de-la-uaem","13":"tag-fortalecimiento-de-la-investigacion-de-la-uaem","14":"tag-universitarios-con-propuesta"},"wps_subtitle":"","_links":{"self":[{"href":"https:\/\/www.porlalibreedomex.com\/index.php?rest_route=\/wp\/v2\/posts\/16639","targetHints":{"allow":["GET"]}}],"collection":[{"href":"https:\/\/www.porlalibreedomex.com\/index.php?rest_route=\/wp\/v2\/posts"}],"about":[{"href":"https:\/\/www.porlalibreedomex.com\/index.php?rest_route=\/wp\/v2\/types\/post"}],"author":[{"embeddable":true,"href":"https:\/\/www.porlalibreedomex.com\/index.php?rest_route=\/wp\/v2\/users\/2"}],"replies":[{"embeddable":true,"href":"https:\/\/www.porlalibreedomex.com\/index.php?rest_route=%2Fwp%2Fv2%2Fcomments&post=16639"}],"version-history":[{"count":0,"href":"https:\/\/www.porlalibreedomex.com\/index.php?rest_route=\/wp\/v2\/posts\/16639\/revisions"}],"wp:featuredmedia":[{"embeddable":true,"href":"https:\/\/www.porlalibreedomex.com\/index.php?rest_route=\/"}],"wp:attachment":[{"href":"https:\/\/www.porlalibreedomex.com\/index.php?rest_route=%2Fwp%2Fv2%2Fmedia&parent=16639"}],"wp:term":[{"taxonomy":"category","embeddable":true,"href":"https:\/\/www.porlalibreedomex.com\/index.php?rest_route=%2Fwp%2Fv2%2Fcategories&post=16639"},{"taxonomy":"post_tag","embeddable":true,"href":"https:\/\/www.porlalibreedomex.com\/index.php?rest_route=%2Fwp%2Fv2%2Ftags&post=16639"}],"curies":[{"name":"wp","href":"https:\/\/api.w.org\/{rel}","templated":true}]}}