{"id":16038,"date":"2017-02-09T10:26:53","date_gmt":"2017-02-09T19:26:53","guid":{"rendered":"http:\/\/porlalibre.info\/?p=16038"},"modified":"2017-02-09T10:26:53","modified_gmt":"2017-02-09T19:26:53","slug":"16038","status":"publish","type":"post","link":"https:\/\/www.porlalibreedomex.com\/?p=16038","title":{"rendered":""},"content":{"rendered":"<p><img loading=\"lazy\" decoding=\"async\" class=\"aligncenter size-full wp-image-16041\" src=\"http:\/\/porlalibre.info\/wp-content\/uploads\/2017\/02\/IMG-20170209-WA0115.jpg\" alt=\"\" width=\"1280\" height=\"852\" \/><\/p>\n<ul>\n<li><em>\u00abDebemos llegar unidos a la \u00a0Convenci\u00f3n Estatal de Delegados, que se celebrar\u00e1 el pr\u00f3ximo 3 de marzo\u00bb dijo el precandidato priista.<\/em><\/li>\n<\/ul>\n<p>En su tercer d\u00eda de precampa\u00f1a, el precandidato \u00fanico del PR al gobierno del Estado de M\u00e9xico, Alfredo Del Mazo Maza, se reuni\u00f3 con delegados electores del PRI de los municipios de Metepec, Almoloya del R\u00edo, Ray\u00f3n, San Antonio la Isla, Calimaya, Chapultepec, Tenango del Valle, Texcalyacac y Mexicalzingo.<\/p>\n<p>A ellos, les pidi\u00f3 trabajar en unidad, ya que la unidad significa trabajar todos juntos de la mano, cada quien en lo que le corresponde, pero siempre con el objetivo com\u00fan de apoyar a la gente.<img loading=\"lazy\" decoding=\"async\" class=\"alignleft size-medium wp-image-16040\" src=\"http:\/\/porlalibre.info\/wp-content\/uploads\/2017\/02\/IMG-20170209-WA0114-300x200.jpg\" alt=\"\" width=\"300\" height=\"200\" \/><\/p>\n<p>\u201cUnidad significa hacerle el bien a la comunidad, significa anteponer antes que los intereses personales, los intereses de todos y esa es la forma en la que queremos trabajar\u201d, y agreg\u00f3, est\u00e1 en juego el bienestar de nuestras familias, tenemos que cuidar este gran proyecto que es el Estado de M\u00e9xico.<\/p>\n<p>Finalmente, Alfredo Del Mazo dijo que debemos llegar unidos a la \u00a0Convenci\u00f3n Estatal de Delegados, que se celebrar\u00e1 el pr\u00f3ximo 3 de marzo. La unidad es nuestra gran fortaleza, concluy\u00f3.<\/p>\n","protected":false},"excerpt":{"rendered":"<p>\u00abDebemos llegar unidos a la \u00a0Convenci\u00f3n Estatal de Delegados, que se celebrar\u00e1 el pr\u00f3ximo 3 de marzo\u00bb dijo el precandidato priista. En su tercer d\u00eda de precampa\u00f1a, el precandidato \u00fanico del PR al gobierno del Estado de M\u00e9xico, Alfredo Del Mazo Maza, se reuni\u00f3 con delegados electores del PRI de los municipios de Metepec, Almoloya [&hellip;]<\/p>\n","protected":false},"author":2,"featured_media":16041,"comment_status":"open","ping_status":"open","sticky":false,"template":"","format":"standard","meta":{"footnotes":""},"categories":[16,5,1],"tags":[5443,8422,8535],"class_list":{"0":"post-16038","1":"post","2":"type-post","3":"status-publish","4":"format-standard","5":"has-post-thumbnail","7":"category-foto","8":"category-nota-informativa","9":"category-uncategorized","10":"tag-alfredo-del-mazo-maza","11":"tag-alfredo-del-mazo-maza-pre-candidato-de-unidad","12":"tag-reunion-con-delegados-electores-del-pri"},"wps_subtitle":"","_links":{"self":[{"href":"https:\/\/www.porlalibreedomex.com\/index.php?rest_route=\/wp\/v2\/posts\/16038","targetHints":{"allow":["GET"]}}],"collection":[{"href":"https:\/\/www.porlalibreedomex.com\/index.php?rest_route=\/wp\/v2\/posts"}],"about":[{"href":"https:\/\/www.porlalibreedomex.com\/index.php?rest_route=\/wp\/v2\/types\/post"}],"author":[{"embeddable":true,"href":"https:\/\/www.porlalibreedomex.com\/index.php?rest_route=\/wp\/v2\/users\/2"}],"replies":[{"embeddable":true,"href":"https:\/\/www.porlalibreedomex.com\/index.php?rest_route=%2Fwp%2Fv2%2Fcomments&post=16038"}],"version-history":[{"count":0,"href":"https:\/\/www.porlalibreedomex.com\/index.php?rest_route=\/wp\/v2\/posts\/16038\/revisions"}],"wp:featuredmedia":[{"embeddable":true,"href":"https:\/\/www.porlalibreedomex.com\/index.php?rest_route=\/"}],"wp:attachment":[{"href":"https:\/\/www.porlalibreedomex.com\/index.php?rest_route=%2Fwp%2Fv2%2Fmedia&parent=16038"}],"wp:term":[{"taxonomy":"category","embeddable":true,"href":"https:\/\/www.porlalibreedomex.com\/index.php?rest_route=%2Fwp%2Fv2%2Fcategories&post=16038"},{"taxonomy":"post_tag","embeddable":true,"href":"https:\/\/www.porlalibreedomex.com\/index.php?rest_route=%2Fwp%2Fv2%2Ftags&post=16038"}],"curies":[{"name":"wp","href":"https:\/\/api.w.org\/{rel}","templated":true}]}}