{"id":15945,"date":"2017-02-09T15:45:35","date_gmt":"2017-02-10T00:45:35","guid":{"rendered":"http:\/\/porlalibre.info\/?p=15945"},"modified":"2017-02-09T15:45:35","modified_gmt":"2017-02-10T00:45:35","slug":"recomendaciones-de-metepec-para-evitar-incendios-de-pastizales","status":"publish","type":"post","link":"https:\/\/www.porlalibreedomex.com\/?p=15945","title":{"rendered":"RECOMENDACIONES DE METEPEC PARA EVITAR INCENDIOS DE PASTIZALES"},"content":{"rendered":"<figure id=\"attachment_15946\" aria-describedby=\"caption-attachment-15946\" style=\"width: 700px\" class=\"wp-caption aligncenter\"><img loading=\"lazy\" decoding=\"async\" class=\"size-large wp-image-15946\" src=\"http:\/\/porlalibre.info\/wp-content\/uploads\/2017\/02\/pastizales-bomberos-1-1024x576.jpg\" alt=\"\" width=\"700\" height=\"394\" \/><figcaption id=\"caption-attachment-15946\" class=\"wp-caption-text\">recomendaciones de Metepec para evitar incendios de pastizales esta temporada<\/figcaption><\/figure>\n<ul>\n<li id=\"m_-8038500652332635292gmail-x_yui_3_16_0_ym19_1_1486663573382_11024\"><span id=\"m_-8038500652332635292gmail-x_yui_3_16_0_ym19_1_1486663573382_11025\">\u00a0<em><strong>En caso de ver una columna de humo o sospecha de incendio, es necesario reportarlo y dar la ubicaci\u00f3n en los tel\u00e9fonos 2-16-16-09 y 2-16 07-79.\u00a0<\/strong><\/em><\/span><\/li>\n<\/ul>\n<div id=\"m_-8038500652332635292gmail-x_yui_3_16_0_ym19_1_1486663573382_11027\"><span id=\"m_-8038500652332635292gmail-x_yui_3_16_0_ym19_1_1486663573382_11028\">\u00a0<\/span><\/div>\n<div id=\"m_-8038500652332635292gmail-x_yui_3_16_0_ym19_1_1486663573382_11029\"><b id=\"m_-8038500652332635292gmail-x_yui_3_16_0_ym19_1_1486663573382_11030\"><span id=\"m_-8038500652332635292gmail-x_yui_3_16_0_ym19_1_1486663573382_11031\"><span id=\"m_-8038500652332635292gmail-x_yui_3_16_0_ym19_1_1486663573382_11032\">Pueblo M\u00e1gico de Metepec, M\u00e9xico, 9 de febrero de 2017.<\/span><\/span><\/b><span id=\"m_-8038500652332635292gmail-x_yui_3_16_0_ym19_1_1486663573382_11033\"><span id=\"m_-8038500652332635292gmail-x_yui_3_16_0_ym19_1_1486663573382_11034\">\u00a0Ante la constante presencia de incendio de pastizales, el gobierno de Metepec emiti\u00f3 algunas recomendaciones para evitar dicho fen\u00f3meno que puede poner en riesgo a la poblaci\u00f3n y afecta el medio ambiente.\u00a0<\/span><\/span><\/div>\n<div id=\"m_-8038500652332635292gmail-x_yui_3_16_0_ym19_1_1486663573382_11035\"><span id=\"m_-8038500652332635292gmail-x_yui_3_16_0_ym19_1_1486663573382_11036\">El coordinador de Protecci\u00f3n Civil y Bomberos, Marco Antonio Acosta Fuentes, inform\u00f3 que en esta temporada del a\u00f1o, algunos predios con vegetaci\u00f3n son blanco propicio de incendio si no se toman las previsiones y cuidado suficiente.<\/span><\/div>\n<div id=\"m_-8038500652332635292gmail-x_yui_3_16_0_ym19_1_1486663573382_11037\"><span id=\"m_-8038500652332635292gmail-x_yui_3_16_0_ym19_1_1486663573382_11038\">\u00a0<span id=\"m_-8038500652332635292gmail-x_yui_3_16_0_ym19_1_1486663573382_11039\">\u00a0\u00a0\u00a0\u00a0\u00a0\u00a0\u00a0\u00a0\u00a0\u00a0\u00a0<\/span>Entre las principales medidas de prevenci\u00f3n, sobresale evitar tirar las colillas de cigarro cerca de los pastizales; depositar lejos de la hierba y en el lugar correcto los trozos de vidrio, botellas, desperdicios o cualquier tipo de material combustible que pueda originar un incendio; as\u00ed como no ingresar autos ni motocicletas en zonas donde hay pastizales secos<img loading=\"lazy\" decoding=\"async\" class=\"aligncenter size-large wp-image-15947\" src=\"http:\/\/porlalibre.info\/wp-content\/uploads\/2017\/02\/pastizales-bomberos-2-576x1024.jpg\" alt=\"\" width=\"576\" height=\"1024\" \/><\/span><\/div>\n<div id=\"m_-8038500652332635292gmail-x_yui_3_16_0_ym19_1_1486663573382_11040\"><span id=\"m_-8038500652332635292gmail-x_yui_3_16_0_ym19_1_1486663573382_11041\">\u00a0<span id=\"m_-8038500652332635292gmail-x_yui_3_16_0_ym19_1_1486663573382_11042\">\u00a0\u00a0\u00a0\u00a0\u00a0\u00a0\u00a0\u00a0\u00a0\u00a0\u00a0<\/span>\u201cLos incendios pueden ocasionar situaciones de peligro para las personas, adem\u00e1s de constituir un problema de contaminaci\u00f3n y degradaci\u00f3n al medio ambiente. La mejor medida para prevenir incendios, es tener un comportamiento responsable y no encender fuego en el campo\u201d, agreg\u00f3 el funcionario.<\/span><\/div>\n<div id=\"m_-8038500652332635292gmail-x_yui_3_16_0_ym19_1_1486663573382_11043\"><span id=\"m_-8038500652332635292gmail-x_yui_3_16_0_ym19_1_1486663573382_11044\">\u00a0<span id=\"m_-8038500652332635292gmail-x_yui_3_16_0_ym19_1_1486663573382_11045\">\u00a0\u00a0\u00a0\u00a0\u00a0\u00a0\u00a0\u00a0\u00a0\u00a0\u00a0<\/span>Destac\u00f3 que en caso de ver una columna de humo o sospecha de incendio, es necesario reportarlo y dar la ubicaci\u00f3n en los tel\u00e9fonos 2-16-16-09 y 2-16 07-79.\u00a0<\/span><\/div>\n<p>&nbsp;<\/p>\n","protected":false},"excerpt":{"rendered":"<p>\u00a0En caso de ver una columna de humo o sospecha de incendio, es necesario reportarlo y dar la ubicaci\u00f3n en los tel\u00e9fonos 2-16-16-09 y 2-16 07-79.\u00a0 \u00a0 Pueblo M\u00e1gico de Metepec, M\u00e9xico, 9 de febrero de 2017.\u00a0Ante la constante presencia de incendio de pastizales, el gobierno de Metepec emiti\u00f3 algunas recomendaciones para evitar dicho fen\u00f3meno [&hellip;]<\/p>\n","protected":false},"author":2,"featured_media":15946,"comment_status":"open","ping_status":"open","sticky":false,"template":"","format":"standard","meta":{"footnotes":""},"categories":[16,5,1],"tags":[5951,8529,8530],"class_list":{"0":"post-15945","1":"post","2":"type-post","3":"status-publish","4":"format-standard","5":"has-post-thumbnail","7":"category-foto","8":"category-nota-informativa","9":"category-uncategorized","10":"tag-incendios-de-pastizales","11":"tag-marco-antonio-acosta-de-proteccion-civil-de-metepec","12":"tag-recomendaciones-de-metepec-para-evitar-incendios"},"wps_subtitle":"","_links":{"self":[{"href":"https:\/\/www.porlalibreedomex.com\/index.php?rest_route=\/wp\/v2\/posts\/15945","targetHints":{"allow":["GET"]}}],"collection":[{"href":"https:\/\/www.porlalibreedomex.com\/index.php?rest_route=\/wp\/v2\/posts"}],"about":[{"href":"https:\/\/www.porlalibreedomex.com\/index.php?rest_route=\/wp\/v2\/types\/post"}],"author":[{"embeddable":true,"href":"https:\/\/www.porlalibreedomex.com\/index.php?rest_route=\/wp\/v2\/users\/2"}],"replies":[{"embeddable":true,"href":"https:\/\/www.porlalibreedomex.com\/index.php?rest_route=%2Fwp%2Fv2%2Fcomments&post=15945"}],"version-history":[{"count":0,"href":"https:\/\/www.porlalibreedomex.com\/index.php?rest_route=\/wp\/v2\/posts\/15945\/revisions"}],"wp:featuredmedia":[{"embeddable":true,"href":"https:\/\/www.porlalibreedomex.com\/index.php?rest_route=\/"}],"wp:attachment":[{"href":"https:\/\/www.porlalibreedomex.com\/index.php?rest_route=%2Fwp%2Fv2%2Fmedia&parent=15945"}],"wp:term":[{"taxonomy":"category","embeddable":true,"href":"https:\/\/www.porlalibreedomex.com\/index.php?rest_route=%2Fwp%2Fv2%2Fcategories&post=15945"},{"taxonomy":"post_tag","embeddable":true,"href":"https:\/\/www.porlalibreedomex.com\/index.php?rest_route=%2Fwp%2Fv2%2Ftags&post=15945"}],"curies":[{"name":"wp","href":"https:\/\/api.w.org\/{rel}","templated":true}]}}