{"id":15697,"date":"2017-01-26T14:24:44","date_gmt":"2017-01-26T23:24:44","guid":{"rendered":"http:\/\/porlalibre.info\/?p=15697"},"modified":"2017-01-26T14:24:44","modified_gmt":"2017-01-26T23:24:44","slug":"aprueba-cabildo-de-metepec-bando-municipal-2017","status":"publish","type":"post","link":"https:\/\/www.porlalibreedomex.com\/?p=15697","title":{"rendered":"APRUEBA CABILDO DE METEPEC BANDO MUNICIPAL 2017"},"content":{"rendered":"<figure id=\"attachment_15698\" aria-describedby=\"caption-attachment-15698\" style=\"width: 1800px\" class=\"wp-caption aligncenter\"><img loading=\"lazy\" decoding=\"async\" class=\"size-full wp-image-15698\" src=\"http:\/\/porlalibre.info\/wp-content\/uploads\/2017\/01\/51\u00b0Sesi\u00f3n-Ordinaria-de-Cabildo.jpg\" alt=\"\" width=\"1800\" height=\"1200\" \/><figcaption id=\"caption-attachment-15698\" class=\"wp-caption-text\">PUEBLO M\u00c1GICO DE METEPEC, 26 de enero de 2016.- El nuevo ordenamiento incluye igualdad de g\u00e9nero y cuidado al medio ambiente y las mascotas, entre otras disposiciones<\/figcaption><\/figure>\n<p class=\"m_8579343707559500736gmail-xmsonormal\" align=\"center\">\n<ul>\n<li class=\"m_8579343707559500736gmail-xmsonormal\" style=\"text-align: left;\"><i>Se promulgar\u00e1 el Bando Municipal de Metepec en el marco del Centenario de la Constituci\u00f3n Pol\u00edtica del 17.<\/i><\/li>\n<li class=\"m_8579343707559500736gmail-xmsonormal\" style=\"text-align: left;\"><i>La nueva edici\u00f3n regula entre otros, cuidado del medio ambiente, protecci\u00f3n de animales e igualdad de g\u00e9nero.<\/i><\/li>\n<\/ul>\n<p class=\"m_8579343707559500736gmail-xmsonormal\" style=\"text-align: left;\">\n<p class=\"m_8579343707559500736gmail-xmsonormal\"><b>Pueblo M\u00e1gico de Metepec, M\u00e9xico, 26 de enero de 2017.<\/b><span class=\"m_8579343707559500736gmail-apple-converted-space\">\u00a0<\/span>El 5 de febrero, en el marco del aniversario de la Constituci\u00f3n Pol\u00edtica, el m\u00e1ximo \u00f3rgano de Metepec, publicar\u00e1 el Bando Municipal 2017, documento rector de la vida del municipio que estar\u00e1 vigente un a\u00f1o.<\/p>\n<p class=\"m_8579343707559500736gmail-xmsonormal\">\u00a0La nueva edici\u00f3n fue presentada por la comisi\u00f3n edilicia de Revisi\u00f3n y Actualizaci\u00f3n de la Reglamentaci\u00f3n Municipal; y fue aprobada durante la quinquag\u00e9sima primera sesi\u00f3n ordinaria de Cabildo.<\/p>\n<p class=\"m_8579343707559500736gmail-xmsonormal\">\u00a0Dentro de las adecuaciones realizadas, resaltan el fortalecimiento de los programas de igualdad de g\u00e9nero para que se apeguen a las normas oficiales en la materia; el refuerzo de las normas para el cuidado y responsabilidad en la tenencia de mascotas; la supervisi\u00f3n de criaderos y la autorizaci\u00f3n de la requisa de animales maltratados o vendidos en la v\u00eda p\u00fablica, de acuerdo con el C\u00f3digo de Biodiversidad del Estado de M\u00e9xico.<\/p>\n<p class=\"m_8579343707559500736gmail-xmsonormal\">\u00a0Entre otras cosas, el documento establece como permanentes los Comit\u00e9s Municipales de Transparencia y \u00c9tica, a fin de privilegiar el acceso a la informaci\u00f3n y el apego a los valores reconocidos por el mismo; fortalece el desarrollo integral de las bibliotecas p\u00fablicas y actualiza los horarios de riego de plantas y jardines, de las 18:00 a las 10:00 horas del d\u00eda siguiente.<\/p>\n<p class=\"m_8579343707559500736gmail-xmsonormal\">\u00a0Los ajustes realizados pretenden priorizar un gobierno cercano a las y los vecinos, reforzando los mecanismos de participaci\u00f3n ciudadana, y poniendo de relieve los resultados que se han obtenido durante la administraci\u00f3n.<\/p>\n<p class=\"m_8579343707559500736gmail-xmsonormal\">\u00a0La conformaci\u00f3n del documento, responde a las condiciones y necesidades de los habitantes de Metepec. Asimismo, establece derechos y obligaciones de la sociedad y de las autoridades municipales.<\/p>\n","protected":false},"excerpt":{"rendered":"<p>Se promulgar\u00e1 el Bando Municipal de Metepec en el marco del Centenario de la Constituci\u00f3n Pol\u00edtica del 17. La nueva edici\u00f3n regula entre otros, cuidado del medio ambiente, protecci\u00f3n de animales e igualdad de g\u00e9nero. Pueblo M\u00e1gico de Metepec, M\u00e9xico, 26 de enero de 2017.\u00a0El 5 de febrero, en el marco del aniversario de la [&hellip;]<\/p>\n","protected":false},"author":2,"featured_media":15698,"comment_status":"open","ping_status":"open","sticky":false,"template":"","format":"standard","meta":{"footnotes":""},"categories":[16,5,1],"tags":[8411,8412,8413,2806,4798,8414],"class_list":{"0":"post-15697","1":"post","2":"type-post","3":"status-publish","4":"format-standard","5":"has-post-thumbnail","7":"category-foto","8":"category-nota-informativa","9":"category-uncategorized","10":"tag-bando-municipal-de-metepec-2017","11":"tag-centenario-de-la-constitucion-del-17","12":"tag-cuidado-de-las-mascotas-en-el-bando-de-metepec","13":"tag-david-lopez-cardenas","14":"tag-equidad-de-genero","15":"tag-equidad-de-genero-protegida-por-el-bando-de-metepec"},"wps_subtitle":"","_links":{"self":[{"href":"https:\/\/www.porlalibreedomex.com\/index.php?rest_route=\/wp\/v2\/posts\/15697","targetHints":{"allow":["GET"]}}],"collection":[{"href":"https:\/\/www.porlalibreedomex.com\/index.php?rest_route=\/wp\/v2\/posts"}],"about":[{"href":"https:\/\/www.porlalibreedomex.com\/index.php?rest_route=\/wp\/v2\/types\/post"}],"author":[{"embeddable":true,"href":"https:\/\/www.porlalibreedomex.com\/index.php?rest_route=\/wp\/v2\/users\/2"}],"replies":[{"embeddable":true,"href":"https:\/\/www.porlalibreedomex.com\/index.php?rest_route=%2Fwp%2Fv2%2Fcomments&post=15697"}],"version-history":[{"count":0,"href":"https:\/\/www.porlalibreedomex.com\/index.php?rest_route=\/wp\/v2\/posts\/15697\/revisions"}],"wp:featuredmedia":[{"embeddable":true,"href":"https:\/\/www.porlalibreedomex.com\/index.php?rest_route=\/"}],"wp:attachment":[{"href":"https:\/\/www.porlalibreedomex.com\/index.php?rest_route=%2Fwp%2Fv2%2Fmedia&parent=15697"}],"wp:term":[{"taxonomy":"category","embeddable":true,"href":"https:\/\/www.porlalibreedomex.com\/index.php?rest_route=%2Fwp%2Fv2%2Fcategories&post=15697"},{"taxonomy":"post_tag","embeddable":true,"href":"https:\/\/www.porlalibreedomex.com\/index.php?rest_route=%2Fwp%2Fv2%2Ftags&post=15697"}],"curies":[{"name":"wp","href":"https:\/\/api.w.org\/{rel}","templated":true}]}}