{"id":15332,"date":"2016-12-19T18:19:45","date_gmt":"2016-12-20T03:19:45","guid":{"rendered":"http:\/\/porlalibre.info\/?p=15332"},"modified":"2016-12-19T18:19:45","modified_gmt":"2016-12-20T03:19:45","slug":"15332","status":"publish","type":"post","link":"https:\/\/www.porlalibreedomex.com\/?p=15332","title":{"rendered":"RESPETAR A LA MUJER ENSU  INTEGRIDAD"},"content":{"rendered":"<p>&nbsp;<\/p>\n<div id=\"m_1989651465359426431yui_3_16_0_ym19_1_1482172505405_2788\" align=\"center\"><\/div>\n<div id=\"m_1989651465359426431yui_3_16_0_ym19_1_1482172505405_2791\" align=\"center\"><b id=\"m_1989651465359426431yui_3_16_0_ym19_1_1482172505405_2792\"><span id=\"m_1989651465359426431yui_3_16_0_ym19_1_1482172505405_2793\">\u00a0<\/span><\/b><\/div>\n<ul>\n<li id=\"m_1989651465359426431yui_3_16_0_ym19_1_1482172505405_2794\"><span id=\"m_1989651465359426431yui_3_16_0_ym19_1_1482172505405_2795\"><span id=\"m_1989651465359426431yui_3_16_0_ym19_1_1482172505405_2796\">\u00b7<\/span><\/span><b id=\"m_1989651465359426431yui_3_16_0_ym19_1_1482172505405_2798\"><span id=\"m_1989651465359426431yui_3_16_0_ym19_1_1482172505405_2799\">Para que conozcan y apliquen las acciones de la Alerta de G\u00e9nero<\/span><\/b><\/li>\n<\/ul>\n<div id=\"m_1989651465359426431yui_3_16_0_ym19_1_1482172505405_2800\"><span id=\"m_1989651465359426431yui_3_16_0_ym19_1_1482172505405_2801\">\u00a0<\/span><\/div>\n<div id=\"m_1989651465359426431yui_3_16_0_ym19_1_1482172505405_2802\" style=\"text-align: justify;\"><span id=\"m_1989651465359426431yui_3_16_0_ym19_1_1482172505405_2803\">Toluca, M\u00e9xico, 19 de diciembre de 2016.- La sociedad reclama seguridad para su persona, familia y bienes, por ello es necesario contar con instituciones mejor preparadas frente a los retos actuales y para que en el ejercicio de sus atribuciones, se conduzcan con pleno respeto a los derechos humanos, afirm\u00f3 el ombudsman Baruch Delgado Carbajal.<\/span><\/div>\n<div id=\"m_1989651465359426431yui_3_16_0_ym19_1_1482172505405_2804\" style=\"text-align: justify;\"><span id=\"m_1989651465359426431yui_3_16_0_ym19_1_1482172505405_2805\">\u00a0<\/span><\/div>\n<div id=\"m_1989651465359426431yui_3_16_0_ym19_1_1482172505405_2806\" style=\"text-align: justify;\"><span id=\"m_1989651465359426431yui_3_16_0_ym19_1_1482172505405_2807\">Expuso que en octubre se firm\u00f3 un convenio de colaboraci\u00f3n con la Comisi\u00f3n Estatal de Seguridad Ciudadana (CESC), para trabajar de manera coordinada en la difusi\u00f3n, protecci\u00f3n y respeto a los derechos primigenios, lo cual permitir\u00e1 a los elementos de las corporaciones policiales, tenerlos presentes al realizar sus actividades.<\/span><\/div>\n<div id=\"m_1989651465359426431yui_3_16_0_ym19_1_1482172505405_2808\" style=\"text-align: justify;\"><span id=\"m_1989651465359426431yui_3_16_0_ym19_1_1482172505405_2809\">\u00a0<\/span><\/div>\n<div id=\"m_1989651465359426431yui_3_16_0_ym19_1_1482172505405_2810\" style=\"text-align: justify;\"><span id=\"m_1989651465359426431yui_3_16_0_ym19_1_1482172505405_2811\">Durante la capacitaci\u00f3n a polic\u00edas estatales, como parte de las medidas establecidas por la declaratoria de Alerta de G\u00e9nero en once municipios, se reiter\u00f3 que se puede conciliar el combate al delito con el respeto a los derechos humanos.<\/span><\/div>\n<div id=\"m_1989651465359426431yui_3_16_0_ym19_1_1482172505405_2812\" style=\"text-align: justify;\"><span id=\"m_1989651465359426431yui_3_16_0_ym19_1_1482172505405_2813\">\u00a0<\/span><\/div>\n<div id=\"m_1989651465359426431yui_3_16_0_ym19_1_1482172505405_2814\" style=\"text-align: justify;\"><span id=\"m_1989651465359426431yui_3_16_0_ym19_1_1482172505405_2815\">El presidente de la Comisi\u00f3n de Derechos Humanos del Estado de M\u00e9xico, coment\u00f3 que a trav\u00e9s de la capacitaci\u00f3n, se dar\u00e1 informaci\u00f3n con un esquema de r\u00e9plica, y quienes la reciban puedan transmitirla al resto de sus compa\u00f1eros, con el prop\u00f3sito de que todos, en el \u00e1mbito de su competencia, lleven a cabo las acciones de prevenci\u00f3n, seguridad y justicia que derivan de la declaratoria de Alerta.<\/span><\/div>\n<div id=\"m_1989651465359426431yui_3_16_0_ym19_1_1482172505405_2816\" style=\"text-align: justify;\"><span id=\"m_1989651465359426431yui_3_16_0_ym19_1_1482172505405_2817\">\u00a0<\/span><\/div>\n<div id=\"m_1989651465359426431yui_3_16_0_ym19_1_1482172505405_2818\" style=\"text-align: justify;\"><span id=\"m_1989651465359426431yui_3_16_0_ym19_1_1482172505405_2819\">Por su parte, el titular de la CESC, Eduardo Valiente Hern\u00e1ndez, indic\u00f3 que conocer y aplicar las medidas implementadas para atender la Alerta de violencia de g\u00e9nero, permitir\u00e1 que los servidores p\u00fablicos act\u00faen en su labor cotidiana con perspectiva de g\u00e9nero; vayan rompiendo paradigmas y estigmas sociales arraigados como el machismo, y sus actividades sean con apego al respeto de los derechos humanos.<\/span><\/div>\n<div id=\"m_1989651465359426431yui_3_16_0_ym19_1_1482172505405_2820\" style=\"text-align: justify;\"><span id=\"m_1989651465359426431yui_3_16_0_ym19_1_1482172505405_2821\">\u00a0<\/span><\/div>\n<div id=\"m_1989651465359426431yui_3_16_0_ym19_1_1482172505405_2822\" style=\"text-align: justify;\"><span id=\"m_1989651465359426431yui_3_16_0_ym19_1_1482172505405_2823\">A los uniformados, pidi\u00f3 convertirse en replicadores de la informaci\u00f3n, pues dijo, en la supervisi\u00f3n ninguno aprueba los cuestionamientos, por tanto, reflejan que no est\u00e1n atendiendo a cabalidad el tema y existe desconocimiento sobre qu\u00e9 se trata la Alerta y tampoco aprueban lo referente a la equidad e igualdad de g\u00e9nero, lo cual impacta no s\u00f3lo en el \u00e1mbito laboral sino tambi\u00e9n personal.<\/span><\/div>\n<p>&nbsp;<\/p>\n","protected":false},"excerpt":{"rendered":"<p>&nbsp; \u00a0 \u00b7Para que conozcan y apliquen las acciones de la Alerta de G\u00e9nero \u00a0 Toluca, M\u00e9xico, 19 de diciembre de 2016.- La sociedad reclama seguridad para su persona, familia y bienes, por ello es necesario contar con instituciones mejor preparadas frente a los retos actuales y para que en el ejercicio de sus atribuciones, [&hellip;]<\/p>\n","protected":false},"author":2,"featured_media":0,"comment_status":"open","ping_status":"open","sticky":false,"template":"","format":"standard","meta":{"footnotes":""},"categories":[1107,23,5,1],"tags":[],"class_list":{"0":"post-15332","1":"post","2":"type-post","3":"status-publish","4":"format-standard","6":"category-articulo","7":"category-columna","8":"category-nota-informativa","9":"category-uncategorized"},"wps_subtitle":"","_links":{"self":[{"href":"https:\/\/www.porlalibreedomex.com\/index.php?rest_route=\/wp\/v2\/posts\/15332","targetHints":{"allow":["GET"]}}],"collection":[{"href":"https:\/\/www.porlalibreedomex.com\/index.php?rest_route=\/wp\/v2\/posts"}],"about":[{"href":"https:\/\/www.porlalibreedomex.com\/index.php?rest_route=\/wp\/v2\/types\/post"}],"author":[{"embeddable":true,"href":"https:\/\/www.porlalibreedomex.com\/index.php?rest_route=\/wp\/v2\/users\/2"}],"replies":[{"embeddable":true,"href":"https:\/\/www.porlalibreedomex.com\/index.php?rest_route=%2Fwp%2Fv2%2Fcomments&post=15332"}],"version-history":[{"count":0,"href":"https:\/\/www.porlalibreedomex.com\/index.php?rest_route=\/wp\/v2\/posts\/15332\/revisions"}],"wp:attachment":[{"href":"https:\/\/www.porlalibreedomex.com\/index.php?rest_route=%2Fwp%2Fv2%2Fmedia&parent=15332"}],"wp:term":[{"taxonomy":"category","embeddable":true,"href":"https:\/\/www.porlalibreedomex.com\/index.php?rest_route=%2Fwp%2Fv2%2Fcategories&post=15332"},{"taxonomy":"post_tag","embeddable":true,"href":"https:\/\/www.porlalibreedomex.com\/index.php?rest_route=%2Fwp%2Fv2%2Ftags&post=15332"}],"curies":[{"name":"wp","href":"https:\/\/api.w.org\/{rel}","templated":true}]}}