{"id":15135,"date":"2016-12-02T10:50:12","date_gmt":"2016-12-02T19:50:12","guid":{"rendered":"http:\/\/porlalibre.info\/?p=15135"},"modified":"2016-12-02T10:50:12","modified_gmt":"2016-12-02T19:50:12","slug":"invita-uaem-a-la-temporada-de-conciertos-portos","status":"publish","type":"post","link":"https:\/\/www.porlalibreedomex.com\/?p=15135","title":{"rendered":"Invita UAEM a la Temporada de Conciertos \u201cPortos\u201d"},"content":{"rendered":"<figure id=\"attachment_15136\" aria-describedby=\"caption-attachment-15136\" style=\"width: 700px\" class=\"wp-caption aligncenter\"><img loading=\"lazy\" decoding=\"async\" class=\"size-large wp-image-15136\" src=\"http:\/\/porlalibre.info\/wp-content\/uploads\/2016\/12\/Comun.-1006-4-1024x683.jpg\" alt=\"Con un repertorio de villancicos y romances de M\u00e9xico y Portugal de los siglos XVI y XVII, el Ensamble de M\u00fasica Antigua \u201cDitirambo\u201d de la UAEM, en coordinaci\u00f3n con el Gobierno del Estado de Jalisco, presentar\u00e1 la Temporada de Conciertos \u201cPortos\u201d.\" width=\"700\" height=\"467\" \/><figcaption id=\"caption-attachment-15136\" class=\"wp-caption-text\">Con un repertorio de villancicos y romances de M\u00e9xico y Portugal de los siglos XVI y XVII, el Ensamble de M\u00fasica Antigua \u201cDitirambo\u201d de la UAEM, en coordinaci\u00f3n con el Gobierno del Estado de Jalisco, presentar\u00e1 la Temporada de Conciertos \u201cPortos\u201d.<\/figcaption><\/figure>\n<p><strong>\u00a0<\/strong><\/p>\n<ul>\n<li><em>Comprende un repertorio de villancicos y romances de M\u00e9xico y Portugal de los siglos XVI y XVII. <\/em><\/li>\n<\/ul>\n<p><em><br \/>\n<\/em>Con un repertorio de villancicos y romances de M\u00e9xico y Portugal de los siglos XVI y XVII, el Ensamble de M\u00fasica Antigua \u201cDitirambo\u201d de la Universidad Aut\u00f3noma del Estado de M\u00e9xico, en coordinaci\u00f3n con el Gobierno del Estado de Jalisco, presentar\u00e1 la Temporada de Conciertos \u201cPortos\u201d, que contar\u00e1 con la participaci\u00f3n especial de la artista portuguesa Daniela Tomaz.<\/p>\n<p style=\"text-align: justify;\">En conferencia de prensa, el director de \u201cDitirambo\u201d,\u00a0Yurev Vivero, acompa\u00f1ado de la flautista Daniela Tomaz, enfatiz\u00f3 las similitudes que existen entre las culturas mexicana y portuguesa.<\/p>\n<p style=\"text-align: justify;\">As\u00ed que esta propuesta, puntualiz\u00f3, incluye la exploraci\u00f3n hist\u00f3rica y musical de ambas naciones, en congruencia con la labor de este ensamble universitario, \u00fanico en la entidad, pues se dedica a la interpretaci\u00f3n de m\u00fasica antigua.<\/p>\n<p style=\"text-align: justify;\">Por su parte, Daniela Tomaz, quien del 13 al 15 de diciembre ofrecer\u00e1 el Taller \u201cIniciaci\u00f3n de las danzas del Renacimiento italiano y franc\u00e9s\u201d, en la Academia Suzuki \u201cM\u00fasica del Alma\u201d, en la ciudad de Toluca, refiri\u00f3 que \u201cPortos\u201d permitir\u00e1 al p\u00fablico conocer estilos musicales como el fado y el cante, considerados Patrimonio Inmaterial de la Humanidad.<\/p>\n<p style=\"text-align: justify;\">Al reconocer la apertura que hacia diversas expresiones art\u00edsticas tiene la Aut\u00f3noma mexiquense, Daniela Tomaz indic\u00f3 que el pr\u00f3ximo 6 de diciembre, a las 10:00 horas, tambi\u00e9n impartir\u00e1, en la Escuela de Artes Esc\u00e9nicas de la UAEM, una conferencia sobre los estilos musicales de la cultura portuguesa.<\/p>\n<p style=\"text-align: justify;\">La directora creativa de Ditirambo, Aura Mart\u00ednez, destac\u00f3 que \u201cPortos\u201d se distingue por ser una propuesta interdisciplinaria, ya que incluir\u00e1 piezas de folclor mexicano de Gaspar Fern\u00e1ndez, compositor del siglo XVI, m\u00fasica sefard\u00ed, as\u00ed como fragmentos literarios del poeta y ensayista Fernando Pessoa.<\/p>\n<p>La Temporada de Conciertos \u201cPortos\u201d inicia este s\u00e1bado 3 de diciembre en el Museo Virreinal de Zinacantepec, a las 18:00 horas; continuar\u00e1 el domingo, a las 19:00 horas, en la Capilla de Santa M\u00f3nica, en Malinalco; el mi\u00e9rcoles 7 de diciembre, a las 19:00 horas, en el Teatro Isabelino del Centro Cultural Universitario \u201cCasa de las Diligencias\u201d; el 16 de diciembre, a las 17:00 horas, en la Iglesia del Carmen, en Toluca, y el 17 de diciembre, a las 17:00 horas, en Zacualpan.<\/p>\n","protected":false},"excerpt":{"rendered":"<p>\u00a0 Comprende un repertorio de villancicos y romances de M\u00e9xico y Portugal de los siglos XVI y XVII. Con un repertorio de villancicos y romances de M\u00e9xico y Portugal de los siglos XVI y XVII, el Ensamble de M\u00fasica Antigua \u201cDitirambo\u201d de la Universidad Aut\u00f3noma del Estado de M\u00e9xico, en coordinaci\u00f3n con el Gobierno del [&hellip;]<\/p>\n","protected":false},"author":2,"featured_media":15136,"comment_status":"open","ping_status":"open","sticky":false,"template":"","format":"standard","meta":{"footnotes":""},"categories":[16,5,1],"tags":[8164,8165,8166,8167],"class_list":{"0":"post-15135","1":"post","2":"type-post","3":"status-publish","4":"format-standard","5":"has-post-thumbnail","7":"category-foto","8":"category-nota-informativa","9":"category-uncategorized","10":"tag-ensamble-ditirambo","11":"tag-ensamble-ditirambo-de-la-uaem","12":"tag-musica-antigua","13":"tag-villancicos-y-romances-con-ditirambo"},"wps_subtitle":"","_links":{"self":[{"href":"https:\/\/www.porlalibreedomex.com\/index.php?rest_route=\/wp\/v2\/posts\/15135","targetHints":{"allow":["GET"]}}],"collection":[{"href":"https:\/\/www.porlalibreedomex.com\/index.php?rest_route=\/wp\/v2\/posts"}],"about":[{"href":"https:\/\/www.porlalibreedomex.com\/index.php?rest_route=\/wp\/v2\/types\/post"}],"author":[{"embeddable":true,"href":"https:\/\/www.porlalibreedomex.com\/index.php?rest_route=\/wp\/v2\/users\/2"}],"replies":[{"embeddable":true,"href":"https:\/\/www.porlalibreedomex.com\/index.php?rest_route=%2Fwp%2Fv2%2Fcomments&post=15135"}],"version-history":[{"count":0,"href":"https:\/\/www.porlalibreedomex.com\/index.php?rest_route=\/wp\/v2\/posts\/15135\/revisions"}],"wp:featuredmedia":[{"embeddable":true,"href":"https:\/\/www.porlalibreedomex.com\/index.php?rest_route=\/"}],"wp:attachment":[{"href":"https:\/\/www.porlalibreedomex.com\/index.php?rest_route=%2Fwp%2Fv2%2Fmedia&parent=15135"}],"wp:term":[{"taxonomy":"category","embeddable":true,"href":"https:\/\/www.porlalibreedomex.com\/index.php?rest_route=%2Fwp%2Fv2%2Fcategories&post=15135"},{"taxonomy":"post_tag","embeddable":true,"href":"https:\/\/www.porlalibreedomex.com\/index.php?rest_route=%2Fwp%2Fv2%2Ftags&post=15135"}],"curies":[{"name":"wp","href":"https:\/\/api.w.org\/{rel}","templated":true}]}}