{"id":14914,"date":"2016-11-22T18:56:04","date_gmt":"2016-11-23T03:56:04","guid":{"rendered":"http:\/\/porlalibre.info\/?p=14914"},"modified":"2016-11-22T18:56:04","modified_gmt":"2016-11-23T03:56:04","slug":"uaem-referente-en-la-construccion-y-fortalecimiento-del-tejido-social-jorge-olvera","status":"publish","type":"post","link":"https:\/\/www.porlalibreedomex.com\/?p=14914","title":{"rendered":"UAEM, referente en la construcci\u00f3n y  fortalecimiento del tejido social: Jorge Olvera"},"content":{"rendered":"<p>&nbsp;<\/p>\n<p><strong>\u00a0<\/strong><\/p>\n<figure id=\"attachment_14915\" aria-describedby=\"caption-attachment-14915\" style=\"width: 2126px\" class=\"wp-caption aligncenter\"><img loading=\"lazy\" decoding=\"async\" class=\"size-full wp-image-14915\" src=\"http:\/\/porlalibre.info\/wp-content\/uploads\/2016\/11\/comun-0974-4.jpg\" alt=\"La UAEM es referente en la construcci\u00f3n y fortalecimiento del tejido social, sostuvo el rector Jorge Olvera Garc\u00eda, al encabezar el Segundo Informe Anual de Actividades del director de la Facultad de Lenguas, V\u00edctor Alonso Galeana Estrada.\" width=\"2126\" height=\"1417\" \/><figcaption id=\"caption-attachment-14915\" class=\"wp-caption-text\">La UAEM es referente en la construcci\u00f3n y fortalecimiento del tejido social, sostuvo el rector Jorge Olvera Garc\u00eda, al encabezar el Segundo Informe Anual de Actividades del director de la Facultad de Lenguas, V\u00edctor Alonso Galeana Estrada.<\/figcaption><\/figure>\n<ul>\n<li><em>Al encabezar el Informe de Actividades del director de la Facultad de Lenguas, V\u00edctor Alonso Galeana Estrada, el rector puntualiz\u00f3 que la Aut\u00f3noma mexiquense es punta de lanza en la oferta de estudios de posgrado pertinentes, como la Maestr\u00eda en Periodismo de Investigaci\u00f3n.<\/em><\/li>\n<\/ul>\n<p style=\"text-align: justify;\"><em><br \/>\n<\/em>La Universidad Aut\u00f3noma del Estado de M\u00e9xico es referente en la construcci\u00f3n y fortalecimiento del tejido social; su misi\u00f3n es lograr que cada universitario posea altos conocimientos para que a partir de ellos pueda contribuir al progreso de los mexiquenses, sostuvo el rector Jorge Olvera Garc\u00eda, al encabezar el Segundo Informe Anual de Actividades del director de la Facultad de Lenguas, V\u00edctor Alonso Galeana Estrada.<\/p>\n<p style=\"text-align: justify;\">En el marco de este ejercicio de rendici\u00f3n de cuentas, el rector puntualiz\u00f3 que la Aut\u00f3noma mexiquense es punta de lanza en la oferta de estudios de posgrado pertinentes, como la Maestr\u00eda en Periodismo de Investigaci\u00f3n, mediante la cual la Facultad de Lenguas cumplir\u00e1 con el objetivo de formar recursos humanos de alto nivel, capaces de ejercer de manera \u00e9tica y responsable el periodismo de cara a la sociedad de la informaci\u00f3n.<\/p>\n<p style=\"text-align: justify;\">\u00a0\u00a0\u00a0\u00a0\u00a0\u00a0\u00a0\u00a0\u00a0\u00a0\u00a0 Ante estudiantes, profesores, investigadores y trabajadores administrativos de la Facultad, reconoci\u00f3 el trabajo que en materia de movilidad acad\u00e9mica y estudiantil realiza este organismo, que permite a los universitarios tener la experiencia de desarrollarse y establecer relaciones acad\u00e9micas en otras naciones.<\/p>\n<p style=\"text-align: justify;\">Acompa\u00f1ado por titulares de las secretar\u00edas de la Administraci\u00f3n Central, ex directores de la facultad y directores de espacios universitarios, anunci\u00f3 que estar\u00e1 \u201catento para ofrecer m\u00e1s y mejores becas que permitan a los universitarios realizar movilidad internacional\u201d; enfatiz\u00f3 que se seguir\u00e1n cosechando y fomentando convenios de interacci\u00f3n escolar, acad\u00e9mica, investigaci\u00f3n, vinculaci\u00f3n y cultura con diversas instituciones de educaci\u00f3n superior de Estados Unidos.<\/p>\n<p style=\"text-align: justify;\">En este contexto, Jorge Olvera Garc\u00eda anunci\u00f3 la pr\u00f3xima visita de directivos de la Universidad Estatal de Texas a la M\u00e1xima Casa de Estudios mexiquense, con la finalidad de establecer una agenda en materia de investigaci\u00f3n y movilidad.<\/p>\n<p style=\"text-align: justify;\">Subray\u00f3 que la Universidad Aut\u00f3noma del Estado de M\u00e9xico continuar\u00e1 fomentando y protegiendo sus relaciones con instituciones de educaci\u00f3n superior de los Estados Unidos, que incluso, han sido merecedoras de reconocimientos en aquella naci\u00f3n.<\/p>\n<p style=\"text-align: justify;\">V\u00edctor Alonso Galeana Estrada inform\u00f3 que en el reciente a\u00f1o, la Facultad de Lenguas realiz\u00f3 cinco mil 908 certificaciones de idioma, 896 traducciones y certificaciones de documentos, 11 interpretaciones y 183 cursos, mediante las cuales se atendieron a dos mil 853 usuarios.<\/p>\n<p style=\"text-align: justify;\">Adem\u00e1s, detall\u00f3, la Facultad sigue siendo sede en la aplicaci\u00f3n de ex\u00e1menes internacionales, como el TOEIC, TOEFL y los de la Universidad de Cambridge, para la adquisici\u00f3n de una certificaci\u00f3n internacional.<\/p>\n","protected":false},"excerpt":{"rendered":"<p>&nbsp; \u00a0 Al encabezar el Informe de Actividades del director de la Facultad de Lenguas, V\u00edctor Alonso Galeana Estrada, el rector puntualiz\u00f3 que la Aut\u00f3noma mexiquense es punta de lanza en la oferta de estudios de posgrado pertinentes, como la Maestr\u00eda en Periodismo de Investigaci\u00f3n. La Universidad Aut\u00f3noma del Estado de M\u00e9xico es referente en [&hellip;]<\/p>\n","protected":false},"author":2,"featured_media":14915,"comment_status":"open","ping_status":"open","sticky":false,"template":"","format":"standard","meta":{"footnotes":""},"categories":[16,5,1],"tags":[3356,110,13,4272],"class_list":{"0":"post-14914","1":"post","2":"type-post","3":"status-publish","4":"format-standard","5":"has-post-thumbnail","7":"category-foto","8":"category-nota-informativa","9":"category-uncategorized","10":"tag-facultad-de-lenguas","11":"tag-tejido-social","12":"tag-uaem","13":"tag-victor-alonso-galeana-estrada"},"wps_subtitle":"","_links":{"self":[{"href":"https:\/\/www.porlalibreedomex.com\/index.php?rest_route=\/wp\/v2\/posts\/14914","targetHints":{"allow":["GET"]}}],"collection":[{"href":"https:\/\/www.porlalibreedomex.com\/index.php?rest_route=\/wp\/v2\/posts"}],"about":[{"href":"https:\/\/www.porlalibreedomex.com\/index.php?rest_route=\/wp\/v2\/types\/post"}],"author":[{"embeddable":true,"href":"https:\/\/www.porlalibreedomex.com\/index.php?rest_route=\/wp\/v2\/users\/2"}],"replies":[{"embeddable":true,"href":"https:\/\/www.porlalibreedomex.com\/index.php?rest_route=%2Fwp%2Fv2%2Fcomments&post=14914"}],"version-history":[{"count":0,"href":"https:\/\/www.porlalibreedomex.com\/index.php?rest_route=\/wp\/v2\/posts\/14914\/revisions"}],"wp:featuredmedia":[{"embeddable":true,"href":"https:\/\/www.porlalibreedomex.com\/index.php?rest_route=\/"}],"wp:attachment":[{"href":"https:\/\/www.porlalibreedomex.com\/index.php?rest_route=%2Fwp%2Fv2%2Fmedia&parent=14914"}],"wp:term":[{"taxonomy":"category","embeddable":true,"href":"https:\/\/www.porlalibreedomex.com\/index.php?rest_route=%2Fwp%2Fv2%2Fcategories&post=14914"},{"taxonomy":"post_tag","embeddable":true,"href":"https:\/\/www.porlalibreedomex.com\/index.php?rest_route=%2Fwp%2Fv2%2Ftags&post=14914"}],"curies":[{"name":"wp","href":"https:\/\/api.w.org\/{rel}","templated":true}]}}