{"id":14900,"date":"2016-11-21T18:23:50","date_gmt":"2016-11-22T03:23:50","guid":{"rendered":"http:\/\/porlalibre.info\/?p=14900"},"modified":"2016-11-21T18:23:50","modified_gmt":"2016-11-22T03:23:50","slug":"siguen-artesanos-dando-premios-para-metepec","status":"publish","type":"post","link":"https:\/\/www.porlalibreedomex.com\/?p=14900","title":{"rendered":"SIGUEN ARTESANOS DANDO PREMIOS PARA METEPEC  \u00a0"},"content":{"rendered":"<figure id=\"attachment_14901\" aria-describedby=\"caption-attachment-14901\" style=\"width: 1280px\" class=\"wp-caption aligncenter\"><img loading=\"lazy\" decoding=\"async\" class=\"size-full wp-image-14901\" src=\"http:\/\/porlalibre.info\/wp-content\/uploads\/2016\/11\/Concurso-nacional-1.jpg\" alt=\"Artesanos del Pueblo M\u00e1gico de Metepec siguen demostrando su val\u00eda en cert\u00e1menes nacionales.\" width=\"1280\" height=\"776\" \/><figcaption id=\"caption-attachment-14901\" class=\"wp-caption-text\">Artesanos del Pueblo M\u00e1gico de Metepec siguen demostrando su val\u00eda en cert\u00e1menes nacionales.<\/figcaption><\/figure>\n<p class=\"m_-6847417494270406610gmail-yiv2326927669gmail-yiv5817611309msonormal\" style=\"text-align: justify;\"><b>Amealco de Bonfil, Quer\u00e9taro; 21 de noviembre de 2016. <\/b>Una vez m\u00e1s, artesanos metepequenses dieron muestra de su talento y se trajeron premios del Cuarto Concurso Nacional de Mu\u00f1ecas Artesanales, organizado por el ayuntamiento queretano en conjunto con el Fondo Nacional para el Fomento de las Artesan\u00edas (FONART).<\/p>\n<p class=\"m_-6847417494270406610gmail-yiv2326927669gmail-yiv5817611309msonormal\" style=\"text-align: justify;\">\u00a0\u00a0\u00a0\u00a0\u00a0\u00a0\u00a0\u00a0\u00a0\u00a0\u00a0 Se trata de los maestros, Said Tahuilan Aguilar y Mart\u00edn D\u00edaz Manjarrez, quienes obtuvieron \u00a0el primer lugar en la categor\u00eda de Alfarer\u00eda y menci\u00f3n honor\u00edfica, respectivamente.<\/p>\n<p class=\"m_-6847417494270406610gmail-yiv2326927669gmail-yiv5817611309msonormal\" style=\"text-align: justify;\">\u00a0\u00a0\u00a0\u00a0\u00a0\u00a0\u00a0\u00a0\u00a0\u00a0\u00a0 En lo que va de este a\u00f1o, el gobierno del alcalde David L\u00f3pez C\u00e1rdenas, ha brindado apoyos a casi 50 artistas, maestros del arte popular de Metepec, para que asistan, concursen o exhiban sus obras de arte en distintos cert\u00e1menes y foros del pa\u00eds e incluso del extranjero, contribuyendo con ello a poner en alto el nombre del municipio mexiquense conocido tambi\u00e9n como la Original Tierra del \u00c1rbol de la Vida.<\/p>\n","protected":false},"excerpt":{"rendered":"<p>Amealco de Bonfil, Quer\u00e9taro; 21 de noviembre de 2016. Una vez m\u00e1s, artesanos metepequenses dieron muestra de su talento y se trajeron premios del Cuarto Concurso Nacional de Mu\u00f1ecas Artesanales, organizado por el ayuntamiento queretano en conjunto con el Fondo Nacional para el Fomento de las Artesan\u00edas (FONART). \u00a0\u00a0\u00a0\u00a0\u00a0\u00a0\u00a0\u00a0\u00a0\u00a0\u00a0 Se trata de los maestros, Said [&hellip;]<\/p>\n","protected":false},"author":2,"featured_media":14901,"comment_status":"open","ping_status":"open","sticky":false,"template":"","format":"standard","meta":{"footnotes":""},"categories":[16,5,1],"tags":[8045,8046,2806,8047,8048],"class_list":{"0":"post-14900","1":"post","2":"type-post","3":"status-publish","4":"format-standard","5":"has-post-thumbnail","7":"category-foto","8":"category-nota-informativa","9":"category-uncategorized","10":"tag-artesanos-de-metepec","11":"tag-cuarto-concurso-nacional-de-munecas-artesanales","12":"tag-david-lopez-cardenas","13":"tag-premios-para-artesanos","14":"tag-tierra-del-arbol-de-la-vida"},"wps_subtitle":"","_links":{"self":[{"href":"https:\/\/www.porlalibreedomex.com\/index.php?rest_route=\/wp\/v2\/posts\/14900","targetHints":{"allow":["GET"]}}],"collection":[{"href":"https:\/\/www.porlalibreedomex.com\/index.php?rest_route=\/wp\/v2\/posts"}],"about":[{"href":"https:\/\/www.porlalibreedomex.com\/index.php?rest_route=\/wp\/v2\/types\/post"}],"author":[{"embeddable":true,"href":"https:\/\/www.porlalibreedomex.com\/index.php?rest_route=\/wp\/v2\/users\/2"}],"replies":[{"embeddable":true,"href":"https:\/\/www.porlalibreedomex.com\/index.php?rest_route=%2Fwp%2Fv2%2Fcomments&post=14900"}],"version-history":[{"count":0,"href":"https:\/\/www.porlalibreedomex.com\/index.php?rest_route=\/wp\/v2\/posts\/14900\/revisions"}],"wp:featuredmedia":[{"embeddable":true,"href":"https:\/\/www.porlalibreedomex.com\/index.php?rest_route=\/"}],"wp:attachment":[{"href":"https:\/\/www.porlalibreedomex.com\/index.php?rest_route=%2Fwp%2Fv2%2Fmedia&parent=14900"}],"wp:term":[{"taxonomy":"category","embeddable":true,"href":"https:\/\/www.porlalibreedomex.com\/index.php?rest_route=%2Fwp%2Fv2%2Fcategories&post=14900"},{"taxonomy":"post_tag","embeddable":true,"href":"https:\/\/www.porlalibreedomex.com\/index.php?rest_route=%2Fwp%2Fv2%2Ftags&post=14900"}],"curies":[{"name":"wp","href":"https:\/\/api.w.org\/{rel}","templated":true}]}}