{"id":14897,"date":"2016-11-22T18:16:06","date_gmt":"2016-11-23T03:16:06","guid":{"rendered":"http:\/\/porlalibre.info\/?p=14897"},"modified":"2016-11-22T18:16:06","modified_gmt":"2016-11-23T03:16:06","slug":"el-codigo-de-etica-en-vigor-debe-ser-respetado-por-todas-y-todos-los-diputados-federales-carolina-monroy","status":"publish","type":"post","link":"https:\/\/www.porlalibreedomex.com\/?p=14897","title":{"rendered":"EL C\u00d3DIGO DE \u00c9TICA EN VIGOR DEBE SER RESPETADO POR TODAS Y TODOS LOS DIPUTADOS FEDERALES: CAROLINA MONROY"},"content":{"rendered":"<figure id=\"attachment_14898\" aria-describedby=\"caption-attachment-14898\" style=\"width: 300px\" class=\"wp-caption aligncenter\"><img loading=\"lazy\" decoding=\"async\" class=\"size-medium wp-image-14898\" src=\"http:\/\/porlalibre.info\/wp-content\/uploads\/2016\/11\/Carolina-Monroy-C\u00f3digo-de-\u00c9tica-300x200.jpg\" alt=\"OBLIGADOS. Carolina Monroy del Mazo, secretaria general del PRI y Diputada Federal, expres\u00f3 que el C\u00f3digo de \u00c9tica de la legislatura es para respetarse. \" width=\"300\" height=\"200\" \/><figcaption id=\"caption-attachment-14898\" class=\"wp-caption-text\">OBLIGADOS. Carolina Monroy del Mazo, secretaria general del PRI y Diputada Federal, expres\u00f3 que el C\u00f3digo de \u00c9tica de la legislatura es para respetarse.<\/figcaption><\/figure>\n<p class=\"m_-6505544882546954034m_-4794126111375572429gmail-m_-7306631290321113633m_3785560103787669906m_1260173144219799111gmail-MsoNormalCxSpMiddle\" align=\"center\">\n<p class=\"m_-6505544882546954034m_-4794126111375572429gmail-m_-7306631290321113633m_3785560103787669906m_1260173144219799111gmail-MsoNormalCxSpMiddle\" style=\"text-align: justify;\">La diputada por el Estado de M\u00e9xico, Carolina Monroy, dijo que la conducta de las y los diputados ya est\u00e1 normada en el C\u00f3digo de \u00c9tica y Conducta Parlamentaria y \u00e9ste \u201cdebe acatarse, independientemente de que exista o no el \u00f3rgano encargado de sancionar su incumplimiento,\u201d afirm\u00f3 al t\u00e9rmino de la sesi\u00f3n de este d\u00eda.<\/p>\n<p class=\"m_-6505544882546954034m_-4794126111375572429gmail-m_-7306631290321113633m_3785560103787669906m_1260173144219799111gmail-MsoNormalCxSpMiddle\" style=\"text-align: justify;\">\u00a0Aclar\u00f3 que el C\u00f3digo de \u00c9tica de la C\u00e1mara de Diputados entr\u00f3 en vigor el pasado 10 de mayo, d\u00eda en fue que publicado en el Diario Oficial de la Federaci\u00f3n, \u201cpor tanto es obligatoria la estricta observancia de sus preceptos, independientemente de que exista o no el Comit\u00e9 encargado de vigilar su cumplimiento y aplicar sanciones cuando as\u00ed sea necesario\u201d, reiter\u00f3 la legisladora mexiquense.<\/p>\n<p class=\"m_-6505544882546954034m_-4794126111375572429gmail-m_-7306631290321113633m_3785560103787669906m_1260173144219799111gmail-MsoNormalCxSpMiddle\" style=\"text-align: justify;\">\u00a0Carolina Monroy, se\u00f1al\u00f3 que el primer gran reto fue lograr la aprobaci\u00f3n del C\u00f3digo de \u00c9tica Parlamentaria en el Pleno de la C\u00e1mara; el siguiente paso, dijo, es la conformaci\u00f3n del Comit\u00e9 de \u00c9tica Parlamentaria, encargado de promover los valores y principios \u00e9ticos de la pr\u00e1ctica parlamentaria.<\/p>\n<p class=\"m_-6505544882546954034m_-4794126111375572429gmail-m_-7306631290321113633m_3785560103787669906m_1260173144219799111gmail-MsoNormalCxSpMiddle\" style=\"text-align: justify;\">\u00a0Dijo que el proceso de la conformaci\u00f3n del comit\u00e9 se encuentra en an\u00e1lisis en la Junta de Coordinaci\u00f3n Pol\u00edtica, y expres\u00f3 su confianza \u201cen que muy pronto se d\u00e9 cause a la necesidad de integrarlo y dar inicio a sus funciones.\u201d<\/p>\n<p class=\"m_-6505544882546954034m_-4794126111375572429gmail-m_-7306631290321113633m_3785560103787669906m_1260173144219799111gmail-MsoNormalCxSpMiddle\" style=\"text-align: justify;\">\u00a0Es inter\u00e9s del grupo parlamentario del PRI contar con este instrumento legal, \u201cpues por ello lo impulsamos; la integraci\u00f3n del Comit\u00e9 no debe politizarse, al ser responsabilidad de todos los integrantes de la Legislatura garantizar una conducta que responda a la confianza de la ciudadan\u00eda y dignifique nuestra labor\u201d, concluy\u00f3.<\/p>\n","protected":false},"excerpt":{"rendered":"<p>La diputada por el Estado de M\u00e9xico, Carolina Monroy, dijo que la conducta de las y los diputados ya est\u00e1 normada en el C\u00f3digo de \u00c9tica y Conducta Parlamentaria y \u00e9ste \u201cdebe acatarse, independientemente de que exista o no el \u00f3rgano encargado de sancionar su incumplimiento,\u201d afirm\u00f3 al t\u00e9rmino de la sesi\u00f3n de este d\u00eda. [&hellip;]<\/p>\n","protected":false},"author":2,"featured_media":14898,"comment_status":"open","ping_status":"open","sticky":false,"template":"","format":"standard","meta":{"footnotes":""},"categories":[16,5,1],"tags":[104,8043,8044],"class_list":{"0":"post-14897","1":"post","2":"type-post","3":"status-publish","4":"format-standard","5":"has-post-thumbnail","7":"category-foto","8":"category-nota-informativa","9":"category-uncategorized","10":"tag-carolina-monroy-del-mazo","11":"tag-codigo-de-etica-para-diputados-federales","12":"tag-grupo-parlamentario-del-pri"},"wps_subtitle":"","_links":{"self":[{"href":"https:\/\/www.porlalibreedomex.com\/index.php?rest_route=\/wp\/v2\/posts\/14897","targetHints":{"allow":["GET"]}}],"collection":[{"href":"https:\/\/www.porlalibreedomex.com\/index.php?rest_route=\/wp\/v2\/posts"}],"about":[{"href":"https:\/\/www.porlalibreedomex.com\/index.php?rest_route=\/wp\/v2\/types\/post"}],"author":[{"embeddable":true,"href":"https:\/\/www.porlalibreedomex.com\/index.php?rest_route=\/wp\/v2\/users\/2"}],"replies":[{"embeddable":true,"href":"https:\/\/www.porlalibreedomex.com\/index.php?rest_route=%2Fwp%2Fv2%2Fcomments&post=14897"}],"version-history":[{"count":0,"href":"https:\/\/www.porlalibreedomex.com\/index.php?rest_route=\/wp\/v2\/posts\/14897\/revisions"}],"wp:featuredmedia":[{"embeddable":true,"href":"https:\/\/www.porlalibreedomex.com\/index.php?rest_route=\/"}],"wp:attachment":[{"href":"https:\/\/www.porlalibreedomex.com\/index.php?rest_route=%2Fwp%2Fv2%2Fmedia&parent=14897"}],"wp:term":[{"taxonomy":"category","embeddable":true,"href":"https:\/\/www.porlalibreedomex.com\/index.php?rest_route=%2Fwp%2Fv2%2Fcategories&post=14897"},{"taxonomy":"post_tag","embeddable":true,"href":"https:\/\/www.porlalibreedomex.com\/index.php?rest_route=%2Fwp%2Fv2%2Ftags&post=14897"}],"curies":[{"name":"wp","href":"https:\/\/api.w.org\/{rel}","templated":true}]}}