{"id":14894,"date":"2016-11-21T16:06:27","date_gmt":"2016-11-22T01:06:27","guid":{"rendered":"http:\/\/porlalibre.info\/?p=14894"},"modified":"2016-11-21T16:06:27","modified_gmt":"2016-11-22T01:06:27","slug":"un-exito-la-carrera-night-race-all-you-need-is-run-para-becar-a-mas-universitarios","status":"publish","type":"post","link":"https:\/\/www.porlalibreedomex.com\/?p=14894","title":{"rendered":"Un \u00e9xito la carrera \u00abNight Race All You Need Is Run\u00bb para becar a m\u00e1s universitarios."},"content":{"rendered":"<p align=\"center\"><b><span lang=\"ES-TRAD\"><span style=\"color: #000000;\">\u00a0<\/span><\/span><\/b><\/p>\n<figure id=\"attachment_14895\" aria-describedby=\"caption-attachment-14895\" style=\"width: 640px\" class=\"wp-caption aligncenter\"><img loading=\"lazy\" decoding=\"async\" class=\"size-full wp-image-14895\" src=\"http:\/\/porlalibre.info\/wp-content\/uploads\/2016\/11\/comun-0972-4.png\" alt=\"Con la finalidad de recaudar fondos para becar a los estudiantes de la UAEM con los mejores promedios y escasos recursos y que puedan culminar satisfactoriamente sus estudios, la Fundaci\u00f3n UAEM\u00e9x realiz\u00f3 la Carrera Atl\u00e9tica &quot;Night Race All You Need Is Run&quot;, en la que particip\u00f3 el rector Jorge Olvera Garc\u00eda.\" width=\"640\" height=\"428\" \/><figcaption id=\"caption-attachment-14895\" class=\"wp-caption-text\">Con la finalidad de recaudar fondos para becar a los estudiantes de la UAEM con los mejores promedios y escasos recursos y que puedan culminar satisfactoriamente sus estudios, la Fundaci\u00f3n UAEM\u00e9x realiz\u00f3 la Carrera Atl\u00e9tica \u00abNight Race All You Need Is Run\u00bb, en la que particip\u00f3 el rector Jorge Olvera Garc\u00eda.<\/figcaption><\/figure>\n<p align=\"center\"><b><\/b><b><span lang=\"ES-TRAD\"><span style=\"color: #000000;\">\u00a0<\/span><\/span><\/b><\/p>\n<ul>\n<li><i><span lang=\"ES-TRAD\">Al dar el banderazo de salida de este evento deportivo, el rector de la UAEM, Jorge Olvera Garc\u00eda, detall\u00f3 que el deporte es un una actividad\u00a0de suma importancia, por su car\u00e1cter cohesionador, motivo por el cual su promoci\u00f3n debe ser permanente en todas las esferas de la sociedad.<\/span><\/i><\/li>\n<li><span lang=\"ES-TRAD\"><span style=\"color: #000000;\">\u00a0\u00a0<\/span><\/span><i><span lang=\"ES-TRAD\">Participaci\u00f3n de m\u00e1s de mil 300 corredores que recorrieron 4 y 8 kil\u00f3metros.<\/span><\/i><\/li>\n<\/ul>\n<p style=\"text-align: justify;\"><i><span lang=\"ES-TRAD\"><span style=\"color: #000000; font-family: 'Times New Roman'; font-size: medium;\"><br \/>\n<\/span><\/span><\/i><span lang=\"ES-TRAD\"><span style=\"font-size: medium;\">Con la finalidad de recaudar fondos para becar a los estudiantes de la Universidad Aut\u00f3noma del Estado de M\u00e9xico con los mejores promedios y escasos recursos y que puedan culminar satisfactoriamente sus estudios, la Fundaci\u00f3n UAEM\u00e9x realiz\u00f3 la Carrera Atl\u00e9tica \u00abNight Race All You Need Is Run\u00bb, en la que particip\u00f3 el rector Jorge Olvera Garc\u00eda.<\/span><\/span><\/p>\n<p style=\"text-align: justify;\"><span lang=\"ES-TRAD\"><span style=\"font-size: medium;\">Antes de dar el banderazo de salida de este evento deportivo, que cont\u00f3 con la participaci\u00f3n de m\u00e1s de mil 300 corredores que recorrieron 4 y 8 kil\u00f3metros, Olvera Garc\u00eda, acompa\u00f1ado por titulares de la secretar\u00edas de la Administraci\u00f3n Central, detall\u00f3 que el deporte es un una actividad\u00a0de suma importancia, por su car\u00e1cter cohesionador, motivo por el cual su promoci\u00f3n debe ser permanente en todas las esferas de la sociedad.<\/span><\/span><\/p>\n<p style=\"text-align: justify;\"><span lang=\"ES-TRAD\"><span style=\"font-size: medium;\">\u00a0En la Glorieta del \u00c1guila de la capital mexiquense, donde tuvo su punto de salida y meta esta competencia, y ante el secretario de Rector\u00eda de la instituci\u00f3n, Hiram Ra\u00fal Pi\u00f1a Libien, la directora ejecutiva de la Fundaci\u00f3n UAEM\u00e9x, Mariana S\u00e1nchez Garay, inform\u00f3 que los recursos recabados permitir\u00e1n entregar becas de movilidad nacional e internacional.<\/span><\/span><\/p>\n<p style=\"text-align: justify;\"><span lang=\"ES-TRAD\"><span style=\"font-size: medium;\">Los ganadores de los tres primeros lugares en la competencia de 4 kil\u00f3metros fueron Yahir Onofre Escobar, Emanuel Hern\u00e1ndez Salazar y Daniel Ju\u00e1rez S\u00e1nchez, as\u00ed como Guadalupe Z\u00e1rate Garc\u00eda, Jessica Gonz\u00e1lez Garc\u00eda y M\u00f3nica Mondrag\u00f3n.<\/span><\/span><\/p>\n<p style=\"text-align: justify;\"><span lang=\"ES-TRAD\"><span style=\"font-size: medium;\">Los tres primero lugares de la competencia de 8 kil\u00f3metros, en la Categor\u00eda Juvenil, los obtuvieron Mauricio Guadalupe G\u00f3mez, Luis\u00a0Villanueva Mej\u00eda y Camilo Gil Alc\u00e1ntara, as\u00ed como Sof\u00eda Quintero Hern\u00e1ndez, Flor Velasco Ch\u00e1vez y Mar\u00eda del Carmen Morales Cruz.<\/span><\/span><\/p>\n<p style=\"text-align: justify;\"><span lang=\"ES-TRAD\"><span style=\"font-size: medium;\">Los ganadores de esta misma distancia, Categor\u00eda M\u00e1ster, fueron Iv\u00e1n Salido Mendoza, Isaac Garc\u00eda y Marco Antonio Figueroa Villegas, as\u00ed como Vladimira Palma Linares, Leticia P\u00e9rez Morales y Alejandra Urbani Fern\u00e1ndez.<\/span><\/span><\/p>\n<p style=\"text-align: justify;\"><span lang=\"ES-TRAD\"><span style=\"font-size: medium;\">En la Categor\u00eda Libre los triunfadores fueron Luis Pesquera, Juan Pablo Fern\u00e1ndez Mendoza y Carlos D\u00edaz Miranda; Andrea Ram\u00edrez, Isabel Fuentes \u00c1ngeles y Yanani S\u00e1nchez Hern\u00e1ndez.<\/span><\/span><\/p>\n<p style=\"text-align: justify;\"><span lang=\"ES-TRAD\"><span style=\"font-size: medium;\">Mientras que en la Categor\u00eda Veteranos, los ganadores fueron Adalberto Santamar\u00eda Gonz\u00e1lez, Gustavo\u00a0Hern\u00e1ndez Gonz\u00e1lez y Gilberto Fragoso Serb\u00f3n; Yolanda Luna Luna, Rosa Nieto G\u00f3mez y Blanca Salgado Carbajal.<\/span><\/span><\/p>\n<p style=\"text-align: justify;\"><span lang=\"ES-TRAD\"><span style=\"font-size: medium;\">Al final de \u00abNight Race All You Need Is Run\u00bb, que fue amenizada en todo momento, por la Orquesta Sinf\u00f3nica Juvenil de la Universidad Aut\u00f3noma del Estado de M\u00e9xico, bajo la direcci\u00f3n de Hilda Saquicoray \u00c1vila, la Fundaci\u00f3n UAEM\u00e9x rif\u00f3 dos motonetas, una entre los ganadores de la competencia en las dos distancias y la otra entre el resto de los participantes.<\/span><\/span><\/p>\n","protected":false},"excerpt":{"rendered":"<p>\u00a0 \u00a0 Al dar el banderazo de salida de este evento deportivo, el rector de la UAEM, Jorge Olvera Garc\u00eda, detall\u00f3 que el deporte es un una actividad\u00a0de suma importancia, por su car\u00e1cter cohesionador, motivo por el cual su promoci\u00f3n debe ser permanente en todas las esferas de la sociedad. \u00a0\u00a0Participaci\u00f3n de m\u00e1s de mil [&hellip;]<\/p>\n","protected":false},"author":2,"featured_media":14895,"comment_status":"open","ping_status":"open","sticky":false,"template":"","format":"standard","meta":{"footnotes":""},"categories":[16,5,1],"tags":[900,8042,35],"class_list":{"0":"post-14894","1":"post","2":"type-post","3":"status-publish","4":"format-standard","5":"has-post-thumbnail","7":"category-foto","8":"category-nota-informativa","9":"category-uncategorized","10":"tag-becas-para-universitarios","11":"tag-carrera-atletica-night-race-all-you-need-is-run","12":"tag-rector-jorge-olvera-garcia"},"wps_subtitle":"","_links":{"self":[{"href":"https:\/\/www.porlalibreedomex.com\/index.php?rest_route=\/wp\/v2\/posts\/14894","targetHints":{"allow":["GET"]}}],"collection":[{"href":"https:\/\/www.porlalibreedomex.com\/index.php?rest_route=\/wp\/v2\/posts"}],"about":[{"href":"https:\/\/www.porlalibreedomex.com\/index.php?rest_route=\/wp\/v2\/types\/post"}],"author":[{"embeddable":true,"href":"https:\/\/www.porlalibreedomex.com\/index.php?rest_route=\/wp\/v2\/users\/2"}],"replies":[{"embeddable":true,"href":"https:\/\/www.porlalibreedomex.com\/index.php?rest_route=%2Fwp%2Fv2%2Fcomments&post=14894"}],"version-history":[{"count":0,"href":"https:\/\/www.porlalibreedomex.com\/index.php?rest_route=\/wp\/v2\/posts\/14894\/revisions"}],"wp:featuredmedia":[{"embeddable":true,"href":"https:\/\/www.porlalibreedomex.com\/index.php?rest_route=\/"}],"wp:attachment":[{"href":"https:\/\/www.porlalibreedomex.com\/index.php?rest_route=%2Fwp%2Fv2%2Fmedia&parent=14894"}],"wp:term":[{"taxonomy":"category","embeddable":true,"href":"https:\/\/www.porlalibreedomex.com\/index.php?rest_route=%2Fwp%2Fv2%2Fcategories&post=14894"},{"taxonomy":"post_tag","embeddable":true,"href":"https:\/\/www.porlalibreedomex.com\/index.php?rest_route=%2Fwp%2Fv2%2Ftags&post=14894"}],"curies":[{"name":"wp","href":"https:\/\/api.w.org\/{rel}","templated":true}]}}