{"id":14871,"date":"2016-11-21T19:11:44","date_gmt":"2016-11-22T04:11:44","guid":{"rendered":"http:\/\/porlalibre.info\/?p=14871"},"modified":"2016-11-21T19:11:44","modified_gmt":"2016-11-22T04:11:44","slug":"alebrijes-en-cuadratines-veracruz","status":"publish","type":"post","link":"https:\/\/www.porlalibreedomex.com\/?p=14871","title":{"rendered":"ALEBRIJES EN CUADRATINES- VERACRUZ"},"content":{"rendered":"<figure id=\"attachment_14872\" aria-describedby=\"caption-attachment-14872\" style=\"width: 858px\" class=\"wp-caption aligncenter\"><img loading=\"lazy\" decoding=\"async\" class=\"size-full wp-image-14872\" src=\"http:\/\/porlalibre.info\/wp-content\/uploads\/2016\/11\/javier-duarte-renuncia-cuartoscuro.jpeg\" alt=\"El pr\u00f3fugo (Cuartoscuro-archivo)\" width=\"858\" height=\"569\" \/><figcaption id=\"caption-attachment-14872\" class=\"wp-caption-text\">El pr\u00f3fugo (Cuartoscuro-archivo)<\/figcaption><\/figure>\n<p>Alebrijes en Cuadratines<\/p>\n<p>Riesgo social en Veracruz<\/p>\n<p>por. Adri\u00e1n Chavarr\u00eda Espinosa<\/p>\n<p><a href=\"mailto:ache57@yahoo.com.mx\">ache57@yahoo.com.mx<\/a><\/p>\n<p>La p\u00e9sima administraci\u00f3n de Javier Duarte en el gobierno del estado de Veracruz, donde ya se habla de miles de millones de recursos p\u00fablicos que fueron desviados en actos de corrupci\u00f3n, ha generado una serie de situaciones que ponen en riesgo la estabilidad social en esa entidad, lo cual ser\u00e1 una verdadera prueba para el gobierno que encabezar\u00e1 Miguel \u00c1ngel Yunes a partir del pr\u00f3ximo primero de diciembre.<\/p>\n<p>A Duarte, quien se burl\u00f3 de toda la sociedad al dar a conocer una declaraci\u00f3n de 3 de 3 sumamente ama\u00f1ada, donde afirmaba no tener grandes propiedades y presumir modestos ahorros, donde de lo declarado afirmaba de propiedades declaradas que ni siquiera eran producto de su trabajo sino de herencias y regalos, pero finalmente ya se le han detectado varias propiedades, entre ellas residencias de lujo en varios puntos del pa\u00eds.<\/p>\n<p>De acuerdo a lo reportado por la Auditor\u00eda Superior de la Federaci\u00f3n (ASF), los desv\u00edos de los recursos de origen federal en esa administraci\u00f3n ya son hist\u00f3ricos, pues no se hab\u00edan registrado montos tan altos desde el a\u00f1o 2000 cuando se cre\u00f3.<\/p>\n<p>Juan Manuel Portal, titular de la ASF, inform\u00f3 que el gobernador con licencia tiene al menos siete denuncias en su contra en la Procuradur\u00eda General de la Rep\u00fablica por la desaparici\u00f3n de recursos para obra p\u00fablica, entre ellas por irregularidades en las cuentas p\u00fablicas desde el 2011 y hasta el 2014; en su mayor\u00eda por la simulaci\u00f3n de reintegros, sin descartar lo que se detecte de los dos \u00faltimos a\u00f1os de la administraci\u00f3n de Duarte.<\/p>\n<p>En total, ya son m\u00e1s de 60 las denuncias presentadas ante la PGR por irregularidades en el manejo de recursos federales, donde seg\u00fan c\u00e1lculos de la ASF, se estima que el da\u00f1o patrimonial causado al erario supera los 60 mil millones de pesos, solo de partidas federales.<\/p>\n<p>Pero, insisto, tambi\u00e9n falta por calcular a cu\u00e1nto ascender\u00e1n los da\u00f1os de los recursos del orden estatal, que son cuenta aparte, donde una vez que Yunes asuma el Poder Ejecutivo estatal en Veracruz e inicien las correspondientes auditor\u00edas en las cuentas estatalesm se podr\u00e1 tener una idea de a cu\u00e1nto ascienden los da\u00f1os.<\/p>\n<p>Pero no es necesario esperar hasta el primero de diciembre para conocer las negativas consecuencias de las actividades il\u00edcitas de Javier Duarte, ya que la falta de recursos se ha hecho evidente mediante protestas e inconformidades en varios niveles, que van desde la toma de edificios p\u00fablicos, manifestaciones y paros de actividades en servicios p\u00fablicos, donde los principales afectados son los sectores menos favorecidos.<\/p>\n<p>Por un lado presidentes municipales demandan se les cubran las partidas federales que se les adeudan, a fin de cubrir gastos de primera necesidad relativos tanto a sueldos de servidores p\u00fablicos, como para cubrir gastos de obras y servicios.<\/p>\n<p>Por otro, trabajadores que demandan se les paguen salarios y prestaciones, as\u00ed como elementos para desarrollar sus labores como ser\u00eda el caso de los servidores del sector salud, quienes incluso ha dejado de atender las consultas normales y \u00fanicamente atender casos de emergencia, lo cual afecta a gran cantidad de personas.<\/p>\n<p>Seg\u00fan las autoridades federales son intensas las investigaciones para ubicar y detener a Duarte, a fin de que responda ante las autoridades correspondientes de todos los il\u00edcitos que se le imputan, pero donde de antemano ya existe un veredicto socialmente negativo en su contra, ya que adem\u00e1s de la burla de su presunta declaraci\u00f3n, se suma el anuncio de que enfrentar\u00eda las acusaciones en su contra para limpiar su nombre y, lo primero que hizo fue esfumarse.<\/p>\n<p>Particularmente sostengo la idea de que se conoce el paradero de Duarte, pero se est\u00e1 a la espera de la conclusi\u00f3n formal de su periodo administrativo para ser detenido, ya que al hacerlo antes existir\u00eda el riesgo de anul\u00e1rsele todo el proceso bajo el argumento de gozar a\u00fan de su fuero como mandatario estatal, lo cual quedar\u00e1 superado a partir del primero de diciembre.<\/p>\n<p>Mientras, quien deber\u00e1 enfrentar una situaci\u00f3n delicada ser\u00e1 el todav\u00eda gobernador electo Yunes, quien ha solicitado apoyo a la federaci\u00f3n al argumentar que requiere de al menos 20 mil millones de pesos para enfrentar las primeras necesidades en su gobierno, pero esos recursos no existen y se desconoce de d\u00f3nde se podr\u00edan obtener.<\/p>\n<p>De esta forma el inicio de la nueva administraci\u00f3n no resulta nada sencillo.<\/p>\n<p>Es necesario que las autoridades federales incauten todas las propiedades mal habidas de Duarte, llevarlas a remate y reponer en la medida de lo posible los recursos al erario veracruzano, para resarcir parte de los da\u00f1os econ\u00f3micos causados.<\/p>\n<p>Pero, tambi\u00e9n, investigar a los otros exmandatarios con irregularidades en sus labores, como el caso de Roberto Borge Angulo, a quien ya se le empezaron a conocer ventas il\u00edcitas de terrenos estatales, pero tambi\u00e9n est\u00e1n otros m\u00e1s, sin omitir que en el caso del sonorense Guillermo Padr\u00e9s deber\u00e1 seguirse hasta el fondo.<\/p>\n<p>De otra manera no se podr\u00e1 tener la confianza ciudadana en sus autoridades, lo cual de ninguna forma es recomendable para el bien presente y futuro de todo el pa\u00eds.<\/p>\n<p>&nbsp;<\/p>\n","protected":false},"excerpt":{"rendered":"<p>Alebrijes en Cuadratines Riesgo social en Veracruz por. Adri\u00e1n Chavarr\u00eda Espinosa ache57@yahoo.com.mx La p\u00e9sima administraci\u00f3n de Javier Duarte en el gobierno del estado de Veracruz, donde ya se habla de miles de millones de recursos p\u00fablicos que fueron desviados en actos de corrupci\u00f3n, ha generado una serie de situaciones que ponen en riesgo la estabilidad [&hellip;]<\/p>\n","protected":false},"author":2,"featured_media":0,"comment_status":"open","ping_status":"open","sticky":false,"template":"","format":"standard","meta":{"footnotes":""},"categories":[1107,23,1],"tags":[150,261],"class_list":{"0":"post-14871","1":"post","2":"type-post","3":"status-publish","4":"format-standard","6":"category-articulo","7":"category-columna","8":"category-uncategorized","9":"tag-adrian-chavarria","10":"tag-alebrijes-en-cuadratines"},"wps_subtitle":"","_links":{"self":[{"href":"https:\/\/www.porlalibreedomex.com\/index.php?rest_route=\/wp\/v2\/posts\/14871","targetHints":{"allow":["GET"]}}],"collection":[{"href":"https:\/\/www.porlalibreedomex.com\/index.php?rest_route=\/wp\/v2\/posts"}],"about":[{"href":"https:\/\/www.porlalibreedomex.com\/index.php?rest_route=\/wp\/v2\/types\/post"}],"author":[{"embeddable":true,"href":"https:\/\/www.porlalibreedomex.com\/index.php?rest_route=\/wp\/v2\/users\/2"}],"replies":[{"embeddable":true,"href":"https:\/\/www.porlalibreedomex.com\/index.php?rest_route=%2Fwp%2Fv2%2Fcomments&post=14871"}],"version-history":[{"count":0,"href":"https:\/\/www.porlalibreedomex.com\/index.php?rest_route=\/wp\/v2\/posts\/14871\/revisions"}],"wp:attachment":[{"href":"https:\/\/www.porlalibreedomex.com\/index.php?rest_route=%2Fwp%2Fv2%2Fmedia&parent=14871"}],"wp:term":[{"taxonomy":"category","embeddable":true,"href":"https:\/\/www.porlalibreedomex.com\/index.php?rest_route=%2Fwp%2Fv2%2Fcategories&post=14871"},{"taxonomy":"post_tag","embeddable":true,"href":"https:\/\/www.porlalibreedomex.com\/index.php?rest_route=%2Fwp%2Fv2%2Ftags&post=14871"}],"curies":[{"name":"wp","href":"https:\/\/api.w.org\/{rel}","templated":true}]}}